{"id":2030,"date":"2015-07-09T15:32:14","date_gmt":"2015-07-09T18:32:14","guid":{"rendered":"http:\/\/blogdoeloiltoncajuhy.com.br\/site\/?p=2030"},"modified":"2015-07-09T15:33:37","modified_gmt":"2015-07-09T18:33:37","slug":"bandido-que-atira-para-matar-tem-que-tomar-tiro-para-morrer-diz-delegado-coordenador-de-jacobina","status":"publish","type":"post","link":"https:\/\/blogdoeloiltoncajuhy.com.br\/site\/bandido-que-atira-para-matar-tem-que-tomar-tiro-para-morrer-diz-delegado-coordenador-de-jacobina\/","title":{"rendered":"\u201cBandido que atira para matar tem que tomar tiro para morrer\u201d, diz Delegado Coordenador de Jacobina"},"content":{"rendered":"<p><em><strong>Declara\u00e7\u00e3o foi feita durante entrevista coletiva<\/strong><\/em><\/p>\n<figure id=\"attachment_2031\" aria-describedby=\"caption-attachment-2031\" style=\"width: 550px\" class=\"wp-caption aligncenter\"><a href=\"https:\/\/i0.wp.com\/blogdoeloiltoncajuhy.com.br\/site\/wp-content\/uploads\/2015\/07\/Delegado.jpg\"><img data-recalc-dims=\"1\" fetchpriority=\"high\" decoding=\"async\" class=\"wp-image-2031 size-full\" src=\"https:\/\/i0.wp.com\/blogdoeloiltoncajuhy.com.br\/site\/wp-content\/uploads\/2015\/07\/Delegado.jpg?resize=550%2C320\" alt=\"Delegado mandou um recado para os marginais da regi\u00e3o Foto: Site Di\u00e1rio daa Chapada\" width=\"550\" height=\"320\" srcset=\"https:\/\/i0.wp.com\/blogdoeloiltoncajuhy.com.br\/site\/wp-content\/uploads\/2015\/07\/Delegado.jpg?w=550&amp;ssl=1 550w, https:\/\/i0.wp.com\/blogdoeloiltoncajuhy.com.br\/site\/wp-content\/uploads\/2015\/07\/Delegado.jpg?resize=300%2C175&amp;ssl=1 300w, https:\/\/i0.wp.com\/blogdoeloiltoncajuhy.com.br\/site\/wp-content\/uploads\/2015\/07\/Delegado.jpg?resize=250%2C145&amp;ssl=1 250w\" sizes=\"(max-width: 550px) 100vw, 550px\" \/><\/a><figcaption id=\"caption-attachment-2031\" class=\"wp-caption-text\">Delegado mandou um recado para os marginais da regi\u00e3o Foto: Site Di\u00e1rio daa Chapada<\/figcaption><\/figure>\n<p>O Delegado Coordenador da 16\u00aa Coordenadoria Regional de Pol\u00edcia do Interior (COORPIN) de Jacobina deu uma declara\u00e7\u00e3o forte e mandou um recado para os marginais.\u201cBandido que atira para matar tem que tomar tiro para morrer\u201d disse Dr. Eduardo Brito.<\/p>\n<p>Em entrevista coletiva o delegado destacou a brilhante atua\u00e7\u00e3o e de toda sua equipe que vem elucidando v\u00e1rios crimes na cidade e na regi\u00e3o.<\/p>\n<p>Conforme informa\u00e7\u00f5es do Site Di\u00e1rio da Chapada, foi realizada a apresenta\u00e7\u00e3o de duas pessoas presas como resultado de opera\u00e7\u00f5es realizadas neste \u00faltimo fim de semana. O elemento M\u00e1rcio Tarc\u00edsio Teixeira da Silva, confessou ser o autor do homic\u00eddio praticado contra Fabiano da Silva, no distrito de Itaitu que pertence ao munic\u00edpio de Jacobina.<\/p>\n<p>Mais um elemento foi apresentado: Vagner Barbosa Alves de Oliveira, foi preso na cidade de Ca\u00e9m sob acusa\u00e7\u00e3o de tr\u00e1fico de drogas.<\/p>\n<p><em>*Varela Not\u00edcias<\/em><\/p>\n","protected":false},"excerpt":{"rendered":"<p>Declara\u00e7\u00e3o foi feita durante entrevista coletiva O Delegado Coordenador da 16\u00aa Coordenadoria Regional de Pol\u00edcia do Interior (COORPIN) de Jacobina deu uma declara\u00e7\u00e3o forte e mandou um recado para os marginais.\u201cBandido que atira para matar tem que tomar tiro para morrer\u201d disse Dr. Eduardo Brito. Em entrevista coletiva o delegado destacou a brilhante atua\u00e7\u00e3o e [&hellip;]<\/p>\n","protected":false},"author":2,"featured_media":2031,"comment_status":"open","ping_status":"open","sticky":false,"template":"","format":"standard","meta":{"_acf_changed":false,"_monsterinsights_skip_tracking":false,"_monsterinsights_sitenote_active":false,"_monsterinsights_sitenote_note":"","_monsterinsights_sitenote_category":0,"_jetpack_memberships_contains_paid_content":false,"footnotes":"","jetpack_publicize_message":"","jetpack_publicize_feature_enabled":true,"jetpack_social_post_already_shared":true,"jetpack_social_options":{"image_generator_settings":{"template":"highway","default_image_id":0,"font":"","enabled":false},"version":2}},"categories":[5,1,11],"tags":[],"class_list":["post-2030","post","type-post","status-publish","format-standard","has-post-thumbnail","hentry","category-cotidiano","category-noticias","category-regional"],"acf":[],"jetpack_publicize_connections":[],"jetpack_featured_media_url":"https:\/\/i0.wp.com\/blogdoeloiltoncajuhy.com.br\/site\/wp-content\/uploads\/2015\/07\/Delegado.jpg?fit=550%2C320&ssl=1","jetpack_sharing_enabled":true,"publishpress_future_workflow_manual_trigger":{"enabledWorkflows":[]},"_links":{"self":[{"href":"https:\/\/blogdoeloiltoncajuhy.com.br\/site\/wp-json\/wp\/v2\/posts\/2030","targetHints":{"allow":["GET"]}}],"collection":[{"href":"https:\/\/blogdoeloiltoncajuhy.com.br\/site\/wp-json\/wp\/v2\/posts"}],"about":[{"href":"https:\/\/blogdoeloiltoncajuhy.com.br\/site\/wp-json\/wp\/v2\/types\/post"}],"author":[{"embeddable":true,"href":"https:\/\/blogdoeloiltoncajuhy.com.br\/site\/wp-json\/wp\/v2\/users\/2"}],"replies":[{"embeddable":true,"href":"https:\/\/blogdoeloiltoncajuhy.com.br\/site\/wp-json\/wp\/v2\/comments?post=2030"}],"version-history":[{"count":2,"href":"https:\/\/blogdoeloiltoncajuhy.com.br\/site\/wp-json\/wp\/v2\/posts\/2030\/revisions"}],"predecessor-version":[{"id":2033,"href":"https:\/\/blogdoeloiltoncajuhy.com.br\/site\/wp-json\/wp\/v2\/posts\/2030\/revisions\/2033"}],"wp:featuredmedia":[{"embeddable":true,"href":"https:\/\/blogdoeloiltoncajuhy.com.br\/site\/wp-json\/wp\/v2\/media\/2031"}],"wp:attachment":[{"href":"https:\/\/blogdoeloiltoncajuhy.com.br\/site\/wp-json\/wp\/v2\/media?parent=2030"}],"wp:term":[{"taxonomy":"category","embeddable":true,"href":"https:\/\/blogdoeloiltoncajuhy.com.br\/site\/wp-json\/wp\/v2\/categories?post=2030"},{"taxonomy":"post_tag","embeddable":true,"href":"https:\/\/blogdoeloiltoncajuhy.com.br\/site\/wp-json\/wp\/v2\/tags?post=2030"}],"curies":[{"name":"wp","href":"https:\/\/api.w.org\/{rel}","templated":true}]}}