{"id":2023,"date":"2015-07-09T09:30:30","date_gmt":"2015-07-09T12:30:30","guid":{"rendered":"http:\/\/blogdoeloiltoncajuhy.com.br\/site\/?p=2023"},"modified":"2015-07-09T09:30:30","modified_gmt":"2015-07-09T12:30:30","slug":"gente-que-fez-historia-em-9-de-julho-nasceu-o-medico-e-cientista-brasileiro-carlos-chagas","status":"publish","type":"post","link":"https:\/\/blogdoeloiltoncajuhy.com.br\/site\/gente-que-fez-historia-em-9-de-julho-nasceu-o-medico-e-cientista-brasileiro-carlos-chagas\/","title":{"rendered":"GENTE QUE FEZ HIST\u00d3RIA: Em 9 de julho nasceu o m\u00e9dico e cientista brasileiro Carlos Chagas"},"content":{"rendered":"<p><strong>Carlos Ribeiro Justiniano Chagas nasceu no dia 9 de julho de 1879, em Oliveira, Minas Gerais. <\/strong><\/p>\n<p><a href=\"https:\/\/i0.wp.com\/blogdoeloiltoncajuhy.com.br\/site\/wp-content\/uploads\/2015\/07\/CC-1.jpg\"><img data-recalc-dims=\"1\" decoding=\"async\" class=\" size-full wp-image-2024 alignleft\" src=\"https:\/\/i0.wp.com\/blogdoeloiltoncajuhy.com.br\/site\/wp-content\/uploads\/2015\/07\/CC-1.jpg?resize=200%2C206\" alt=\"CC 1\" width=\"200\" height=\"206\" srcset=\"https:\/\/i0.wp.com\/blogdoeloiltoncajuhy.com.br\/site\/wp-content\/uploads\/2015\/07\/CC-1.jpg?w=200&amp;ssl=1 200w, https:\/\/i0.wp.com\/blogdoeloiltoncajuhy.com.br\/site\/wp-content\/uploads\/2015\/07\/CC-1.jpg?resize=48%2C48&amp;ssl=1 48w\" sizes=\"(max-width: 200px) 100vw, 200px\" \/><\/a>Aos 16 anos, sua verdadeira voca\u00e7\u00e3o se manifestou. Em 1897, ingressou na Faculdade de Medicina do Rio de Janeiro. Ao concluir o curso, com a tese o Estudo hematol\u00f3gico do paludismo (1903), entrou em contato, pela primeira vez com o sanitarista Osvaldo Cruz.<\/p>\n<p>Em 1905, em Itatinga, S\u00e3o Paulo, realizou a primeira campanha de profilaxia contra a mal\u00e1ria, conseguindo em pouco tempo controlar o surto. Esse trabalho serviu para combater, definitivamente, a mal\u00e1ria no mundo inteiro.\u00a0Em 1906, ingressou no Instituto Osvaldo Cruz, onde trabalhou por toda a sua vida.<\/p>\n<p>Ao observar a infinidade de barbeiros, insetos hemat\u00f3fagos instalados nas paredes de pau-a-pique das moradias, decidiu examin\u00e1-los. Neles, acabou encontrando um novo parasita que chamou de Trypanosoma cruzi, em homenagem a Osvaldo Cruz. Chagas verificou que o parasita gerava mol\u00e9stia nos animais de laborat\u00f3rio e descobriu sua presen\u00e7a em animais dom\u00e9sticos. Juntamente com essa descoberta, detectou nos habitantes da regi\u00e3o algumas altera\u00e7\u00f5es patol\u00f3gicas inexplic\u00e1veis. Assim, come\u00e7ou a pesquisar as liga\u00e7\u00f5es entre o novo parasita e as constantes mortes ocorridas naquela popula\u00e7\u00e3o.<\/p>\n<p>Em 23 de abril de 1909, Chagas descobriu, pela primeira vez, o parasita Trypanosoma cruzi em plena fase aguda, no sangue de uma menina de tr\u00eas anos. Chagas foi pioneiro na hist\u00f3ria da medicina, porque, como pesquisador, descobriu, sozinho, o agente patog\u00eanico, estudou-o e, finalmente, descreveu a mol\u00e9stia provocada por ele &#8211; que foi chamada de &#8220;doen\u00e7a de Chagas&#8221;.<\/p>\n<p>Sua descoberta teve grande repercuss\u00e3o, tanto no Brasil quanto no exterior. Ele recebeu in\u00fameras condecora\u00e7\u00f5es e pr\u00eamios (como os Pr\u00eamios Schaudim e K\u00fcmmel) e foi membro de v\u00e1rias academias, no Brasil (Academia Nacional de Medicina) e no exterior.<\/p>\n<p><a href=\"https:\/\/i0.wp.com\/blogdoeloiltoncajuhy.com.br\/site\/wp-content\/uploads\/2015\/07\/CC-2.jpg\"><img data-recalc-dims=\"1\" fetchpriority=\"high\" decoding=\"async\" class=\" size-full wp-image-2025 alignright\" src=\"https:\/\/i0.wp.com\/blogdoeloiltoncajuhy.com.br\/site\/wp-content\/uploads\/2015\/07\/CC-2.jpg?resize=180%2C279\" alt=\"CC 2\" width=\"180\" height=\"279\" srcset=\"https:\/\/i0.wp.com\/blogdoeloiltoncajuhy.com.br\/site\/wp-content\/uploads\/2015\/07\/CC-2.jpg?w=180&amp;ssl=1 180w, https:\/\/i0.wp.com\/blogdoeloiltoncajuhy.com.br\/site\/wp-content\/uploads\/2015\/07\/CC-2.jpg?resize=161%2C250&amp;ssl=1 161w\" sizes=\"(max-width: 180px) 100vw, 180px\" \/><\/a>Em 1917, ao morrer Osvaldo Cruz, Chagas assumiu a dire\u00e7\u00e3o do Instituto de Manguinhos e continuou seu grande trabalho em prol da humanidade. Nessa ocasi\u00e3o, aperfei\u00e7oou e modernizou os servi\u00e7os sanit\u00e1rios que entraram em vigor em 1920, no Rio de Janeiro. Com isso, foi designado chefe do Departamento Nacional de Sa\u00fade P\u00fablica (DNSP). Criou, ent\u00e3o, diversos servi\u00e7os especializados de sa\u00fade, como o de higiene infantil, de combate \u00e0s endemias rurais, \u00e0 tuberculose, \u00e0 hansen\u00edase etc. Criou tamb\u00e9m algumas escolas de enfermagem e estabeleceu a forma\u00e7\u00e3o de m\u00e9dicos sanitaristas.<\/p>\n<p>Como professor da Faculdade de Medicina do Rio de Janeiro, criou a cadeira de mol\u00e9stias tropicais, estabelecendo as bases do estudo de higiene em nosso pa\u00eds. Sua contribui\u00e7\u00e3o \u00e0 ci\u00eancia e \u00e0 medicina foi imensa, contida em sua extensa e diversificada obra liter\u00e1ria. Chagas tamb\u00e9m representou o Brasil em v\u00e1rios comit\u00eas internacionais, como membro permanente do Comit\u00ea de Higiene da Liga das Na\u00e7\u00f5es.\u00a0Carlos Chagas morreu, subitamente, aos 55 anos de idade, no dia 8 de novembro de 1934.<\/p>\n<p><em>*Paulinas Online<\/em><\/p>\n","protected":false},"excerpt":{"rendered":"<p>Carlos Ribeiro Justiniano Chagas nasceu no dia 9 de julho de 1879, em Oliveira, Minas Gerais. Aos 16 anos, sua verdadeira voca\u00e7\u00e3o se manifestou. Em 1897, ingressou na Faculdade de Medicina do Rio de Janeiro. Ao concluir o curso, com a tese o Estudo hematol\u00f3gico do paludismo (1903), entrou em contato, pela primeira vez com [&hellip;]<\/p>\n","protected":false},"author":2,"featured_media":2025,"comment_status":"open","ping_status":"open","sticky":false,"template":"","format":"standard","meta":{"_acf_changed":false,"_monsterinsights_skip_tracking":false,"_monsterinsights_sitenote_active":false,"_monsterinsights_sitenote_note":"","_monsterinsights_sitenote_category":0,"_jetpack_memberships_contains_paid_content":false,"footnotes":"","jetpack_publicize_message":"","jetpack_publicize_feature_enabled":true,"jetpack_social_post_already_shared":true,"jetpack_social_options":{"image_generator_settings":{"template":"highway","default_image_id":0,"font":"","enabled":false},"version":2}},"categories":[12,1,7],"tags":[],"class_list":["post-2023","post","type-post","status-publish","format-standard","has-post-thumbnail","hentry","category-gente-que-faz-a-nossa-historia","category-noticias","category-saude"],"acf":[],"jetpack_publicize_connections":[],"jetpack_featured_media_url":"https:\/\/i0.wp.com\/blogdoeloiltoncajuhy.com.br\/site\/wp-content\/uploads\/2015\/07\/CC-2.jpg?fit=180%2C279&ssl=1","jetpack_sharing_enabled":true,"publishpress_future_workflow_manual_trigger":{"enabledWorkflows":[]},"_links":{"self":[{"href":"https:\/\/blogdoeloiltoncajuhy.com.br\/site\/wp-json\/wp\/v2\/posts\/2023","targetHints":{"allow":["GET"]}}],"collection":[{"href":"https:\/\/blogdoeloiltoncajuhy.com.br\/site\/wp-json\/wp\/v2\/posts"}],"about":[{"href":"https:\/\/blogdoeloiltoncajuhy.com.br\/site\/wp-json\/wp\/v2\/types\/post"}],"author":[{"embeddable":true,"href":"https:\/\/blogdoeloiltoncajuhy.com.br\/site\/wp-json\/wp\/v2\/users\/2"}],"replies":[{"embeddable":true,"href":"https:\/\/blogdoeloiltoncajuhy.com.br\/site\/wp-json\/wp\/v2\/comments?post=2023"}],"version-history":[{"count":1,"href":"https:\/\/blogdoeloiltoncajuhy.com.br\/site\/wp-json\/wp\/v2\/posts\/2023\/revisions"}],"predecessor-version":[{"id":2026,"href":"https:\/\/blogdoeloiltoncajuhy.com.br\/site\/wp-json\/wp\/v2\/posts\/2023\/revisions\/2026"}],"wp:featuredmedia":[{"embeddable":true,"href":"https:\/\/blogdoeloiltoncajuhy.com.br\/site\/wp-json\/wp\/v2\/media\/2025"}],"wp:attachment":[{"href":"https:\/\/blogdoeloiltoncajuhy.com.br\/site\/wp-json\/wp\/v2\/media?parent=2023"}],"wp:term":[{"taxonomy":"category","embeddable":true,"href":"https:\/\/blogdoeloiltoncajuhy.com.br\/site\/wp-json\/wp\/v2\/categories?post=2023"},{"taxonomy":"post_tag","embeddable":true,"href":"https:\/\/blogdoeloiltoncajuhy.com.br\/site\/wp-json\/wp\/v2\/tags?post=2023"}],"curies":[{"name":"wp","href":"https:\/\/api.w.org\/{rel}","templated":true}]}}