{"id":1965,"date":"2015-07-07T09:30:26","date_gmt":"2015-07-07T12:30:26","guid":{"rendered":"http:\/\/blogdoeloiltoncajuhy.com.br\/site\/?p=1965"},"modified":"2015-07-07T09:30:26","modified_gmt":"2015-07-07T12:30:26","slug":"gente-que-fez-historia-apos-25-anos-de-sua-morte-cazuza-segue-vivo-em-festas-radios-e-shows","status":"publish","type":"post","link":"https:\/\/blogdoeloiltoncajuhy.com.br\/site\/gente-que-fez-historia-apos-25-anos-de-sua-morte-cazuza-segue-vivo-em-festas-radios-e-shows\/","title":{"rendered":"GENTE QUE FEZ HIST\u00d3RIA &#8211; Ap\u00f3s 25 anos de sua morte, Cazuza segue vivo em festas, r\u00e1dios e shows"},"content":{"rendered":"<p><em><strong>Cantor e compositor carioca morreu em 7 de julho de 1990, v\u00edtima de complica\u00e7\u00f5es decorrentes da aids<\/strong><\/em><\/p>\n<figure id=\"attachment_1966\" aria-describedby=\"caption-attachment-1966\" style=\"width: 640px\" class=\"wp-caption aligncenter\"><a href=\"https:\/\/i0.wp.com\/blogdoeloiltoncajuhy.com.br\/site\/wp-content\/uploads\/2015\/07\/Cazuza.jpg\"><img data-recalc-dims=\"1\" fetchpriority=\"high\" decoding=\"async\" class=\"wp-image-1966 size-full\" src=\"https:\/\/i0.wp.com\/blogdoeloiltoncajuhy.com.br\/site\/wp-content\/uploads\/2015\/07\/Cazuza.jpg?resize=640%2C426\" alt=\"Foto: Lisette Guerra \/ Agencia RBS\" width=\"640\" height=\"426\" srcset=\"https:\/\/i0.wp.com\/blogdoeloiltoncajuhy.com.br\/site\/wp-content\/uploads\/2015\/07\/Cazuza.jpg?w=640&amp;ssl=1 640w, https:\/\/i0.wp.com\/blogdoeloiltoncajuhy.com.br\/site\/wp-content\/uploads\/2015\/07\/Cazuza.jpg?resize=300%2C200&amp;ssl=1 300w, https:\/\/i0.wp.com\/blogdoeloiltoncajuhy.com.br\/site\/wp-content\/uploads\/2015\/07\/Cazuza.jpg?resize=250%2C166&amp;ssl=1 250w\" sizes=\"(max-width: 640px) 100vw, 640px\" \/><\/a><figcaption id=\"caption-attachment-1966\" class=\"wp-caption-text\">Foto: Lisette Guerra \/ Agencia RBS<\/figcaption><\/figure>\n<p>O poeta n\u00e3o est\u00e1 mais vivo, mas sua poesia, sim. H\u00e1 exatos <strong><a class=\"link-corpo\" href=\"http:\/\/zh.clicrbs.com.br\/rs\/entretenimento\/noticia\/2015\/07\/morto-ha-25-anos-cazuza-e-celebrado-em-livros-e-disco-de-ineditas-4796232.html\" target=\"_self\"><strong>25 anos<\/strong><\/a><\/strong>, uma das figuras mais populares e talentosas da m\u00fasica brasileira morria precocemente. Agenor de Miranda Ara\u00fajo Neto, o <strong>Cazuza<\/strong>, faleceu em <strong>7 de julho de 1990<\/strong>, v\u00edtima de complica\u00e7\u00f5es decorrentes da aids, mas sua m\u00fasica ainda \u00e9 tocada em festas, shows e r\u00e1dios.<\/p>\n<p>A relev\u00e2ncia de Cazuza ainda hoje pode ser quantificada em n\u00fameros:\u00a0um\u00a0quarto de s\u00e9culo depois de morrer, ele ainda figura nas listas dos\u00a0cem maiores arrecadadores do\u00a0Escrit\u00f3rio Central de Arrecada\u00e7\u00e3o e Distribui\u00e7\u00e3o (Ecad). Na contagem que calcula a arrecada\u00e7\u00e3o\u00a0de direitos em m\u00fasica ao vivo, o carioca figura na 25\u00aa posi\u00e7\u00e3o.\u00a0Para o comunicador do Grupo RBS M\u00e1rcio Paz, a explica\u00e7\u00e3o pode estar no fato de que, em todo esse tempo, n\u00e3o houve algu\u00e9m que preenchesse o vazio deixado com a morte do poeta:\u00a0\u2013\u00a0Acho que os f\u00e3s ficaram \u00f3rf\u00e3os, porque n\u00e3o surgiu nenhum substituto.<\/p>\n<p><strong>Em festas,\u00a0composi\u00e7\u00f5es mostram o lado &#8220;empoderador&#8221; de Cazuza<\/strong><\/p>\n<p>N\u00e3o \u00e9 que as composi\u00e7\u00f5es do carioca fossem alegres ou festivas, mas m\u00fasicas como <em>Maior Abandonado<\/em> e <em>Brasil <\/em>est\u00e3o sempre entre as mais pedidas de eventos como a Cad\u00ea Tereza?, festa de m\u00fasica brasileira que ocorre mensalmente em Porto Alegre. Nanni Rios, uma das organizadoras, lembra que Cazuza tinha esta capacidade: transformar problemas e revoltas em festa.<\/p>\n<p>\u2013 Cazuza comp\u00f4s verdadeiros hinos. As m\u00fasicas t\u00eam emo\u00e7\u00e3o, atitude. Cantar m\u00fasicas dele \u00e9 empoderador, e, na festa, tu podes cantar a plenos pulm\u00f5es. \u00c9 uma catarse coletiva. E, por mais tristes que sejam alguns temas, ele nunca \u00e9 baixo astral. Por isso que funciona muito nas festas.<\/p>\n<p><strong>Nos shows, postura &#8220;transparente&#8221; cativa p\u00fablico de diversos estilos<\/strong><\/p>\n<p>Em 2012, no programa Som Brasil, da Globo, a banda ga\u00facha Bid\u00ea ou Balde foi escalada para homenagear Cazuza. Tocaram tr\u00eas m\u00fasicas, apesar de n\u00e3o terem o estilo muito parecido com o roqueiro carioca. Apesar disso, acabaram mantendo Maior Abandonado no repert\u00f3rio por algum tempo. O segredo, segudo o vocalista Carlinhos Carneiro, \u00e9 a autenticidade:<\/p>\n<p>\u2013 Ele era muito transparente, deixava tudo claro na poesia e na performance. A rea\u00e7\u00e3o do nosso p\u00fablico, assim como a nossa pr\u00f3pria, foi uma surpresa. Foi massa. Recebemos s\u00f3 elogios, foi algo que nos deixou muito felizes, e nos aproximou mais ainda desse \u00eddolo t\u00e3o honesto e &#8220;cara-a-tapa&#8221; que foi-se t\u00e3o cedo.<\/p>\n<p><strong>&#8220;Postura rock e poesia MPB&#8221; explicam sucesso radiof\u00f4nico<\/strong><\/p>\n<p>Ele n\u00e3o figura mais na lista das mais pedidas das r\u00e1dios populares, mas tamb\u00e9m n\u00e3o \u00e9 nada raro ouvir sucessos de Cazuza nas FMs. Com um repert\u00f3rio repleto de sucessos e hinos, o cantor consegue se manter nas playlists de DJs que preferem rock, mas toca tamb\u00e9m em r\u00e1dios de m\u00fasica popular brasileira.<\/p>\n<p>Essa \u00e9 a chave para o sucesso cont\u00ednuo de Cazuza, mesmo tanto tempo ap\u00f3s sua morte. Pelo menos \u00e9 a opini\u00e3o do comunicador M\u00e1rcio Paz, que apresenta programas nas r\u00e1dios Ga\u00facha e Itapema:<\/p>\n<p>\u2013 \u00c9 bom de tocar Cazuza porque ele era rock e MPB ao mesmo tempo, soube ser rebelde como o rock pede, mas poeta como artistas de m\u00fasica popular. A frase\u00a0&#8220;o banheiro \u00e9 a igreja de todos os b\u00eabados&#8221;, de <em>Down em Mim<\/em>, por exemplo, \u00e9 poesia pura, mas tamb\u00e9m \u00e9 rock &#8216;n&#8217; roll.<\/p>\n<p><em>*Jornal Zero Hora &#8211; Porto Alegre-RS<\/em><\/p>\n","protected":false},"excerpt":{"rendered":"<p>Cantor e compositor carioca morreu em 7 de julho de 1990, v\u00edtima de complica\u00e7\u00f5es decorrentes da aids O poeta n\u00e3o est\u00e1 mais vivo, mas sua poesia, sim. H\u00e1 exatos 25 anos, uma das figuras mais populares e talentosas da m\u00fasica brasileira morria precocemente. Agenor de Miranda Ara\u00fajo Neto, o Cazuza, faleceu em 7 de julho [&hellip;]<\/p>\n","protected":false},"author":2,"featured_media":1966,"comment_status":"open","ping_status":"open","sticky":false,"template":"","format":"standard","meta":{"_acf_changed":false,"_monsterinsights_skip_tracking":false,"_monsterinsights_sitenote_active":false,"_monsterinsights_sitenote_note":"","_monsterinsights_sitenote_category":0,"_jetpack_memberships_contains_paid_content":false,"footnotes":"","jetpack_publicize_message":"","jetpack_publicize_feature_enabled":true,"jetpack_social_post_already_shared":true,"jetpack_social_options":{"image_generator_settings":{"template":"highway","default_image_id":0,"font":"","enabled":false},"version":2}},"categories":[8,12,1],"tags":[],"class_list":["post-1965","post","type-post","status-publish","format-standard","has-post-thumbnail","hentry","category-cultura","category-gente-que-faz-a-nossa-historia","category-noticias"],"acf":[],"jetpack_publicize_connections":[],"jetpack_featured_media_url":"https:\/\/i0.wp.com\/blogdoeloiltoncajuhy.com.br\/site\/wp-content\/uploads\/2015\/07\/Cazuza.jpg?fit=640%2C426&ssl=1","jetpack_sharing_enabled":true,"publishpress_future_workflow_manual_trigger":{"enabledWorkflows":[]},"_links":{"self":[{"href":"https:\/\/blogdoeloiltoncajuhy.com.br\/site\/wp-json\/wp\/v2\/posts\/1965","targetHints":{"allow":["GET"]}}],"collection":[{"href":"https:\/\/blogdoeloiltoncajuhy.com.br\/site\/wp-json\/wp\/v2\/posts"}],"about":[{"href":"https:\/\/blogdoeloiltoncajuhy.com.br\/site\/wp-json\/wp\/v2\/types\/post"}],"author":[{"embeddable":true,"href":"https:\/\/blogdoeloiltoncajuhy.com.br\/site\/wp-json\/wp\/v2\/users\/2"}],"replies":[{"embeddable":true,"href":"https:\/\/blogdoeloiltoncajuhy.com.br\/site\/wp-json\/wp\/v2\/comments?post=1965"}],"version-history":[{"count":1,"href":"https:\/\/blogdoeloiltoncajuhy.com.br\/site\/wp-json\/wp\/v2\/posts\/1965\/revisions"}],"predecessor-version":[{"id":1967,"href":"https:\/\/blogdoeloiltoncajuhy.com.br\/site\/wp-json\/wp\/v2\/posts\/1965\/revisions\/1967"}],"wp:featuredmedia":[{"embeddable":true,"href":"https:\/\/blogdoeloiltoncajuhy.com.br\/site\/wp-json\/wp\/v2\/media\/1966"}],"wp:attachment":[{"href":"https:\/\/blogdoeloiltoncajuhy.com.br\/site\/wp-json\/wp\/v2\/media?parent=1965"}],"wp:term":[{"taxonomy":"category","embeddable":true,"href":"https:\/\/blogdoeloiltoncajuhy.com.br\/site\/wp-json\/wp\/v2\/categories?post=1965"},{"taxonomy":"post_tag","embeddable":true,"href":"https:\/\/blogdoeloiltoncajuhy.com.br\/site\/wp-json\/wp\/v2\/tags?post=1965"}],"curies":[{"name":"wp","href":"https:\/\/api.w.org\/{rel}","templated":true}]}}