{"id":15461,"date":"2017-02-15T18:40:26","date_gmt":"2017-02-15T21:40:26","guid":{"rendered":"http:\/\/blogdoeloiltoncajuhy.com.br\/site\/?p=15461"},"modified":"2017-02-15T18:40:26","modified_gmt":"2017-02-15T21:40:26","slug":"embasa-trabalha-para-regularizar-abastecimento-de-agua-em-monte-santo-cansancao-nordestina-e-euclides-da-cunha","status":"publish","type":"post","link":"https:\/\/blogdoeloiltoncajuhy.com.br\/site\/embasa-trabalha-para-regularizar-abastecimento-de-agua-em-monte-santo-cansancao-nordestina-e-euclides-da-cunha\/","title":{"rendered":"Embasa trabalha para regularizar abastecimento de \u00e1gua em  Monte Santo, Cansan\u00e7\u00e3o, Nordestina e Euclides da Cunha"},"content":{"rendered":"<p style=\"text-align: center;\"><em><strong>Duas frentes de trabalho fazem ajustes para corrigir problemas em sistema de abastecimento<\/strong><\/em><\/p>\n<p><a href=\"https:\/\/i0.wp.com\/blogdoeloiltoncajuhy.com.br\/site\/wp-content\/uploads\/2015\/08\/embasa.jpg\"><img data-recalc-dims=\"1\" fetchpriority=\"high\" decoding=\"async\" class=\"aligncenter size-full wp-image-3655\" src=\"https:\/\/i0.wp.com\/blogdoeloiltoncajuhy.com.br\/site\/wp-content\/uploads\/2015\/08\/embasa.jpg?resize=350%2C200\" alt=\"\" width=\"350\" height=\"200\" srcset=\"https:\/\/i0.wp.com\/blogdoeloiltoncajuhy.com.br\/site\/wp-content\/uploads\/2015\/08\/embasa.jpg?w=350&amp;ssl=1 350w, https:\/\/i0.wp.com\/blogdoeloiltoncajuhy.com.br\/site\/wp-content\/uploads\/2015\/08\/embasa.jpg?resize=300%2C171&amp;ssl=1 300w, https:\/\/i0.wp.com\/blogdoeloiltoncajuhy.com.br\/site\/wp-content\/uploads\/2015\/08\/embasa.jpg?resize=250%2C143&amp;ssl=1 250w\" sizes=\"(max-width: 350px) 100vw, 350px\" \/><\/a>A Empresa Baiana de \u00c1guas e Saneamento (Embasa) est\u00e1 trabalhando com duas frentes de trabalho para diagnosticar e implementar melhorias operacionais no sistema de abastecimento de \u00e1gua de Monte Santo. As medidas tamb\u00e9m v\u00e3o beneficiar Cansan\u00e7\u00e3o, Euclides da Cunha e Nordestina, munic\u00edpios tamb\u00e9m atendidos pelo Sistema Integrado de Tucano I.<\/p>\n<p>Nos dois \u00faltimos meses, estes munic\u00edpios foram afetados por rompimentos na adutora de \u00e1gua tratada, falhas em equipamentos dos po\u00e7os respons\u00e1veis pela produ\u00e7\u00e3o de \u00e1gua e irregularidades no fornecimento de energia el\u00e9trica. O abastecimento j\u00e1 est\u00e1 sendo normalizado em grande parte das localidades prejudicadas. As \u00e1reas com maior dificuldade para atendimento est\u00e3o recebendo \u00e1gua atrav\u00e9s de caminh\u00f5es-pipa.<\/p>\n<p>De acordo com o gerente Regional da Embasa, Vin\u00edcius Ara\u00fajo, as medidas adotadas t\u00eam como objetivo evitar ocorr\u00eancias constantes de rompimentos da tubula\u00e7\u00e3o e melhorar o fluxo da \u00e1gua distribu\u00edda.<\/p>\n<p>\u201cO trabalho que estamos realizando, com as equipes de engenharia, pitometria e do escrit\u00f3rio de Monte Santo, s\u00e3o fundamentais para minimizarmos a falta de \u00e1gua nestas localidades, por\u00e9m os resultados vir\u00e3o gradativamente. A demanda do sistema cresceu e precisamos otimizar a \u00e1gua dispon\u00edvel atualmente at\u00e9 a conclus\u00e3o da obra da CERB, que trar\u00e1 uma solu\u00e7\u00e3o definitiva\u201d, afirmou Vin\u00edcius.<\/p>\n<p><strong>Obra da Cerb em andamento trar\u00e1 solu\u00e7\u00e3o definitiva para a regi\u00e3o<\/strong><\/p>\n<p>J\u00e1 encontra-se em andamento o empreendimento para a implanta\u00e7\u00e3o do Sistema de Abastecimento de \u00c1gua Tucano Noroeste. O novo sistema atender\u00e1 de forma direta os munic\u00edpios de Euclides da Cunha e Monte Santo e, ap\u00f3s entrar em opera\u00e7\u00e3o, ir\u00e1 absorver parte da demanda do sistema existente, melhorando a oferta de \u00e1gua tamb\u00e9m nos munic\u00edpios de Quijingue, Nordestina e Cansan\u00e7\u00e3o.<\/p>\n<p>A obra \u00e9 executada pelo Governo do Estado, atrav\u00e9s da CERB, e conta com investimentos da ordem de R$ 93 milh\u00f5es com recursos oriundos do PAC-2. Ela contempla a constru\u00e7\u00e3o de perfura\u00e7\u00e3o de po\u00e7os profundos, adutoras, esta\u00e7\u00f5es elevat\u00f3rias e reservat\u00f3rios de \u00e1gua e tem previs\u00e3o para ser conclu\u00edda no final deste ano.<\/p>\n<p><em>*Adriano Aleixo<\/em><br \/>\nAssessoria de Comunica\u00e7\u00e3o da Embasa<br \/>\nUnidade Regional de Senhor do Bonfim<br \/>\n74 &#8211; 3541 8400<br \/>\n74- 99129 3746 (Tim\/WhatsApp)<br \/>\n74- 98110 6858 (Claro)<\/p>\n","protected":false},"excerpt":{"rendered":"<p>Duas frentes de trabalho fazem ajustes para corrigir problemas em sistema de abastecimento A Empresa Baiana de \u00c1guas e Saneamento (Embasa) est\u00e1 trabalhando com duas frentes de trabalho para diagnosticar e implementar melhorias operacionais no sistema de abastecimento de \u00e1gua de Monte Santo. As medidas tamb\u00e9m v\u00e3o beneficiar Cansan\u00e7\u00e3o, Euclides da Cunha e Nordestina, munic\u00edpios [&hellip;]<\/p>\n","protected":false},"author":2,"featured_media":0,"comment_status":"open","ping_status":"open","sticky":false,"template":"","format":"standard","meta":{"_acf_changed":false,"_monsterinsights_skip_tracking":false,"_monsterinsights_sitenote_active":false,"_monsterinsights_sitenote_note":"","_monsterinsights_sitenote_category":0,"_jetpack_memberships_contains_paid_content":false,"footnotes":"","jetpack_publicize_message":"","jetpack_publicize_feature_enabled":true,"jetpack_social_post_already_shared":true,"jetpack_social_options":{"image_generator_settings":{"template":"highway","default_image_id":0,"font":"","enabled":false},"version":2}},"categories":[1,11],"tags":[],"class_list":["post-15461","post","type-post","status-publish","format-standard","hentry","category-noticias","category-regional"],"acf":[],"jetpack_publicize_connections":[],"jetpack_featured_media_url":"","jetpack_sharing_enabled":true,"publishpress_future_workflow_manual_trigger":{"enabledWorkflows":[]},"_links":{"self":[{"href":"https:\/\/blogdoeloiltoncajuhy.com.br\/site\/wp-json\/wp\/v2\/posts\/15461","targetHints":{"allow":["GET"]}}],"collection":[{"href":"https:\/\/blogdoeloiltoncajuhy.com.br\/site\/wp-json\/wp\/v2\/posts"}],"about":[{"href":"https:\/\/blogdoeloiltoncajuhy.com.br\/site\/wp-json\/wp\/v2\/types\/post"}],"author":[{"embeddable":true,"href":"https:\/\/blogdoeloiltoncajuhy.com.br\/site\/wp-json\/wp\/v2\/users\/2"}],"replies":[{"embeddable":true,"href":"https:\/\/blogdoeloiltoncajuhy.com.br\/site\/wp-json\/wp\/v2\/comments?post=15461"}],"version-history":[{"count":1,"href":"https:\/\/blogdoeloiltoncajuhy.com.br\/site\/wp-json\/wp\/v2\/posts\/15461\/revisions"}],"predecessor-version":[{"id":15462,"href":"https:\/\/blogdoeloiltoncajuhy.com.br\/site\/wp-json\/wp\/v2\/posts\/15461\/revisions\/15462"}],"wp:attachment":[{"href":"https:\/\/blogdoeloiltoncajuhy.com.br\/site\/wp-json\/wp\/v2\/media?parent=15461"}],"wp:term":[{"taxonomy":"category","embeddable":true,"href":"https:\/\/blogdoeloiltoncajuhy.com.br\/site\/wp-json\/wp\/v2\/categories?post=15461"},{"taxonomy":"post_tag","embeddable":true,"href":"https:\/\/blogdoeloiltoncajuhy.com.br\/site\/wp-json\/wp\/v2\/tags?post=15461"}],"curies":[{"name":"wp","href":"https:\/\/api.w.org\/{rel}","templated":true}]}}