{"id":15457,"date":"2017-02-15T09:36:39","date_gmt":"2017-02-15T12:36:39","guid":{"rendered":"http:\/\/blogdoeloiltoncajuhy.com.br\/site\/?p=15457"},"modified":"2017-02-15T09:36:39","modified_gmt":"2017-02-15T12:36:39","slug":"correios-devem-fechar-200-agencias-e-demitir-5-mil-funcionarios","status":"publish","type":"post","link":"https:\/\/blogdoeloiltoncajuhy.com.br\/site\/correios-devem-fechar-200-agencias-e-demitir-5-mil-funcionarios\/","title":{"rendered":"Correios devem fechar 200 ag\u00eancias e demitir 5 mil funcion\u00e1rios"},"content":{"rendered":"<p style=\"text-align: center;\"><em><strong>Segundo o presidente da estatal, 3 mil funcion\u00e1rios j\u00e1 aderiram ao programa de desligamento. &#8216;Objetivo \u00e9 colocar a empresa no azul neste ano&#8217;, diz Guilherme Campos<\/strong><\/em><\/p>\n<figure id=\"attachment_15458\" aria-describedby=\"caption-attachment-15458\" style=\"width: 600px\" class=\"wp-caption aligncenter\"><a href=\"https:\/\/i0.wp.com\/blogdoeloiltoncajuhy.com.br\/site\/wp-content\/uploads\/2017\/02\/guilherme-campos_ect-e1487162179321.jpg\"><img data-recalc-dims=\"1\" fetchpriority=\"high\" decoding=\"async\" class=\"wp-image-15458 size-full\" src=\"https:\/\/i0.wp.com\/blogdoeloiltoncajuhy.com.br\/site\/wp-content\/uploads\/2017\/02\/guilherme-campos_ect-e1487162179321.jpg?resize=600%2C400\" width=\"600\" height=\"400\" \/><\/a><figcaption id=\"caption-attachment-15458\" class=\"wp-caption-text\">Guilherme Campos, presidente dos Correios (Foto: Ag\u00eancia Brasil)<\/figcaption><\/figure>\n<p style=\"text-align: left;\">O plano de demiss\u00e3o volunt\u00e1ria lan\u00e7ado pelos Correios recebeu at\u00e9 o momento a ades\u00e3o de 3 mil funcion\u00e1rios e a expectativa \u00e9 que o n\u00famero chegue a pelo menos 5 mil, segundo o presidente da estatal, Guilherme Campos.<\/p>\n<p style=\"text-align: left;\">Em meio \u00e0 mais grave crise financeira de sua hist\u00f3ria, a Empresa Brasileira de Correios e Tel\u00e9grafos (ECT) planeja tamb\u00e9m fechar cerca de 200 ag\u00eancias neste ano, al\u00e9m de uma s\u00e9rie de medidas de redu\u00e7\u00e3o de custos e de reestrutura\u00e7\u00e3o da folha de pagamentos.<\/p>\n<p style=\"text-align: left;\">A empresa acumula dois rombos de R$ 4 bilh\u00f5es nos \u00faltimos dois anos. Os Correios fecharam o ano passado com preju\u00edzo em torno de R$ 2 bilh\u00f5es, ap\u00f3s registrar perdas de R$ 2,1 bilh\u00f5es em 2015. &#8220;Estamos trabalhando para reverter esse quadro. O objetivo \u00e9 colocar a empresa no azul neste ano&#8221;, disse o presidente ao G1.<\/p>\n<p style=\"text-align: left;\"><strong>Cortes<\/strong><\/p>\n<p style=\"text-align: left;\">Aberto em janeiro, o Plano de Desligamento Incentivado para Aposentados (PDI) tem como p\u00fablico-alvo os empregados com mais de 55 anos, com tempo de servi\u00e7o para requerer aposentadoria. O prazo para ades\u00e3o termina nesta sexta-feira (17).\u00a0Inicialmente, a expectativa era ter de 6 mil a 8 mil ades\u00f5es, com economia anual de R$ 700 milh\u00f5es a R$ 1 bilh\u00e3o. Agora, a meta foi reduzida. \u201cA nossa expectativa \u00e9 ficar em torno de 5 mil. S\u00f3 os 3 mil que j\u00e1 aderiram j\u00e1 representam uma economia anual da ordem de R$ 400 milh\u00f5es\u201d, afirmou Campos.<\/p>\n<p style=\"text-align: left;\">Segundo ele, mesmo com a ades\u00e3o menor, outras medidas complementares ajudar\u00e3o a empresa a reduzir os seus custos para voltar a gerar resultados operacionais positivos.\u00a0S\u00f3 com cortes de fun\u00e7\u00f5es e cargos comissionados, a empresa diz ter conseguido uma economia da ordem de 20% na folha de pagamentos de janeiros.\u00a0Os Correios contam com 117 mil empregados atualmente.<\/p>\n<p style=\"text-align: left;\"><strong>Fechamento de ag\u00eancias<\/strong><\/p>\n<p style=\"text-align: left;\">Segundo os Correios, o fechamento de cerca de 200 ag\u00eancias acontecer\u00e1 sobretudo nos grandes centros urbanos. &#8220;Estamos fazendo um processo de otimiza\u00e7\u00e3o onde houver superposi\u00e7\u00e3o de ag\u00eancia, inclusive para poder aproveitar os reflexos do PDI\u201d, explicou Campos.\u00a0Os Correios acompanham o movimento de racionaliza\u00e7\u00e3o e corte de pessoal que tamb\u00e9m est\u00e1 sendo feito por bancos estatais como Caixa Econ\u00f4mica Federal e Banco do Brasil.<\/p>\n<p style=\"text-align: left;\">Em tempos de recess\u00e3o e rombo recorde nas contas p\u00fablicas, o governo tem incentivado esses programas de desligamento volunt\u00e1rio, at\u00e9 mesmo para tentar afastar a necessidade de aporte federal em estatais em dificuldades financeiras.\u00a0Levantamento publicado pelo G1 no m\u00eas passado mostrou que programas de cortes em estatais j\u00e1 tiveram a ades\u00e3o de mais de 37 mil funcion\u00e1rios em 2 anos e que novos planos anunciados podem gerar mais de 22 mil cortes adicionais.<\/p>\n<p style=\"text-align: left;\"><strong>Reajuste de tarifas<\/strong><\/p>\n<p style=\"text-align: left;\">Outro refor\u00e7o no caixa dos Correios dever\u00e1 vir de um reajuste das tarifas postais nos pr\u00f3ximos meses. A estatal afirma que h\u00e1 uma necessidade de um aumento da ordem de 7% por causa do represamento das tarifas em anos anteriores, quando n\u00e3o houve repasse integral da infla\u00e7\u00e3o.\u00a0\u201cExiste uma demanda nossa por um resto de recupera\u00e7\u00e3o de tarifas, que j\u00e1 foi encaminhado em janeiro para o Minist\u00e9rio do Planejamento&#8221;, explica o presidente. \u201cEstamos aguardando\u201d.<\/p>\n<p style=\"text-align: left;\">Para Campos, outro ponto fundamental para reestruturar o or\u00e7amento dos Correios \u00e9 encontrar um novo formato para o plano de sa\u00fade dos funcion\u00e1rios dos Correios, o Postal Sa\u00fade. Segundo ele, este custeio \u00e9 o respons\u00e1vel pela maior parte do d\u00e9ficit registrado nos \u00faltimos anos.\u00a0Pelo modelo, a estatal arca com 93% dos custos dos planos de sa\u00fade e os funcion\u00e1rios com 7%. \u201cEstamos negociando com os trabalhadores, com os sindicatos, buscando uma alternativa. Nos moldes que est\u00e1 \u00e9 imposs\u00edvel de ser mantido\u201d, diz.<\/p>\n<p style=\"text-align: left;\"><em>*Por G1<\/em><\/p>\n","protected":false},"excerpt":{"rendered":"<p>Segundo o presidente da estatal, 3 mil funcion\u00e1rios j\u00e1 aderiram ao programa de desligamento. &#8216;Objetivo \u00e9 colocar a empresa no azul neste ano&#8217;, diz Guilherme Campos O plano de demiss\u00e3o volunt\u00e1ria lan\u00e7ado pelos Correios recebeu at\u00e9 o momento a ades\u00e3o de 3 mil funcion\u00e1rios e a expectativa \u00e9 que o n\u00famero chegue a pelo menos [&hellip;]<\/p>\n","protected":false},"author":2,"featured_media":15458,"comment_status":"open","ping_status":"open","sticky":false,"template":"","format":"standard","meta":{"_acf_changed":false,"_monsterinsights_skip_tracking":false,"_monsterinsights_sitenote_active":false,"_monsterinsights_sitenote_note":"","_monsterinsights_sitenote_category":0,"_jetpack_memberships_contains_paid_content":false,"footnotes":"","jetpack_publicize_message":"","jetpack_publicize_feature_enabled":true,"jetpack_social_post_already_shared":true,"jetpack_social_options":{"image_generator_settings":{"template":"highway","default_image_id":0,"font":"","enabled":false},"version":2}},"categories":[5,1,3],"tags":[],"class_list":["post-15457","post","type-post","status-publish","format-standard","has-post-thumbnail","hentry","category-cotidiano","category-noticias","category-politica"],"acf":[],"jetpack_publicize_connections":[],"jetpack_featured_media_url":"https:\/\/i0.wp.com\/blogdoeloiltoncajuhy.com.br\/site\/wp-content\/uploads\/2017\/02\/guilherme-campos_ect-e1487162179321.jpg?fit=600%2C400&ssl=1","jetpack_sharing_enabled":true,"publishpress_future_workflow_manual_trigger":{"enabledWorkflows":[]},"_links":{"self":[{"href":"https:\/\/blogdoeloiltoncajuhy.com.br\/site\/wp-json\/wp\/v2\/posts\/15457","targetHints":{"allow":["GET"]}}],"collection":[{"href":"https:\/\/blogdoeloiltoncajuhy.com.br\/site\/wp-json\/wp\/v2\/posts"}],"about":[{"href":"https:\/\/blogdoeloiltoncajuhy.com.br\/site\/wp-json\/wp\/v2\/types\/post"}],"author":[{"embeddable":true,"href":"https:\/\/blogdoeloiltoncajuhy.com.br\/site\/wp-json\/wp\/v2\/users\/2"}],"replies":[{"embeddable":true,"href":"https:\/\/blogdoeloiltoncajuhy.com.br\/site\/wp-json\/wp\/v2\/comments?post=15457"}],"version-history":[{"count":1,"href":"https:\/\/blogdoeloiltoncajuhy.com.br\/site\/wp-json\/wp\/v2\/posts\/15457\/revisions"}],"predecessor-version":[{"id":15459,"href":"https:\/\/blogdoeloiltoncajuhy.com.br\/site\/wp-json\/wp\/v2\/posts\/15457\/revisions\/15459"}],"wp:featuredmedia":[{"embeddable":true,"href":"https:\/\/blogdoeloiltoncajuhy.com.br\/site\/wp-json\/wp\/v2\/media\/15458"}],"wp:attachment":[{"href":"https:\/\/blogdoeloiltoncajuhy.com.br\/site\/wp-json\/wp\/v2\/media?parent=15457"}],"wp:term":[{"taxonomy":"category","embeddable":true,"href":"https:\/\/blogdoeloiltoncajuhy.com.br\/site\/wp-json\/wp\/v2\/categories?post=15457"},{"taxonomy":"post_tag","embeddable":true,"href":"https:\/\/blogdoeloiltoncajuhy.com.br\/site\/wp-json\/wp\/v2\/tags?post=15457"}],"curies":[{"name":"wp","href":"https:\/\/api.w.org\/{rel}","templated":true}]}}