{"id":15454,"date":"2017-02-15T09:09:17","date_gmt":"2017-02-15T12:09:17","guid":{"rendered":"http:\/\/blogdoeloiltoncajuhy.com.br\/site\/?p=15454"},"modified":"2017-02-15T09:09:17","modified_gmt":"2017-02-15T12:09:17","slug":"prefeitura-de-senhor-do-bonfim-inicia-recadastramento-de-servidores-municipais","status":"publish","type":"post","link":"https:\/\/blogdoeloiltoncajuhy.com.br\/site\/prefeitura-de-senhor-do-bonfim-inicia-recadastramento-de-servidores-municipais\/","title":{"rendered":"Prefeitura de Senhor do Bonfim inicia recadastramento de servidores municipais"},"content":{"rendered":"<p><a href=\"https:\/\/i0.wp.com\/blogdoeloiltoncajuhy.com.br\/site\/wp-content\/uploads\/2017\/02\/prefeitura_dom%C3%ADnio-publico-e1487160522198.jpg\"><img data-recalc-dims=\"1\" fetchpriority=\"high\" decoding=\"async\" class=\"wp-image-15455 size-medium alignright\" src=\"https:\/\/i0.wp.com\/blogdoeloiltoncajuhy.com.br\/site\/wp-content\/uploads\/2017\/02\/prefeitura_dom%C3%ADnio-publico.jpg?resize=300%2C225\" width=\"300\" height=\"225\" \/><\/a>A Prefeitura de Senhor do Bonfim, por meio da Secretaria de Administra\u00e7\u00e3o, realiza a partir desta quarta-feira (15), o recadastramento dos servidores p\u00fablicos municipais comissionados e efetivos, inclusive para servidores que se encontram afastados por qualquer motivo (licen\u00e7a m\u00e9dica, licen\u00e7a maternidade, licen\u00e7a sem vencimentos).<\/p>\n<p>O recadastramento \u00e9 previsto a partir do Decreto n\u00ba 308\/2017, publicado em 13 de fevereiro de 2017, e a a\u00e7\u00e3o acontece at\u00e9 o dia 3 de mar\u00e7o.<\/p>\n<p>No ato do recadastramento o servidor dever\u00e1 comparecer munido de todos os documentos pessoais:\u00a0CPF, T\u00edtulo de Eleitor, Carteira de Trabalho, Documento com o n\u00famero do PIS\/PASEP e Carteira de Conselho de Classe. O recadastramento est\u00e1 acontecendo na Pra\u00e7a Lu\u00eds Viana Filho, 118 (Campo do Gado), na Associa\u00e7\u00e3o dos Aposentados. De acordo com a prefeitura, o recadastramento \u00e9 obrigat\u00f3rio e deve ser realizado de forma presencial.<\/p>\n<p>A atualiza\u00e7\u00e3o dos dados cadastrais de todos os servidores acontecer\u00e1 sempre em dias \u00fateis, de segunda a sexta, das 8h \u00e0s 18h, e ser\u00e1 dividido por ordem alfab\u00e9tica.<\/p>\n<p><strong>Confira o calend\u00e1rio completo abaixo:<\/strong><\/p>\n<p><strong>Servidores Comissionados <\/strong><\/p>\n<table>\n<tbody>\n<tr>\n<td width=\"170\">Letra<\/td>\n<td width=\"161\">Data<\/td>\n<\/tr>\n<tr>\n<td width=\"170\">A a J<\/td>\n<td width=\"161\">15\/02<\/td>\n<\/tr>\n<tr>\n<td width=\"170\">L a O<\/td>\n<td width=\"161\">16\/02<\/td>\n<\/tr>\n<tr>\n<td width=\"170\">P a Z<\/td>\n<td width=\"161\">17\/02<\/td>\n<\/tr>\n<\/tbody>\n<\/table>\n<p><strong>Servidores do Quadro Permanente<\/strong><\/p>\n<table>\n<tbody>\n<tr>\n<td width=\"198\">Letra<\/td>\n<td width=\"137\">Data<\/td>\n<\/tr>\n<tr>\n<td width=\"198\">A,B e C<\/td>\n<td width=\"137\">20\/02<\/td>\n<\/tr>\n<tr>\n<td width=\"198\">D, E e F<\/td>\n<td width=\"137\">21\/02<\/td>\n<\/tr>\n<tr>\n<td width=\"198\">G,H e I<\/td>\n<td width=\"137\">22\/02<\/td>\n<\/tr>\n<tr>\n<td width=\"198\">J ,K e L<\/td>\n<td width=\"137\">23\/02<\/td>\n<\/tr>\n<tr>\n<td width=\"198\">M<\/td>\n<td width=\"137\">24\/02<\/td>\n<\/tr>\n<tr>\n<td width=\"198\">N,O e P<\/td>\n<td width=\"137\">02\/03<\/td>\n<\/tr>\n<tr>\n<td width=\"198\">Q,R,S,T,U,V,X,Y,W e Z<\/td>\n<td width=\"137\">03\/03<\/td>\n<\/tr>\n<\/tbody>\n<\/table>\n","protected":false},"excerpt":{"rendered":"<p>A Prefeitura de Senhor do Bonfim, por meio da Secretaria de Administra\u00e7\u00e3o, realiza a partir desta quarta-feira (15), o recadastramento dos servidores p\u00fablicos municipais comissionados e efetivos, inclusive para servidores que se encontram afastados por qualquer motivo (licen\u00e7a m\u00e9dica, licen\u00e7a maternidade, licen\u00e7a sem vencimentos). O recadastramento \u00e9 previsto a partir do Decreto n\u00ba 308\/2017, publicado [&hellip;]<\/p>\n","protected":false},"author":2,"featured_media":15455,"comment_status":"open","ping_status":"open","sticky":false,"template":"","format":"standard","meta":{"_acf_changed":false,"_monsterinsights_skip_tracking":false,"_monsterinsights_sitenote_active":false,"_monsterinsights_sitenote_note":"","_monsterinsights_sitenote_category":0,"_jetpack_memberships_contains_paid_content":false,"footnotes":"","jetpack_publicize_message":"","jetpack_publicize_feature_enabled":true,"jetpack_social_post_already_shared":true,"jetpack_social_options":{"image_generator_settings":{"template":"highway","default_image_id":0,"font":"","enabled":false},"version":2}},"categories":[1,4],"tags":[],"class_list":["post-15454","post","type-post","status-publish","format-standard","has-post-thumbnail","hentry","category-noticias","category-local"],"acf":[],"jetpack_publicize_connections":[],"jetpack_featured_media_url":"https:\/\/i0.wp.com\/blogdoeloiltoncajuhy.com.br\/site\/wp-content\/uploads\/2017\/02\/prefeitura_dom%C3%ADnio-publico-e1487160522198.jpg?fit=600%2C450&ssl=1","jetpack_sharing_enabled":true,"publishpress_future_workflow_manual_trigger":{"enabledWorkflows":[]},"_links":{"self":[{"href":"https:\/\/blogdoeloiltoncajuhy.com.br\/site\/wp-json\/wp\/v2\/posts\/15454","targetHints":{"allow":["GET"]}}],"collection":[{"href":"https:\/\/blogdoeloiltoncajuhy.com.br\/site\/wp-json\/wp\/v2\/posts"}],"about":[{"href":"https:\/\/blogdoeloiltoncajuhy.com.br\/site\/wp-json\/wp\/v2\/types\/post"}],"author":[{"embeddable":true,"href":"https:\/\/blogdoeloiltoncajuhy.com.br\/site\/wp-json\/wp\/v2\/users\/2"}],"replies":[{"embeddable":true,"href":"https:\/\/blogdoeloiltoncajuhy.com.br\/site\/wp-json\/wp\/v2\/comments?post=15454"}],"version-history":[{"count":1,"href":"https:\/\/blogdoeloiltoncajuhy.com.br\/site\/wp-json\/wp\/v2\/posts\/15454\/revisions"}],"predecessor-version":[{"id":15456,"href":"https:\/\/blogdoeloiltoncajuhy.com.br\/site\/wp-json\/wp\/v2\/posts\/15454\/revisions\/15456"}],"wp:featuredmedia":[{"embeddable":true,"href":"https:\/\/blogdoeloiltoncajuhy.com.br\/site\/wp-json\/wp\/v2\/media\/15455"}],"wp:attachment":[{"href":"https:\/\/blogdoeloiltoncajuhy.com.br\/site\/wp-json\/wp\/v2\/media?parent=15454"}],"wp:term":[{"taxonomy":"category","embeddable":true,"href":"https:\/\/blogdoeloiltoncajuhy.com.br\/site\/wp-json\/wp\/v2\/categories?post=15454"},{"taxonomy":"post_tag","embeddable":true,"href":"https:\/\/blogdoeloiltoncajuhy.com.br\/site\/wp-json\/wp\/v2\/tags?post=15454"}],"curies":[{"name":"wp","href":"https:\/\/api.w.org\/{rel}","templated":true}]}}