{"id":15451,"date":"2017-02-15T08:52:15","date_gmt":"2017-02-15T11:52:15","guid":{"rendered":"http:\/\/blogdoeloiltoncajuhy.com.br\/site\/?p=15451"},"modified":"2017-02-15T08:52:15","modified_gmt":"2017-02-15T11:52:15","slug":"15-de-fevereiro-dia-internacional-de-combate-ao-cancer-infantil","status":"publish","type":"post","link":"https:\/\/blogdoeloiltoncajuhy.com.br\/site\/15-de-fevereiro-dia-internacional-de-combate-ao-cancer-infantil\/","title":{"rendered":"15 de Fevereiro &#8211; Dia Internacional de Combate ao C\u00e2ncer Infantil"},"content":{"rendered":"<p><a href=\"https:\/\/i0.wp.com\/blogdoeloiltoncajuhy.com.br\/site\/wp-content\/uploads\/2017\/02\/dia-internacional-de-combate-ao-cancer-infantil.jpg\"><img data-recalc-dims=\"1\" fetchpriority=\"high\" decoding=\"async\" class=\"aligncenter size-full wp-image-15452\" src=\"https:\/\/i0.wp.com\/blogdoeloiltoncajuhy.com.br\/site\/wp-content\/uploads\/2017\/02\/dia-internacional-de-combate-ao-cancer-infantil.jpg?resize=380%2C133\" alt=\"\" width=\"380\" height=\"133\" srcset=\"https:\/\/i0.wp.com\/blogdoeloiltoncajuhy.com.br\/site\/wp-content\/uploads\/2017\/02\/dia-internacional-de-combate-ao-cancer-infantil.jpg?w=380&amp;ssl=1 380w, https:\/\/i0.wp.com\/blogdoeloiltoncajuhy.com.br\/site\/wp-content\/uploads\/2017\/02\/dia-internacional-de-combate-ao-cancer-infantil.jpg?resize=300%2C105&amp;ssl=1 300w, https:\/\/i0.wp.com\/blogdoeloiltoncajuhy.com.br\/site\/wp-content\/uploads\/2017\/02\/dia-internacional-de-combate-ao-cancer-infantil.jpg?resize=250%2C88&amp;ssl=1 250w\" sizes=\"(max-width: 380px) 100vw, 380px\" \/><\/a>A data serve para despertar a conscientiza\u00e7\u00e3o da popula\u00e7\u00e3o sobre o problema e valoriza a luta das crian\u00e7as para superar a doen\u00e7a. Segundo o Instituto Nacional de C\u00e2ncer (Inca), todos os anos cerca de 11 mil crian\u00e7as e adolescentes de 1 a 19 anos s\u00e3o diagnosticados com c\u00e2ncer no Brasil.<\/p>\n<p>Atualmente, a doen\u00e7a \u00e9 a causa n\u00famero 1 das mortes de pessoas nessa faixa et\u00e1ria. No entanto, o diagn\u00f3stico precoce pode ser a chave para reverter esse quadro. Por isso, os pais devem sempre estar atentos a quaisquer mudan\u00e7as na sa\u00fade dos filhos, prestando aten\u00e7\u00e3o em alguns sintomas que podem estar associados ao c\u00e2ncer. Alguns deles s\u00e3o palidez, manchas roxas sem rela\u00e7\u00e3o com machucados, febre, dor abdominal e urina com sangue, entre outros.<\/p>\n<p>Se ocorrer surgimento desses e de outros sintomas incomuns, \u00e9 fundamental a consulta e acompanhamento do pediatra. J\u00e1 no caso de confirma\u00e7\u00e3o da doen\u00e7a, o acompanhamento m\u00e9dico para o tratamento adequado do c\u00e2ncer \u00e9 fundamental.<\/p>\n<p>Al\u00e9m disso, o cuidado psicol\u00f3gico n\u00e3o pode deixar de existir, tanto para as crian\u00e7as quanto para os pais, para que todos lidem com a situa\u00e7\u00e3o da melhor maneira poss\u00edvel.<\/p>\n<p>Al\u00e9m do apoio m\u00e9dico e psicol\u00f3gico, v\u00e1rias institui\u00e7\u00f5es abra\u00e7aram a causa com o intuito de melhorar a vida dessas crian\u00e7as.<\/p>\n<p><em>*CAPC \u2013 Centro de Aux\u00edlio \u00e0s Pessoas com C\u00e2ncer<\/em><\/p>\n","protected":false},"excerpt":{"rendered":"<p>A data serve para despertar a conscientiza\u00e7\u00e3o da popula\u00e7\u00e3o sobre o problema e valoriza a luta das crian\u00e7as para superar a doen\u00e7a. Segundo o Instituto Nacional de C\u00e2ncer (Inca), todos os anos cerca de 11 mil crian\u00e7as e adolescentes de 1 a 19 anos s\u00e3o diagnosticados com c\u00e2ncer no Brasil. Atualmente, a doen\u00e7a \u00e9 a [&hellip;]<\/p>\n","protected":false},"author":2,"featured_media":15452,"comment_status":"open","ping_status":"open","sticky":false,"template":"","format":"standard","meta":{"_acf_changed":false,"_monsterinsights_skip_tracking":false,"_monsterinsights_sitenote_active":false,"_monsterinsights_sitenote_note":"","_monsterinsights_sitenote_category":0,"_jetpack_memberships_contains_paid_content":false,"footnotes":"","jetpack_publicize_message":"","jetpack_publicize_feature_enabled":true,"jetpack_social_post_already_shared":true,"jetpack_social_options":{"image_generator_settings":{"template":"highway","default_image_id":0,"font":"","enabled":false},"version":2}},"categories":[1,7],"tags":[],"class_list":["post-15451","post","type-post","status-publish","format-standard","has-post-thumbnail","hentry","category-noticias","category-saude"],"acf":[],"jetpack_publicize_connections":[],"jetpack_featured_media_url":"https:\/\/i0.wp.com\/blogdoeloiltoncajuhy.com.br\/site\/wp-content\/uploads\/2017\/02\/dia-internacional-de-combate-ao-cancer-infantil.jpg?fit=380%2C133&ssl=1","jetpack_sharing_enabled":true,"publishpress_future_workflow_manual_trigger":{"enabledWorkflows":[]},"_links":{"self":[{"href":"https:\/\/blogdoeloiltoncajuhy.com.br\/site\/wp-json\/wp\/v2\/posts\/15451","targetHints":{"allow":["GET"]}}],"collection":[{"href":"https:\/\/blogdoeloiltoncajuhy.com.br\/site\/wp-json\/wp\/v2\/posts"}],"about":[{"href":"https:\/\/blogdoeloiltoncajuhy.com.br\/site\/wp-json\/wp\/v2\/types\/post"}],"author":[{"embeddable":true,"href":"https:\/\/blogdoeloiltoncajuhy.com.br\/site\/wp-json\/wp\/v2\/users\/2"}],"replies":[{"embeddable":true,"href":"https:\/\/blogdoeloiltoncajuhy.com.br\/site\/wp-json\/wp\/v2\/comments?post=15451"}],"version-history":[{"count":1,"href":"https:\/\/blogdoeloiltoncajuhy.com.br\/site\/wp-json\/wp\/v2\/posts\/15451\/revisions"}],"predecessor-version":[{"id":15453,"href":"https:\/\/blogdoeloiltoncajuhy.com.br\/site\/wp-json\/wp\/v2\/posts\/15451\/revisions\/15453"}],"wp:featuredmedia":[{"embeddable":true,"href":"https:\/\/blogdoeloiltoncajuhy.com.br\/site\/wp-json\/wp\/v2\/media\/15452"}],"wp:attachment":[{"href":"https:\/\/blogdoeloiltoncajuhy.com.br\/site\/wp-json\/wp\/v2\/media?parent=15451"}],"wp:term":[{"taxonomy":"category","embeddable":true,"href":"https:\/\/blogdoeloiltoncajuhy.com.br\/site\/wp-json\/wp\/v2\/categories?post=15451"},{"taxonomy":"post_tag","embeddable":true,"href":"https:\/\/blogdoeloiltoncajuhy.com.br\/site\/wp-json\/wp\/v2\/tags?post=15451"}],"curies":[{"name":"wp","href":"https:\/\/api.w.org\/{rel}","templated":true}]}}