{"id":15444,"date":"2017-02-14T20:53:35","date_gmt":"2017-02-14T23:53:35","guid":{"rendered":"http:\/\/blogdoeloiltoncajuhy.com.br\/site\/?p=15444"},"modified":"2017-02-14T20:53:35","modified_gmt":"2017-02-14T23:53:35","slug":"atos-de-vandalismo-suspendem-abastecimento-de-agua-em-parte-de-senhor-do-bonfim","status":"publish","type":"post","link":"https:\/\/blogdoeloiltoncajuhy.com.br\/site\/atos-de-vandalismo-suspendem-abastecimento-de-agua-em-parte-de-senhor-do-bonfim\/","title":{"rendered":"Atos de vandalismo suspendem abastecimento de \u00e1gua em parte de Senhor do Bonfim"},"content":{"rendered":"<p style=\"text-align: center;\"><em><strong>Alguns bairros da sede e povoados foram afetados<\/strong><\/em><\/p>\n<p style=\"text-align: left;\"><a href=\"https:\/\/i0.wp.com\/blogdoeloiltoncajuhy.com.br\/site\/wp-content\/uploads\/2017\/01\/Embasa-Informa-3.jpg\"><img data-recalc-dims=\"1\" decoding=\"async\" class=\"aligncenter size-full wp-image-14903\" src=\"https:\/\/i0.wp.com\/blogdoeloiltoncajuhy.com.br\/site\/wp-content\/uploads\/2017\/01\/Embasa-Informa-3.jpg?resize=160%2C120\" alt=\"\" width=\"160\" height=\"120\" \/><\/a>Na manh\u00e3 desta ter\u00e7a-feira (14), o fornecimento de \u00e1gua precisou ser interrompido em algumas localidades de Senhor do Bonfim, ap\u00f3s v\u00e2ndalos danificarem equipamentos de bombeamento de \u00e1gua da esta\u00e7\u00e3o de tratamento do Rio da Prata. Na a\u00e7\u00e3o, alguns equipamentos el\u00e9tricos tamb\u00e9m foram furtados.<\/p>\n<p style=\"text-align: left;\">A interrup\u00e7\u00e3o do abastecimento afetou os bairros \u2013 Alto do Cigano, Alto da Maravilha, Bonfim III, Centro (parte), Jardim Santa Helena e Mutir\u00e3o -, na sede, e as localidades Assentamento Serra Verde, Barro, Catuabo, Coit\u00e9, Miss\u00e3o do Sahy, Salinas e Tribo.<\/p>\n<p>De acordo com o gerente da Embasa de Senhor do Bonfim, Jo\u00e3o Alan, os servi\u00e7os de distribui\u00e7\u00e3o de \u00e1gua nos locais prejudicados ser\u00e3o retomados amanh\u00e3 \u00e0 tarde (15) e regularizados gradativamente.<\/p>\n<p style=\"text-align: left;\">\u201cJ\u00e1 iniciamos a substitui\u00e7\u00e3o e os reparos dos equipamentos e estamos trabalhando intensamente para reiniciar o abastecimento na data prevista\u201d, assegurou o gerente. Um boletim de ocorr\u00eancia ser\u00e1 registrado na Delegacia do Munic\u00edpio para a apura\u00e7\u00e3o dos fatos e puni\u00e7\u00e3o dos infratores.<\/p>\n<p><em>*Assessoria de Comunica\u00e7\u00e3o da Embasa<\/em><br \/>\n74 &#8211; 35418400<\/p>\n","protected":false},"excerpt":{"rendered":"<p>Alguns bairros da sede e povoados foram afetados Na manh\u00e3 desta ter\u00e7a-feira (14), o fornecimento de \u00e1gua precisou ser interrompido em algumas localidades de Senhor do Bonfim, ap\u00f3s v\u00e2ndalos danificarem equipamentos de bombeamento de \u00e1gua da esta\u00e7\u00e3o de tratamento do Rio da Prata. Na a\u00e7\u00e3o, alguns equipamentos el\u00e9tricos tamb\u00e9m foram furtados. A interrup\u00e7\u00e3o do abastecimento [&hellip;]<\/p>\n","protected":false},"author":2,"featured_media":0,"comment_status":"open","ping_status":"open","sticky":false,"template":"","format":"standard","meta":{"_acf_changed":false,"_monsterinsights_skip_tracking":false,"_monsterinsights_sitenote_active":false,"_monsterinsights_sitenote_note":"","_monsterinsights_sitenote_category":0,"_jetpack_memberships_contains_paid_content":false,"footnotes":"","jetpack_publicize_message":"","jetpack_publicize_feature_enabled":true,"jetpack_social_post_already_shared":true,"jetpack_social_options":{"image_generator_settings":{"template":"highway","default_image_id":0,"font":"","enabled":false},"version":2}},"categories":[1,4],"tags":[],"class_list":["post-15444","post","type-post","status-publish","format-standard","hentry","category-noticias","category-local"],"acf":[],"jetpack_publicize_connections":[],"jetpack_featured_media_url":"","jetpack_sharing_enabled":true,"publishpress_future_workflow_manual_trigger":{"enabledWorkflows":[]},"_links":{"self":[{"href":"https:\/\/blogdoeloiltoncajuhy.com.br\/site\/wp-json\/wp\/v2\/posts\/15444","targetHints":{"allow":["GET"]}}],"collection":[{"href":"https:\/\/blogdoeloiltoncajuhy.com.br\/site\/wp-json\/wp\/v2\/posts"}],"about":[{"href":"https:\/\/blogdoeloiltoncajuhy.com.br\/site\/wp-json\/wp\/v2\/types\/post"}],"author":[{"embeddable":true,"href":"https:\/\/blogdoeloiltoncajuhy.com.br\/site\/wp-json\/wp\/v2\/users\/2"}],"replies":[{"embeddable":true,"href":"https:\/\/blogdoeloiltoncajuhy.com.br\/site\/wp-json\/wp\/v2\/comments?post=15444"}],"version-history":[{"count":1,"href":"https:\/\/blogdoeloiltoncajuhy.com.br\/site\/wp-json\/wp\/v2\/posts\/15444\/revisions"}],"predecessor-version":[{"id":15445,"href":"https:\/\/blogdoeloiltoncajuhy.com.br\/site\/wp-json\/wp\/v2\/posts\/15444\/revisions\/15445"}],"wp:attachment":[{"href":"https:\/\/blogdoeloiltoncajuhy.com.br\/site\/wp-json\/wp\/v2\/media?parent=15444"}],"wp:term":[{"taxonomy":"category","embeddable":true,"href":"https:\/\/blogdoeloiltoncajuhy.com.br\/site\/wp-json\/wp\/v2\/categories?post=15444"},{"taxonomy":"post_tag","embeddable":true,"href":"https:\/\/blogdoeloiltoncajuhy.com.br\/site\/wp-json\/wp\/v2\/tags?post=15444"}],"curies":[{"name":"wp","href":"https:\/\/api.w.org\/{rel}","templated":true}]}}