{"id":15438,"date":"2017-02-14T12:15:05","date_gmt":"2017-02-14T15:15:05","guid":{"rendered":"http:\/\/blogdoeloiltoncajuhy.com.br\/site\/?p=15438"},"modified":"2017-02-14T12:15:05","modified_gmt":"2017-02-14T15:15:05","slug":"confira-o-calendario-para-saque-das-contas-inativas-do-fgts","status":"publish","type":"post","link":"https:\/\/blogdoeloiltoncajuhy.com.br\/site\/confira-o-calendario-para-saque-das-contas-inativas-do-fgts\/","title":{"rendered":"Confira o calend\u00e1rio para saque das contas inativas do FGTS"},"content":{"rendered":"<p style=\"text-align: center;\"><em><strong>Dinheiro estar\u00e1 dispon\u00edvel de 10 de mar\u00e7o a 31 de julho<\/strong><\/em><\/p>\n<figure id=\"attachment_10749\" aria-describedby=\"caption-attachment-10749\" style=\"width: 540px\" class=\"wp-caption aligncenter\"><a href=\"https:\/\/i0.wp.com\/blogdoeloiltoncajuhy.com.br\/site\/wp-content\/uploads\/2016\/06\/caixa.jpg\"><img data-recalc-dims=\"1\" fetchpriority=\"high\" decoding=\"async\" class=\"wp-image-10749 size-full\" src=\"https:\/\/i0.wp.com\/blogdoeloiltoncajuhy.com.br\/site\/wp-content\/uploads\/2016\/06\/caixa.jpg?resize=540%2C304\" width=\"540\" height=\"304\" srcset=\"https:\/\/i0.wp.com\/blogdoeloiltoncajuhy.com.br\/site\/wp-content\/uploads\/2016\/06\/caixa.jpg?w=540&amp;ssl=1 540w, https:\/\/i0.wp.com\/blogdoeloiltoncajuhy.com.br\/site\/wp-content\/uploads\/2016\/06\/caixa.jpg?resize=300%2C169&amp;ssl=1 300w, https:\/\/i0.wp.com\/blogdoeloiltoncajuhy.com.br\/site\/wp-content\/uploads\/2016\/06\/caixa.jpg?resize=250%2C141&amp;ssl=1 250w\" sizes=\"(max-width: 540px) 100vw, 540px\" \/><\/a><figcaption id=\"caption-attachment-10749\" class=\"wp-caption-text\">Foto Cl\u00e9ber J\u00fanior\/ Extra &#8211; Cl\u00e9ber J\u00fanior \/ Ag\u00eancia O Globo<\/figcaption><\/figure>\n<p>Os saques das contas inativas do FGTS come\u00e7am no dia 10 de mar\u00e7o e v\u00e3o at\u00e9 o dia 31 de julho. O cronograma de libera\u00e7\u00e3o depende da data de nascimento do trabalhador. Assim, quem nasceu nos meses de janeiro e fevereiro, pode sacar os recursos a partir de 10 de mar\u00e7o, por exemplo. As datas do calend\u00e1rio correspondem ao primeiro dia permitido para o saque. O dinheiro, por\u00e9m, estar\u00e1 dispon\u00edvel para todos os trabalhadores eleg\u00edveis at\u00e9 31 de julho deste ano.<\/p>\n<p><strong>Confira o calend\u00e1rio para saque:<\/strong><\/p>\n<p><strong>A PARTIR DE 10 DE MAR\u00c7O &#8211;<\/strong> trabalhadores nascidos em janeiro e fevereiro<\/p>\n<p><strong>A PARTIR DE 10 DE ABRIL &#8211;<\/strong> trabalhadores nascidos em mar\u00e7o, abril e maio<\/p>\n<p><strong>A PARTIR DE 12 DE MAIO &#8211;<\/strong> trabalhadores nascidos em junho, julho e agosto<\/p>\n<p><strong>A PARTIR DE 16 DE JUNHO &#8211;<\/strong> trabalhadores nascidos em setembro, outubro e novembro<\/p>\n<p><strong>A PARTIR DE 14 DE JULHO &#8211;<\/strong> trabalhadores nascidos em dezembro<\/p>\n<p>Para atender os trabalhadores que querem sacar os recursos das contas inativas do FGTS, 1.891 ag\u00eancias da Caixa Econ\u00f4mica Federal funcionar\u00e3o um s\u00e1bado por m\u00eas, das 9h \u00e0s 15h, em todo o Brasil.<\/p>\n<p>Segundo a Caixa, a medida engloba 49,6 milh\u00f5es de contas &#8211; com saldo de R$ 43,6 bilh\u00f5es -, o que vai beneficiar 30,2 milh\u00f5es de trabalhadores. A previs\u00e3o \u00e9 que a medida injete mais de R$ 30 bilh\u00f5es na economia brasileira.<\/p>\n<p>H\u00e1 um <span style=\"color: #ff0000;\"><strong><a style=\"color: #ff0000;\" href=\"http:\/\/oglobo.globo.com\/economia\/www.caixa.gov.br\/contasinativas\" rel=\"external\">site exclusivo da Caixa<\/a><\/strong><\/span> para facilitar o atendimento ao trabalhador.\u00a0Segundo a Caixa, \u00e9 poss\u00edvel visualizar as contas inativas, o valor que tem a receber, a data do saque e os canais dispon\u00edveis para realiza\u00e7\u00e3o do pagamento.<\/p>\n<p><em>*O Globo<\/em><\/p>\n","protected":false},"excerpt":{"rendered":"<p>Dinheiro estar\u00e1 dispon\u00edvel de 10 de mar\u00e7o a 31 de julho Os saques das contas inativas do FGTS come\u00e7am no dia 10 de mar\u00e7o e v\u00e3o at\u00e9 o dia 31 de julho. O cronograma de libera\u00e7\u00e3o depende da data de nascimento do trabalhador. Assim, quem nasceu nos meses de janeiro e fevereiro, pode sacar os [&hellip;]<\/p>\n","protected":false},"author":2,"featured_media":0,"comment_status":"open","ping_status":"open","sticky":false,"template":"","format":"standard","meta":{"_acf_changed":false,"_monsterinsights_skip_tracking":false,"_monsterinsights_sitenote_active":false,"_monsterinsights_sitenote_note":"","_monsterinsights_sitenote_category":0,"_jetpack_memberships_contains_paid_content":false,"footnotes":"","jetpack_publicize_message":"","jetpack_publicize_feature_enabled":true,"jetpack_social_post_already_shared":true,"jetpack_social_options":{"image_generator_settings":{"template":"highway","default_image_id":0,"font":"","enabled":false},"version":2}},"categories":[5,1],"tags":[],"class_list":["post-15438","post","type-post","status-publish","format-standard","hentry","category-cotidiano","category-noticias"],"acf":[],"jetpack_publicize_connections":[],"jetpack_featured_media_url":"","jetpack_sharing_enabled":true,"publishpress_future_workflow_manual_trigger":{"enabledWorkflows":[]},"_links":{"self":[{"href":"https:\/\/blogdoeloiltoncajuhy.com.br\/site\/wp-json\/wp\/v2\/posts\/15438","targetHints":{"allow":["GET"]}}],"collection":[{"href":"https:\/\/blogdoeloiltoncajuhy.com.br\/site\/wp-json\/wp\/v2\/posts"}],"about":[{"href":"https:\/\/blogdoeloiltoncajuhy.com.br\/site\/wp-json\/wp\/v2\/types\/post"}],"author":[{"embeddable":true,"href":"https:\/\/blogdoeloiltoncajuhy.com.br\/site\/wp-json\/wp\/v2\/users\/2"}],"replies":[{"embeddable":true,"href":"https:\/\/blogdoeloiltoncajuhy.com.br\/site\/wp-json\/wp\/v2\/comments?post=15438"}],"version-history":[{"count":1,"href":"https:\/\/blogdoeloiltoncajuhy.com.br\/site\/wp-json\/wp\/v2\/posts\/15438\/revisions"}],"predecessor-version":[{"id":15439,"href":"https:\/\/blogdoeloiltoncajuhy.com.br\/site\/wp-json\/wp\/v2\/posts\/15438\/revisions\/15439"}],"wp:attachment":[{"href":"https:\/\/blogdoeloiltoncajuhy.com.br\/site\/wp-json\/wp\/v2\/media?parent=15438"}],"wp:term":[{"taxonomy":"category","embeddable":true,"href":"https:\/\/blogdoeloiltoncajuhy.com.br\/site\/wp-json\/wp\/v2\/categories?post=15438"},{"taxonomy":"post_tag","embeddable":true,"href":"https:\/\/blogdoeloiltoncajuhy.com.br\/site\/wp-json\/wp\/v2\/tags?post=15438"}],"curies":[{"name":"wp","href":"https:\/\/api.w.org\/{rel}","templated":true}]}}