{"id":15435,"date":"2017-02-14T06:50:30","date_gmt":"2017-02-14T09:50:30","guid":{"rendered":"http:\/\/blogdoeloiltoncajuhy.com.br\/site\/?p=15435"},"modified":"2017-02-14T06:50:30","modified_gmt":"2017-02-14T09:50:30","slug":"governo-divulga-nesta-terca-calendario-de-saque-das-contas-inativas-do-fgts","status":"publish","type":"post","link":"https:\/\/blogdoeloiltoncajuhy.com.br\/site\/governo-divulga-nesta-terca-calendario-de-saque-das-contas-inativas-do-fgts\/","title":{"rendered":"Governo divulga nesta ter\u00e7a calend\u00e1rio de saque das contas inativas do FGTS"},"content":{"rendered":"<p style=\"text-align: center;\"><em><strong>A partir de mar\u00e7o, mais de 30 milh\u00f5es de trabalhadores ter\u00e3o direito a retirar o dinheiro<\/strong><\/em><\/p>\n<figure id=\"attachment_15436\" aria-describedby=\"caption-attachment-15436\" style=\"width: 600px\" class=\"wp-caption aligncenter\"><a href=\"https:\/\/i0.wp.com\/blogdoeloiltoncajuhy.com.br\/site\/wp-content\/uploads\/2017\/02\/dinheiro-marcos-santos-usp-imagens-e1487065792154.jpg\"><img data-recalc-dims=\"1\" fetchpriority=\"high\" decoding=\"async\" class=\"wp-image-15436 size-full\" src=\"https:\/\/i0.wp.com\/blogdoeloiltoncajuhy.com.br\/site\/wp-content\/uploads\/2017\/02\/dinheiro-marcos-santos-usp-imagens-e1487065792154.jpg?resize=600%2C400\" width=\"600\" height=\"400\" \/><\/a><figcaption id=\"caption-attachment-15436\" class=\"wp-caption-text\">Calend\u00e1rio de saque das contas inativas do FGTS come\u00e7a em mar\u00e7o (Foto: Marcos Santos\/USP Imagens)<\/figcaption><\/figure>\n<p style=\"text-align: left;\">O governo divulga nesta ter\u00e7a-feira (14) o calend\u00e1rio de saque das contas inativas do Fundo de Garantia do Tempo de Servi\u00e7o (FGTS). A partir de mar\u00e7o, mais de 30 milh\u00f5es de trabalhadores ter\u00e3o direito a retirar o dinheiro.<\/p>\n<p style=\"text-align: left;\">De acordo com o governo, s\u00e3o mais de R$ 43 bilh\u00f5es parados nessas contas e o governo calcula que, desse total, R$ 34 bilh\u00f5es ser\u00e3o sacados por trabalhadores.<\/p>\n<p style=\"text-align: left;\">Os saques v\u00e3o acontecer at\u00e9 o meio do ano.\u00a0Mais da metade dos trabalhadores tem, no m\u00e1ximo, R$ 500 para sacar, segundo o governo. Outros 24% t\u00eam saldo entre R$ 500 e R$ 1.500. Os dois grupos representam 80% do total de pessoas com direito a sacar o dinheiro. Os demais t\u00eam mais de R$ 1.500 a receber.<\/p>\n<p style=\"text-align: left;\">Antes, s\u00f3 tinha direito a sacar o FGTS de uma conta inativa quem estivesse desempregado por, no m\u00ednimo, tr\u00eas anos ininterruptos. Agora, a pessoa que pediu demiss\u00e3o ou foi demitida por justa causa at\u00e9 31 de dezembro de 2015 vai poder sacar o saldo que ficou na conta.<\/p>\n<p style=\"text-align: left;\"><em>*Por G1<\/em><\/p>\n","protected":false},"excerpt":{"rendered":"<p>A partir de mar\u00e7o, mais de 30 milh\u00f5es de trabalhadores ter\u00e3o direito a retirar o dinheiro O governo divulga nesta ter\u00e7a-feira (14) o calend\u00e1rio de saque das contas inativas do Fundo de Garantia do Tempo de Servi\u00e7o (FGTS). A partir de mar\u00e7o, mais de 30 milh\u00f5es de trabalhadores ter\u00e3o direito a retirar o dinheiro. De [&hellip;]<\/p>\n","protected":false},"author":2,"featured_media":15436,"comment_status":"open","ping_status":"open","sticky":false,"template":"","format":"standard","meta":{"_acf_changed":false,"_monsterinsights_skip_tracking":false,"_monsterinsights_sitenote_active":false,"_monsterinsights_sitenote_note":"","_monsterinsights_sitenote_category":0,"_jetpack_memberships_contains_paid_content":false,"footnotes":"","jetpack_publicize_message":"","jetpack_publicize_feature_enabled":true,"jetpack_social_post_already_shared":true,"jetpack_social_options":{"image_generator_settings":{"template":"highway","default_image_id":0,"font":"","enabled":false},"version":2}},"categories":[5,1],"tags":[],"class_list":["post-15435","post","type-post","status-publish","format-standard","has-post-thumbnail","hentry","category-cotidiano","category-noticias"],"acf":[],"jetpack_publicize_connections":[],"jetpack_featured_media_url":"https:\/\/i0.wp.com\/blogdoeloiltoncajuhy.com.br\/site\/wp-content\/uploads\/2017\/02\/dinheiro-marcos-santos-usp-imagens-e1487065792154.jpg?fit=600%2C400&ssl=1","jetpack_sharing_enabled":true,"publishpress_future_workflow_manual_trigger":{"enabledWorkflows":[]},"_links":{"self":[{"href":"https:\/\/blogdoeloiltoncajuhy.com.br\/site\/wp-json\/wp\/v2\/posts\/15435","targetHints":{"allow":["GET"]}}],"collection":[{"href":"https:\/\/blogdoeloiltoncajuhy.com.br\/site\/wp-json\/wp\/v2\/posts"}],"about":[{"href":"https:\/\/blogdoeloiltoncajuhy.com.br\/site\/wp-json\/wp\/v2\/types\/post"}],"author":[{"embeddable":true,"href":"https:\/\/blogdoeloiltoncajuhy.com.br\/site\/wp-json\/wp\/v2\/users\/2"}],"replies":[{"embeddable":true,"href":"https:\/\/blogdoeloiltoncajuhy.com.br\/site\/wp-json\/wp\/v2\/comments?post=15435"}],"version-history":[{"count":1,"href":"https:\/\/blogdoeloiltoncajuhy.com.br\/site\/wp-json\/wp\/v2\/posts\/15435\/revisions"}],"predecessor-version":[{"id":15437,"href":"https:\/\/blogdoeloiltoncajuhy.com.br\/site\/wp-json\/wp\/v2\/posts\/15435\/revisions\/15437"}],"wp:featuredmedia":[{"embeddable":true,"href":"https:\/\/blogdoeloiltoncajuhy.com.br\/site\/wp-json\/wp\/v2\/media\/15436"}],"wp:attachment":[{"href":"https:\/\/blogdoeloiltoncajuhy.com.br\/site\/wp-json\/wp\/v2\/media?parent=15435"}],"wp:term":[{"taxonomy":"category","embeddable":true,"href":"https:\/\/blogdoeloiltoncajuhy.com.br\/site\/wp-json\/wp\/v2\/categories?post=15435"},{"taxonomy":"post_tag","embeddable":true,"href":"https:\/\/blogdoeloiltoncajuhy.com.br\/site\/wp-json\/wp\/v2\/tags?post=15435"}],"curies":[{"name":"wp","href":"https:\/\/api.w.org\/{rel}","templated":true}]}}