{"id":15431,"date":"2017-02-13T21:21:57","date_gmt":"2017-02-14T00:21:57","guid":{"rendered":"http:\/\/blogdoeloiltoncajuhy.com.br\/site\/?p=15431"},"modified":"2017-02-13T21:23:51","modified_gmt":"2017-02-14T00:23:51","slug":"encontro-reuniu-prefeitos-da-regiao-para-discutir-implantacao-da-policlinica","status":"publish","type":"post","link":"https:\/\/blogdoeloiltoncajuhy.com.br\/site\/encontro-reuniu-prefeitos-da-regiao-para-discutir-implantacao-da-policlinica\/","title":{"rendered":"Encontro reuniu prefeitos da regi\u00e3o para discutir implanta\u00e7\u00e3o da Policl\u00ednica"},"content":{"rendered":"<p><a href=\"https:\/\/i0.wp.com\/blogdoeloiltoncajuhy.com.br\/site\/wp-content\/uploads\/2017\/02\/Cons%C3%B3rcio-01.jpg\"><img data-recalc-dims=\"1\" fetchpriority=\"high\" decoding=\"async\" class=\"aligncenter size-full wp-image-15432\" src=\"https:\/\/i0.wp.com\/blogdoeloiltoncajuhy.com.br\/site\/wp-content\/uploads\/2017\/02\/Cons%C3%B3rcio-01.jpg?resize=640%2C427\" alt=\"\" width=\"640\" height=\"427\" srcset=\"https:\/\/i0.wp.com\/blogdoeloiltoncajuhy.com.br\/site\/wp-content\/uploads\/2017\/02\/Cons%C3%B3rcio-01.jpg?w=640&amp;ssl=1 640w, https:\/\/i0.wp.com\/blogdoeloiltoncajuhy.com.br\/site\/wp-content\/uploads\/2017\/02\/Cons%C3%B3rcio-01.jpg?resize=300%2C200&amp;ssl=1 300w, https:\/\/i0.wp.com\/blogdoeloiltoncajuhy.com.br\/site\/wp-content\/uploads\/2017\/02\/Cons%C3%B3rcio-01.jpg?resize=250%2C167&amp;ssl=1 250w\" sizes=\"(max-width: 640px) 100vw, 640px\" \/><\/a>O prefeito de Senhor do Bonfim e presidente do Cons\u00f3rcio Territorial de Desenvolvimento Sustent\u00e1vel do Piemonte Norte do Itapicuru, Carlos Brasileiro, realizou na \u00faltima quinta-feira (09), uma reuni\u00e3o com os prefeitos representantes dos munic\u00edpios que constituem o Territ\u00f3rio (Andorinha, Ant\u00f4nio Gon\u00e7alves, Caldeir\u00e3o Grande, Campo Formoso, Filad\u00e9lfia, Jaguarari, Pindoba\u00e7u, Ponto Novo e Senhor do Bonfim). O encontro aconteceu no audit\u00f3rio do novo Leste Hotel e teve como finalidade apresentar aos novos gestores a organiza\u00e7\u00e3o e funcionamento do cons\u00f3rcio.<\/p>\n<p>Durante as discuss\u00f5es, foi apresentada aos prefeitos do Cons\u00f3rcio do Territ\u00f3rio do Piemonte Norte do Itapicuru, a possibilidade da doa\u00e7\u00e3o do maquin\u00e1rio do antigo Departamento de Infraestrutura e Transportes da Bahia (Derba), extinto com a reforma administrativa da atual gest\u00e3o estadual. Alguns dos equipamentos usados que podem ser doados ao Cons\u00f3rcio, s\u00e3o os seguintes: m\u00e1quinas como retroescavadeiras, motoniveladoras e tratores para obras de infraestrutura urbana e estradas vicinais.<\/p>\n<p>Outro assunto amplamente discutido foi a implanta\u00e7\u00e3o do Cons\u00f3rcio de Sa\u00fade, que vai possibilitar a constru\u00e7\u00e3o de uma grande Policl\u00ednica Regional. O estabelecimento de atendimento m\u00e9dico, quando estiver funcionando, poder\u00e1 atender uma popula\u00e7\u00e3o de at\u00e9 700 mil pessoas e melhorar consideravelmente os servi\u00e7os de sa\u00fade oferecidos na nossa regi\u00e3o. Gestores e representantes do territ\u00f3rio do Piemonte da Diamantina tamb\u00e9m participaram dessa e reuni\u00e3o.<\/p>\n<p>\u201cEssa \u00e9 a nossa dire\u00e7\u00e3o a partir de agora, fazer com que as coisas funcionem dentro do Cons\u00f3rcio. Temos muita esperan\u00e7a que possamos dar as m\u00e3os e fazer com que o trabalho em conjunto traga muito mais resultados\u201d, falou Carlos Brasileiro, presidente do Cons\u00f3rcio do Territ\u00f3rio Norte do Piemonte do Itapicuru.<\/p>\n<p>A policl\u00ednica oferecer\u00e1 at\u00e9 18 especialidades, al\u00e9m de servi\u00e7os de apoio ao diagn\u00f3stico como radiografia, tomografia, ultrassonografia, endoscopia e resson\u00e2ncia magn\u00e9tica. No total, ser\u00e3o constru\u00eddas 28 policl\u00ednicas no estado, ao custo individual de R$ 20 milh\u00f5es, entre obras e equipamentos, que ser\u00e3o assumidos integralmente pelo Governo do Estado.<\/p>\n<p>J\u00e1 a manuten\u00e7\u00e3o ser\u00e1 compartilhada entre o Estado, que financiar\u00e1 40% dos custos, e os munic\u00edpios consorciados, que v\u00e3o cobrir os 60% restantes, proporcionalmente \u00e0 sua popula\u00e7\u00e3o.<\/p>\n<p>Segundo Brasileiro, uma nova reuni\u00e3o acontecer\u00e1 ainda em fevereiro para discutir a quest\u00e3o que envole os equipamentos do Derba e o processo de implanta\u00e7\u00e3o da Policl\u00ednica.<\/p>\n<p><strong>Veja como funciona uma Policl\u00ednica:<\/strong><\/p>\n<p><iframe title=\"Cons\u00f3rcios de Sa\u00fade\" width=\"800\" height=\"450\" src=\"https:\/\/www.youtube.com\/embed\/NEy5-AZZEnQ?feature=oembed\" frameborder=\"0\" allow=\"accelerometer; autoplay; encrypted-media; gyroscope; picture-in-picture\" allowfullscreen><\/iframe><\/p>\n<p><em>*Ascom Prefeitura de Senhor do Bonfim<\/em><\/p>\n","protected":false},"excerpt":{"rendered":"<p>O prefeito de Senhor do Bonfim e presidente do Cons\u00f3rcio Territorial de Desenvolvimento Sustent\u00e1vel do Piemonte Norte do Itapicuru, Carlos Brasileiro, realizou na \u00faltima quinta-feira (09), uma reuni\u00e3o com os prefeitos representantes dos munic\u00edpios que constituem o Territ\u00f3rio (Andorinha, Ant\u00f4nio Gon\u00e7alves, Caldeir\u00e3o Grande, Campo Formoso, Filad\u00e9lfia, Jaguarari, Pindoba\u00e7u, Ponto Novo e Senhor do Bonfim). O [&hellip;]<\/p>\n","protected":false},"author":2,"featured_media":15432,"comment_status":"open","ping_status":"open","sticky":false,"template":"","format":"standard","meta":{"_acf_changed":false,"_monsterinsights_skip_tracking":false,"_monsterinsights_sitenote_active":false,"_monsterinsights_sitenote_note":"","_monsterinsights_sitenote_category":0,"_jetpack_memberships_contains_paid_content":false,"footnotes":"","jetpack_publicize_message":"","jetpack_publicize_feature_enabled":true,"jetpack_social_post_already_shared":true,"jetpack_social_options":{"image_generator_settings":{"template":"highway","default_image_id":0,"font":"","enabled":false},"version":2}},"categories":[1,7,4],"tags":[],"class_list":["post-15431","post","type-post","status-publish","format-standard","has-post-thumbnail","hentry","category-noticias","category-saude","category-local"],"acf":[],"jetpack_publicize_connections":[],"jetpack_featured_media_url":"https:\/\/i0.wp.com\/blogdoeloiltoncajuhy.com.br\/site\/wp-content\/uploads\/2017\/02\/Cons%C3%B3rcio-01.jpg?fit=640%2C427&ssl=1","jetpack_sharing_enabled":true,"publishpress_future_workflow_manual_trigger":{"enabledWorkflows":[]},"_links":{"self":[{"href":"https:\/\/blogdoeloiltoncajuhy.com.br\/site\/wp-json\/wp\/v2\/posts\/15431","targetHints":{"allow":["GET"]}}],"collection":[{"href":"https:\/\/blogdoeloiltoncajuhy.com.br\/site\/wp-json\/wp\/v2\/posts"}],"about":[{"href":"https:\/\/blogdoeloiltoncajuhy.com.br\/site\/wp-json\/wp\/v2\/types\/post"}],"author":[{"embeddable":true,"href":"https:\/\/blogdoeloiltoncajuhy.com.br\/site\/wp-json\/wp\/v2\/users\/2"}],"replies":[{"embeddable":true,"href":"https:\/\/blogdoeloiltoncajuhy.com.br\/site\/wp-json\/wp\/v2\/comments?post=15431"}],"version-history":[{"count":2,"href":"https:\/\/blogdoeloiltoncajuhy.com.br\/site\/wp-json\/wp\/v2\/posts\/15431\/revisions"}],"predecessor-version":[{"id":15434,"href":"https:\/\/blogdoeloiltoncajuhy.com.br\/site\/wp-json\/wp\/v2\/posts\/15431\/revisions\/15434"}],"wp:featuredmedia":[{"embeddable":true,"href":"https:\/\/blogdoeloiltoncajuhy.com.br\/site\/wp-json\/wp\/v2\/media\/15432"}],"wp:attachment":[{"href":"https:\/\/blogdoeloiltoncajuhy.com.br\/site\/wp-json\/wp\/v2\/media?parent=15431"}],"wp:term":[{"taxonomy":"category","embeddable":true,"href":"https:\/\/blogdoeloiltoncajuhy.com.br\/site\/wp-json\/wp\/v2\/categories?post=15431"},{"taxonomy":"post_tag","embeddable":true,"href":"https:\/\/blogdoeloiltoncajuhy.com.br\/site\/wp-json\/wp\/v2\/tags?post=15431"}],"curies":[{"name":"wp","href":"https:\/\/api.w.org\/{rel}","templated":true}]}}