{"id":15426,"date":"2017-02-13T20:52:19","date_gmt":"2017-02-13T23:52:19","guid":{"rendered":"http:\/\/blogdoeloiltoncajuhy.com.br\/site\/?p=15426"},"modified":"2017-02-13T20:52:19","modified_gmt":"2017-02-13T23:52:19","slug":"comece-a-terca-feira-meditando-evangelho-mc-814-21","status":"publish","type":"post","link":"https:\/\/blogdoeloiltoncajuhy.com.br\/site\/comece-a-terca-feira-meditando-evangelho-mc-814-21\/","title":{"rendered":"COMECE A TER\u00c7A-FEIRA MEDITANDO: Evangelho (Mc 8,14-21)"},"content":{"rendered":"<p><a href=\"https:\/\/i0.wp.com\/blogdoeloiltoncajuhy.com.br\/site\/wp-content\/uploads\/2015\/10\/liturgia_diaria.jpg\"><img data-recalc-dims=\"1\" fetchpriority=\"high\" decoding=\"async\" class=\"aligncenter wp-image-4757 size-medium\" src=\"https:\/\/i0.wp.com\/blogdoeloiltoncajuhy.com.br\/site\/wp-content\/uploads\/2015\/10\/liturgia_diaria.jpg?resize=300%2C227\" width=\"300\" height=\"227\" srcset=\"https:\/\/i0.wp.com\/blogdoeloiltoncajuhy.com.br\/site\/wp-content\/uploads\/2015\/10\/liturgia_diaria.jpg?resize=300%2C227&amp;ssl=1 300w, https:\/\/i0.wp.com\/blogdoeloiltoncajuhy.com.br\/site\/wp-content\/uploads\/2015\/10\/liturgia_diaria.jpg?resize=250%2C189&amp;ssl=1 250w, https:\/\/i0.wp.com\/blogdoeloiltoncajuhy.com.br\/site\/wp-content\/uploads\/2015\/10\/liturgia_diaria.jpg?w=449&amp;ssl=1 449w\" sizes=\"(max-width: 300px) 100vw, 300px\" \/><\/a>Naquele tempo, os disc\u00edpulos tinham se esquecido de levar p\u00e3es. Tinham consigo na barca apenas um p\u00e3o. Ent\u00e3o Jesus os advertiu: \u201cPrestai aten\u00e7\u00e3o e tomai cuidado com o fermento dos fariseus e com o fermento de Herodes\u201d.<\/p>\n<p>Os disc\u00edpulos diziam entre si: \u201c\u00c9 porque n\u00e3o temos p\u00e3o\u201d. Mas Jesus percebeu e perguntou-lhes: \u201cPor que discutis sobre a falta de p\u00e3o? Ainda n\u00e3o entendeis e nem compreendeis? V\u00f3s tendes o cora\u00e7\u00e3o endurecido? Tendo olhos, n\u00e3o vedes, e tendo ouvidos, n\u00e3o ouvis? N\u00e3o vos lembrais de quando reparti cinco p\u00e3es para cinco mil pessoas? Quantos cestos v\u00f3s recolhestes cheios de peda\u00e7os?\u201d<\/p>\n<p>Eles responderam: \u201cDoze\u201d. Jesus perguntou: E quando reparti sete p\u00e3es com quatro mil pessoas, quantos cestos v\u00f3s recolhestes cheios de peda\u00e7os? Eles responderam: \u201cSete\u201d. Jesus disse: \u201cE ainda n\u00e3o compreendeis?\u201d<\/p>\n<p><a href=\"http:\/\/liturgia.cancaonova.com\/liturgia\/sao-cirilo-e-sao-metodio-terca-feira-14022017\/\"><em><strong>*Can\u00e7\u00e3o Nova<\/strong><\/em><\/a><\/p>\n","protected":false},"excerpt":{"rendered":"<p>Naquele tempo, os disc\u00edpulos tinham se esquecido de levar p\u00e3es. Tinham consigo na barca apenas um p\u00e3o. Ent\u00e3o Jesus os advertiu: \u201cPrestai aten\u00e7\u00e3o e tomai cuidado com o fermento dos fariseus e com o fermento de Herodes\u201d. Os disc\u00edpulos diziam entre si: \u201c\u00c9 porque n\u00e3o temos p\u00e3o\u201d. Mas Jesus percebeu e perguntou-lhes: \u201cPor que discutis [&hellip;]<\/p>\n","protected":false},"author":2,"featured_media":0,"comment_status":"open","ping_status":"open","sticky":false,"template":"","format":"standard","meta":{"_acf_changed":false,"_monsterinsights_skip_tracking":false,"_monsterinsights_sitenote_active":false,"_monsterinsights_sitenote_note":"","_monsterinsights_sitenote_category":0,"_jetpack_memberships_contains_paid_content":false,"footnotes":"","jetpack_publicize_message":"","jetpack_publicize_feature_enabled":true,"jetpack_social_post_already_shared":true,"jetpack_social_options":{"image_generator_settings":{"template":"highway","default_image_id":0,"font":"","enabled":false},"version":2}},"categories":[1,9],"tags":[],"class_list":["post-15426","post","type-post","status-publish","format-standard","hentry","category-noticias","category-reflexao"],"acf":[],"jetpack_publicize_connections":[],"jetpack_featured_media_url":"","jetpack_sharing_enabled":true,"publishpress_future_workflow_manual_trigger":{"enabledWorkflows":[]},"_links":{"self":[{"href":"https:\/\/blogdoeloiltoncajuhy.com.br\/site\/wp-json\/wp\/v2\/posts\/15426","targetHints":{"allow":["GET"]}}],"collection":[{"href":"https:\/\/blogdoeloiltoncajuhy.com.br\/site\/wp-json\/wp\/v2\/posts"}],"about":[{"href":"https:\/\/blogdoeloiltoncajuhy.com.br\/site\/wp-json\/wp\/v2\/types\/post"}],"author":[{"embeddable":true,"href":"https:\/\/blogdoeloiltoncajuhy.com.br\/site\/wp-json\/wp\/v2\/users\/2"}],"replies":[{"embeddable":true,"href":"https:\/\/blogdoeloiltoncajuhy.com.br\/site\/wp-json\/wp\/v2\/comments?post=15426"}],"version-history":[{"count":1,"href":"https:\/\/blogdoeloiltoncajuhy.com.br\/site\/wp-json\/wp\/v2\/posts\/15426\/revisions"}],"predecessor-version":[{"id":15427,"href":"https:\/\/blogdoeloiltoncajuhy.com.br\/site\/wp-json\/wp\/v2\/posts\/15426\/revisions\/15427"}],"wp:attachment":[{"href":"https:\/\/blogdoeloiltoncajuhy.com.br\/site\/wp-json\/wp\/v2\/media?parent=15426"}],"wp:term":[{"taxonomy":"category","embeddable":true,"href":"https:\/\/blogdoeloiltoncajuhy.com.br\/site\/wp-json\/wp\/v2\/categories?post=15426"},{"taxonomy":"post_tag","embeddable":true,"href":"https:\/\/blogdoeloiltoncajuhy.com.br\/site\/wp-json\/wp\/v2\/tags?post=15426"}],"curies":[{"name":"wp","href":"https:\/\/api.w.org\/{rel}","templated":true}]}}