{"id":15420,"date":"2017-02-13T20:40:23","date_gmt":"2017-02-13T23:40:23","guid":{"rendered":"http:\/\/blogdoeloiltoncajuhy.com.br\/site\/?p=15420"},"modified":"2017-02-13T20:43:25","modified_gmt":"2017-02-13T23:43:25","slug":"barragens-das-regioes-de-jacobina-e-senhor-do-bonfim-estao-com-niveis-preocupantes","status":"publish","type":"post","link":"https:\/\/blogdoeloiltoncajuhy.com.br\/site\/barragens-das-regioes-de-jacobina-e-senhor-do-bonfim-estao-com-niveis-preocupantes\/","title":{"rendered":"Barragens das regi\u00f5es de Jacobina e Senhor do Bonfim est\u00e3o com n\u00edveis preocupantes"},"content":{"rendered":"<p style=\"text-align: center;\"><em><strong>Para conter crise h\u00eddrica, Embasa vai reduzir oferta de \u00e1gua<\/strong><\/em><\/p>\n<figure id=\"attachment_15421\" aria-describedby=\"caption-attachment-15421\" style=\"width: 600px\" class=\"wp-caption aligncenter\"><a href=\"https:\/\/i0.wp.com\/blogdoeloiltoncajuhy.com.br\/site\/wp-content\/uploads\/2017\/02\/Barragem-de-Ponto-Novo-fev_2017.jpg\"><img data-recalc-dims=\"1\" fetchpriority=\"high\" decoding=\"async\" class=\"wp-image-15421 size-full\" src=\"https:\/\/i0.wp.com\/blogdoeloiltoncajuhy.com.br\/site\/wp-content\/uploads\/2017\/02\/Barragem-de-Ponto-Novo-fev_2017.jpg?resize=600%2C337\" width=\"600\" height=\"337\" srcset=\"https:\/\/i0.wp.com\/blogdoeloiltoncajuhy.com.br\/site\/wp-content\/uploads\/2017\/02\/Barragem-de-Ponto-Novo-fev_2017.jpg?w=600&amp;ssl=1 600w, https:\/\/i0.wp.com\/blogdoeloiltoncajuhy.com.br\/site\/wp-content\/uploads\/2017\/02\/Barragem-de-Ponto-Novo-fev_2017.jpg?resize=300%2C169&amp;ssl=1 300w, https:\/\/i0.wp.com\/blogdoeloiltoncajuhy.com.br\/site\/wp-content\/uploads\/2017\/02\/Barragem-de-Ponto-Novo-fev_2017.jpg?resize=250%2C140&amp;ssl=1 250w\" sizes=\"(max-width: 600px) 100vw, 600px\" \/><\/a><figcaption id=\"caption-attachment-15421\" class=\"wp-caption-text\">Barragem de Ponto Novo est\u00e1 com 30% de sua capacidade (Foto: S\u00edlvio Murta\/Embasa)<\/figcaption><\/figure>\n<p style=\"text-align: left;\">A escassez de chuvas no sert\u00e3o da Bahia tem causado uma diminui\u00e7\u00e3o acentuada nos n\u00edveis de \u00e1gua acumulada das barragens que abastecem os munic\u00edpios das regi\u00f5es de Jacobina e Senhor do Bonfim. Por causa deste cen\u00e1rio, a Empresa Baiana de \u00c1guas e Saneamento (Embasa) ir\u00e1 reduzir, at\u00e9 o final deste m\u00eas, a oferta de \u00e1gua nos munic\u00edpios de Jacobina, Ca\u00e9m, Sa\u00fade, Ant\u00f4nio Gon\u00e7alves, Campo Formoso, Serrol\u00e2ndia, V\u00e1rzea do Po\u00e7o, Caldeir\u00e3o Grande, Ponto Novo, Filad\u00e9lfia, Iti\u00faba, Jaguarari, Andorinha e Senhor do Bonfim.<\/p>\n<p>A empresa tamb\u00e9m iniciar\u00e1 em breve uma campanha de conscientiza\u00e7\u00e3o para o uso racional da \u00e1gua distribu\u00edda nestes munic\u00edpios. O mote da campanha \u00e9 \u201cEconomize \u00e1gua. Cada gota conta\u201d e busca alertar \u00e0 popula\u00e7\u00e3o sobre a necessidade de consumir menos \u00e1gua para que seja poss\u00edvel garantir a continuidade do abastecimento regular diante dos efeitos da estiagem prolongada que acontece em toda a regi\u00e3o.<\/p>\n<p><strong>Barragens<\/strong><\/p>\n<p>A Embasa disp\u00f5e na regi\u00e3o de Jacobina das barragens de Pindoba\u00e7u, Cachoeira Grande e Itapicuruzinho, que est\u00e3o com 40%, 43% e 19%, respectivamente, da capacidade de armazenamento de \u00e1gua. Na regi\u00e3o de Senhor do Bonfim, as barragens de Ponto Novo, do Aipim e Prata est\u00e3o com 30%, 62% e 13%, respectivamente, do volume m\u00e1ximo de acumula\u00e7\u00e3o do recurso h\u00eddrico.<\/p>\n<p style=\"text-align: left;\">\u201cEsta disponibilidade h\u00eddrica nos preocupa muito. Por isso, pedimos \u00e0 popula\u00e7\u00e3o que adote h\u00e1bitos conscientes de consumo da \u00e1gua\u201d, alerta o gerente Regional da Embasa de Senhor do Bonfim, Vin\u00edcius Ara\u00fajo. Em caso de vazamentos na rua, os moradores podem informar \u00e0 Embasa pelo 0800 0555 195 para que a empresa fa\u00e7a a corre\u00e7\u00e3o no menor tempo poss\u00edvel, evitando o desperd\u00edcio.<\/p>\n<figure id=\"attachment_15422\" aria-describedby=\"caption-attachment-15422\" style=\"width: 600px\" class=\"wp-caption aligncenter\"><a href=\"https:\/\/i0.wp.com\/blogdoeloiltoncajuhy.com.br\/site\/wp-content\/uploads\/2017\/02\/Barragem-do-Aipim-fev_2017.jpg\"><img data-recalc-dims=\"1\" decoding=\"async\" class=\"wp-image-15422 size-full\" src=\"https:\/\/i0.wp.com\/blogdoeloiltoncajuhy.com.br\/site\/wp-content\/uploads\/2017\/02\/Barragem-do-Aipim-fev_2017.jpg?resize=600%2C336\" width=\"600\" height=\"336\" srcset=\"https:\/\/i0.wp.com\/blogdoeloiltoncajuhy.com.br\/site\/wp-content\/uploads\/2017\/02\/Barragem-do-Aipim-fev_2017.jpg?w=600&amp;ssl=1 600w, https:\/\/i0.wp.com\/blogdoeloiltoncajuhy.com.br\/site\/wp-content\/uploads\/2017\/02\/Barragem-do-Aipim-fev_2017.jpg?resize=300%2C168&amp;ssl=1 300w, https:\/\/i0.wp.com\/blogdoeloiltoncajuhy.com.br\/site\/wp-content\/uploads\/2017\/02\/Barragem-do-Aipim-fev_2017.jpg?resize=250%2C140&amp;ssl=1 250w\" sizes=\"(max-width: 600px) 100vw, 600px\" \/><\/a><figcaption id=\"caption-attachment-15422\" class=\"wp-caption-text\">Barragem do Aipim tem 62% de sua capacidade (Foto: Adriano Aleixo\/Embasa)<\/figcaption><\/figure>\n<p style=\"text-align: left;\"><strong>Dicas para Economia de \u00c1gua<\/strong><\/p>\n<p>=\u00a0Enquanto estiver escovando os dentes, fazendo a barba ou ensaboando as m\u00e3os, deixe a torneira fechada. Reabra apenas para enxaguar.<\/p>\n<p>= Ao lavar o carro, em vez de usar mangueira, use balde<\/p>\n<p>=\u00a0Se poss\u00edvel, substitua vasos sanit\u00e1rios antigos, que consomem mais \u00e1gua, por modelos novos, com a descarga acoplada e dois fluxos (de 3 e 6 litros).<\/p>\n<p>=\u00a0Na hora de passar o xampu e o sabonete, desligue o chuveiro.<\/p>\n<p>=\u00a0Feche a torneira enquanto ensaboa a lou\u00e7a e aten\u00e7\u00e3o: ao comprar m\u00e1quina de lavar roupas ou pratos, verifique no manual o consumo de \u00e1gua do produto.<\/p>\n<p>=\u00a0Acumule as roupas e lave de uma vez. Se for lavar a m\u00e3o, n\u00e3o esque\u00e7a de fechar a torneira enquanto ensaboa e esfrega a roupa. Depois, jogue a \u00e1gua da lavagem de roupas em um balde e use na limpeza da casa.<\/p>\n<p>=\u00a0Jamais use \u00e1gua para limpar a cal\u00e7ada e o quintal. Use a vassoura.<\/p>\n<p>=\u00a0N\u00e3o lave hortali\u00e7as e legumes em \u00e1gua corrente. Use uma bacia.<\/p>\n<p>=\u00a0Instale arejadores de vaz\u00e3o nas torneiras. O arejador pode reduzir o consumo de \u00e1gua em at\u00e9 80%. Os modelos mais econ\u00f4micos funcionam com uma vaz\u00e3o fixa, espalhando a \u00e1gua atrav\u00e9s de micro jatos.<\/p>\n<p>=\u00a0Na hora de molhar as plantas, use regador em vez de mangueira. Assim voc\u00ea gasta muito menos.<\/p>\n<p style=\"text-align: left;\">Mais dicas podem ser acessadas no site\u00a0<a id=\"m_2842366351593233673LPlnk495645\" href=\"http:\/\/www.eueconomizoagua.com.br\/\" target=\"_blank\" data-saferedirecturl=\"https:\/\/www.google.com\/url?hl=pt-BR&amp;q=http:\/\/www.eueconomizoagua.com.br\/&amp;source=gmail&amp;ust=1487114008252000&amp;usg=AFQjCNGGkQ43kPlLm41X0q3m719BwB_KVQ\"><b>www.eueconomizoagua.com.<wbr \/>br<\/b><\/a><\/p>\n<p style=\"text-align: left;\"><em>*Assessoria de Comunica\u00e7\u00e3o da Embasa<\/em><br \/>\n(74) 3541 8400<\/p>\n","protected":false},"excerpt":{"rendered":"<p>Para conter crise h\u00eddrica, Embasa vai reduzir oferta de \u00e1gua A escassez de chuvas no sert\u00e3o da Bahia tem causado uma diminui\u00e7\u00e3o acentuada nos n\u00edveis de \u00e1gua acumulada das barragens que abastecem os munic\u00edpios das regi\u00f5es de Jacobina e Senhor do Bonfim. Por causa deste cen\u00e1rio, a Empresa Baiana de \u00c1guas e Saneamento (Embasa) ir\u00e1 [&hellip;]<\/p>\n","protected":false},"author":2,"featured_media":15422,"comment_status":"open","ping_status":"open","sticky":false,"template":"","format":"standard","meta":{"_acf_changed":false,"_monsterinsights_skip_tracking":false,"_monsterinsights_sitenote_active":false,"_monsterinsights_sitenote_note":"","_monsterinsights_sitenote_category":0,"_jetpack_memberships_contains_paid_content":false,"footnotes":"","jetpack_publicize_message":"","jetpack_publicize_feature_enabled":true,"jetpack_social_post_already_shared":true,"jetpack_social_options":{"image_generator_settings":{"template":"highway","default_image_id":0,"font":"","enabled":false},"version":2}},"categories":[5,1,11,4],"tags":[],"class_list":["post-15420","post","type-post","status-publish","format-standard","has-post-thumbnail","hentry","category-cotidiano","category-noticias","category-regional","category-local"],"acf":[],"jetpack_publicize_connections":[],"jetpack_featured_media_url":"https:\/\/i0.wp.com\/blogdoeloiltoncajuhy.com.br\/site\/wp-content\/uploads\/2017\/02\/Barragem-do-Aipim-fev_2017.jpg?fit=600%2C336&ssl=1","jetpack_sharing_enabled":true,"publishpress_future_workflow_manual_trigger":{"enabledWorkflows":[]},"_links":{"self":[{"href":"https:\/\/blogdoeloiltoncajuhy.com.br\/site\/wp-json\/wp\/v2\/posts\/15420","targetHints":{"allow":["GET"]}}],"collection":[{"href":"https:\/\/blogdoeloiltoncajuhy.com.br\/site\/wp-json\/wp\/v2\/posts"}],"about":[{"href":"https:\/\/blogdoeloiltoncajuhy.com.br\/site\/wp-json\/wp\/v2\/types\/post"}],"author":[{"embeddable":true,"href":"https:\/\/blogdoeloiltoncajuhy.com.br\/site\/wp-json\/wp\/v2\/users\/2"}],"replies":[{"embeddable":true,"href":"https:\/\/blogdoeloiltoncajuhy.com.br\/site\/wp-json\/wp\/v2\/comments?post=15420"}],"version-history":[{"count":3,"href":"https:\/\/blogdoeloiltoncajuhy.com.br\/site\/wp-json\/wp\/v2\/posts\/15420\/revisions"}],"predecessor-version":[{"id":15425,"href":"https:\/\/blogdoeloiltoncajuhy.com.br\/site\/wp-json\/wp\/v2\/posts\/15420\/revisions\/15425"}],"wp:featuredmedia":[{"embeddable":true,"href":"https:\/\/blogdoeloiltoncajuhy.com.br\/site\/wp-json\/wp\/v2\/media\/15422"}],"wp:attachment":[{"href":"https:\/\/blogdoeloiltoncajuhy.com.br\/site\/wp-json\/wp\/v2\/media?parent=15420"}],"wp:term":[{"taxonomy":"category","embeddable":true,"href":"https:\/\/blogdoeloiltoncajuhy.com.br\/site\/wp-json\/wp\/v2\/categories?post=15420"},{"taxonomy":"post_tag","embeddable":true,"href":"https:\/\/blogdoeloiltoncajuhy.com.br\/site\/wp-json\/wp\/v2\/tags?post=15420"}],"curies":[{"name":"wp","href":"https:\/\/api.w.org\/{rel}","templated":true}]}}