{"id":15412,"date":"2017-02-13T12:12:01","date_gmt":"2017-02-13T15:12:01","guid":{"rendered":"http:\/\/blogdoeloiltoncajuhy.com.br\/site\/?p=15412"},"modified":"2017-02-13T12:12:01","modified_gmt":"2017-02-13T15:12:01","slug":"bonfim-2a-turma-de-profissionais-do-samu-inicia-curso-de-educacao-permanente","status":"publish","type":"post","link":"https:\/\/blogdoeloiltoncajuhy.com.br\/site\/bonfim-2a-turma-de-profissionais-do-samu-inicia-curso-de-educacao-permanente\/","title":{"rendered":"BONFIM: 2\u00aa turma de profissionais do SAMU inicia curso de educa\u00e7\u00e3o permanente"},"content":{"rendered":"<p><a href=\"https:\/\/i0.wp.com\/blogdoeloiltoncajuhy.com.br\/site\/wp-content\/uploads\/2017\/02\/treinamento-samu-1-e1486998688184.jpg\"><img data-recalc-dims=\"1\" fetchpriority=\"high\" decoding=\"async\" class=\"aligncenter size-full wp-image-15413\" src=\"https:\/\/i0.wp.com\/blogdoeloiltoncajuhy.com.br\/site\/wp-content\/uploads\/2017\/02\/treinamento-samu-1-e1486998688184.jpg?resize=500%2C281\" alt=\"\" width=\"500\" height=\"281\" \/><\/a>Dando continuidade ao curso de capacita\u00e7\u00e3o dos profissionais do SAMU 192, foram iniciadas na \u00faltima sexta-feira (10), as aulas com a 2\u00aa turma dos profissionais de sa\u00fade da unidade. As aulas est\u00e3o sendo ministradas por profissionais bonfinenses na base do Servi\u00e7o de Atendimento M\u00f3vel de Urg\u00eancia \u2013 SAMU 192.<\/p>\n<p>O curso, realizado com apoio da Secretaria de Sa\u00fade, \u00e9 direcionado ao m\u00e9dicos, enfermeiros, t\u00e9cnicos de enfermagem e condutores socorristas da base.<\/p>\n<p>O treinamento, intitulado \u201cN\u00facleo de Educa\u00e7\u00e3o Permanente\u201d, ser\u00e1 ministrado ao longo deste ano, fazendo com que o SAMU bonfinense permane\u00e7a sempre atuante e buscando a excel\u00eancia no atendimento m\u00e9dico de urg\u00eancia.<\/p>\n<p>No primeiro momento ser\u00e3o capacitados somente os profissionais da base central, posteriormente, os profissionais das bases descentralizadas. Para um aprendizado mais eficiente, os profissionais foram divididos em grupos com 5 funcion\u00e1rios por aula, facilitando a assimila\u00e7\u00e3o do conte\u00fado.<\/p>\n<p><em><a href=\"https:\/\/i0.wp.com\/blogdoeloiltoncajuhy.com.br\/site\/wp-content\/uploads\/2017\/02\/treinamento-samu-2-e1486998709393.jpg\"><img data-recalc-dims=\"1\" decoding=\"async\" class=\"aligncenter size-full wp-image-15414\" src=\"https:\/\/i0.wp.com\/blogdoeloiltoncajuhy.com.br\/site\/wp-content\/uploads\/2017\/02\/treinamento-samu-2-e1486998709393.jpg?resize=500%2C397\" alt=\"\" width=\"500\" height=\"397\" \/><\/a>*Ascom Prefeitura de Senhor do Bonfim<\/em><\/p>\n","protected":false},"excerpt":{"rendered":"<p>Dando continuidade ao curso de capacita\u00e7\u00e3o dos profissionais do SAMU 192, foram iniciadas na \u00faltima sexta-feira (10), as aulas com a 2\u00aa turma dos profissionais de sa\u00fade da unidade. As aulas est\u00e3o sendo ministradas por profissionais bonfinenses na base do Servi\u00e7o de Atendimento M\u00f3vel de Urg\u00eancia \u2013 SAMU 192. O curso, realizado com apoio da [&hellip;]<\/p>\n","protected":false},"author":2,"featured_media":15414,"comment_status":"open","ping_status":"open","sticky":false,"template":"","format":"standard","meta":{"_acf_changed":false,"_monsterinsights_skip_tracking":false,"_monsterinsights_sitenote_active":false,"_monsterinsights_sitenote_note":"","_monsterinsights_sitenote_category":0,"_jetpack_memberships_contains_paid_content":false,"footnotes":"","jetpack_publicize_message":"","jetpack_publicize_feature_enabled":true,"jetpack_social_post_already_shared":true,"jetpack_social_options":{"image_generator_settings":{"template":"highway","default_image_id":0,"font":"","enabled":false},"version":2}},"categories":[1,7,4],"tags":[],"class_list":["post-15412","post","type-post","status-publish","format-standard","has-post-thumbnail","hentry","category-noticias","category-saude","category-local"],"acf":[],"jetpack_publicize_connections":[],"jetpack_featured_media_url":"https:\/\/i0.wp.com\/blogdoeloiltoncajuhy.com.br\/site\/wp-content\/uploads\/2017\/02\/treinamento-samu-2-e1486998709393.jpg?fit=500%2C397&ssl=1","jetpack_sharing_enabled":true,"publishpress_future_workflow_manual_trigger":{"enabledWorkflows":[]},"_links":{"self":[{"href":"https:\/\/blogdoeloiltoncajuhy.com.br\/site\/wp-json\/wp\/v2\/posts\/15412","targetHints":{"allow":["GET"]}}],"collection":[{"href":"https:\/\/blogdoeloiltoncajuhy.com.br\/site\/wp-json\/wp\/v2\/posts"}],"about":[{"href":"https:\/\/blogdoeloiltoncajuhy.com.br\/site\/wp-json\/wp\/v2\/types\/post"}],"author":[{"embeddable":true,"href":"https:\/\/blogdoeloiltoncajuhy.com.br\/site\/wp-json\/wp\/v2\/users\/2"}],"replies":[{"embeddable":true,"href":"https:\/\/blogdoeloiltoncajuhy.com.br\/site\/wp-json\/wp\/v2\/comments?post=15412"}],"version-history":[{"count":1,"href":"https:\/\/blogdoeloiltoncajuhy.com.br\/site\/wp-json\/wp\/v2\/posts\/15412\/revisions"}],"predecessor-version":[{"id":15415,"href":"https:\/\/blogdoeloiltoncajuhy.com.br\/site\/wp-json\/wp\/v2\/posts\/15412\/revisions\/15415"}],"wp:featuredmedia":[{"embeddable":true,"href":"https:\/\/blogdoeloiltoncajuhy.com.br\/site\/wp-json\/wp\/v2\/media\/15414"}],"wp:attachment":[{"href":"https:\/\/blogdoeloiltoncajuhy.com.br\/site\/wp-json\/wp\/v2\/media?parent=15412"}],"wp:term":[{"taxonomy":"category","embeddable":true,"href":"https:\/\/blogdoeloiltoncajuhy.com.br\/site\/wp-json\/wp\/v2\/categories?post=15412"},{"taxonomy":"post_tag","embeddable":true,"href":"https:\/\/blogdoeloiltoncajuhy.com.br\/site\/wp-json\/wp\/v2\/tags?post=15412"}],"curies":[{"name":"wp","href":"https:\/\/api.w.org\/{rel}","templated":true}]}}