{"id":15409,"date":"2017-02-13T09:42:04","date_gmt":"2017-02-13T12:42:04","guid":{"rendered":"http:\/\/blogdoeloiltoncajuhy.com.br\/site\/?p=15409"},"modified":"2017-02-13T09:42:04","modified_gmt":"2017-02-13T12:42:04","slug":"bonfim-secretaria-de-educacao-realiza-campanha-de-divulgacao-de-matriculas-no-distrito-de-quice","status":"publish","type":"post","link":"https:\/\/blogdoeloiltoncajuhy.com.br\/site\/bonfim-secretaria-de-educacao-realiza-campanha-de-divulgacao-de-matriculas-no-distrito-de-quice\/","title":{"rendered":"BONFIM: Secretaria de Educa\u00e7\u00e3o realiza campanha de divulga\u00e7\u00e3o de matriculas no Distrito de Quic\u00e9"},"content":{"rendered":"<p><a href=\"https:\/\/i0.wp.com\/blogdoeloiltoncajuhy.com.br\/site\/wp-content\/uploads\/2017\/02\/matr%C3%ADculas-2017_quice-e1486989705941.jpg\"><img data-recalc-dims=\"1\" fetchpriority=\"high\" decoding=\"async\" class=\"wp-image-15410 size-medium alignleft\" src=\"https:\/\/i0.wp.com\/blogdoeloiltoncajuhy.com.br\/site\/wp-content\/uploads\/2017\/02\/matr%C3%ADculas-2017_quice.jpg?resize=300%2C169\" width=\"300\" height=\"169\" \/><\/a>Aconteceu neste domingo (12), no Distrito de Quic\u00e9, mais uma etapa da a\u00e7\u00e3o de divulga\u00e7\u00e3o da campanha de matricula 2017 da rede municipal de ensino. Com o slogan \u201cVem, traz mais um! A escola municipal est\u00e1 mudando pra melhor\u201d, membros da Secretaria de Educa\u00e7\u00e3o \u2013 SEMED, montaram um stand na Pra\u00e7a da Matriz, disponibilizaram jogos e livros infantis, al\u00e9m de distribuir panfletos informativos.<\/p>\n<p>A a\u00e7\u00e3o realizada em todo o munic\u00edpio tem como objetivo informar sobre os procedimentos de matr\u00edcula e resgatar a participa\u00e7\u00e3o do alunado nas escolas municipais.\u00a0As matr\u00edculas da Educa\u00e7\u00e3o Infantil ao Ensino Fundamental II e programa de ensino Educa\u00e7\u00e3o de Jovens e Adultos &#8211; EJA, encontram-se abertas. No ato da matricula s\u00e3o necess\u00e1rios os seguintes documentos: certid\u00e3o de nascimento ou carteira de identidade do aluno, documento do respons\u00e1vel (CPF ou identidade), comprovante de resid\u00eancia, 02 fotos 3&#215;4, Xerox do cart\u00e3o do Bolsa Fam\u00edlia, cart\u00e3o de vacina e transfer\u00eancia ou declara\u00e7\u00e3o.<\/p>\n<p>As matr\u00edculas devem ser realizadas preferencialmente nas escolas mais pr\u00f3ximas das resid\u00eancias dos alunos, nos turnos matutino, vespertino e noturno (no caso do EJA).<\/p>\n<p>Os Vereadores R\u00ea do Sindicato e Deto do Quic\u00e9, Coordenadores, Diretores e Professores do Distrito participaram da a\u00e7\u00e3o de divulga\u00e7\u00e3o.<\/p>\n<p><em>*Ascom Prefeitura de Senhor do Bonfim<\/em><\/p>\n","protected":false},"excerpt":{"rendered":"<p>Aconteceu neste domingo (12), no Distrito de Quic\u00e9, mais uma etapa da a\u00e7\u00e3o de divulga\u00e7\u00e3o da campanha de matricula 2017 da rede municipal de ensino. Com o slogan \u201cVem, traz mais um! A escola municipal est\u00e1 mudando pra melhor\u201d, membros da Secretaria de Educa\u00e7\u00e3o \u2013 SEMED, montaram um stand na Pra\u00e7a da Matriz, disponibilizaram jogos [&hellip;]<\/p>\n","protected":false},"author":2,"featured_media":15410,"comment_status":"open","ping_status":"open","sticky":false,"template":"","format":"standard","meta":{"_acf_changed":false,"_monsterinsights_skip_tracking":false,"_monsterinsights_sitenote_active":false,"_monsterinsights_sitenote_note":"","_monsterinsights_sitenote_category":0,"_jetpack_memberships_contains_paid_content":false,"footnotes":"","jetpack_publicize_message":"","jetpack_publicize_feature_enabled":true,"jetpack_social_post_already_shared":true,"jetpack_social_options":{"image_generator_settings":{"template":"highway","default_image_id":0,"font":"","enabled":false},"version":2}},"categories":[14,1,4],"tags":[],"class_list":["post-15409","post","type-post","status-publish","format-standard","has-post-thumbnail","hentry","category-educacao","category-noticias","category-local"],"acf":[],"jetpack_publicize_connections":[],"jetpack_featured_media_url":"https:\/\/i0.wp.com\/blogdoeloiltoncajuhy.com.br\/site\/wp-content\/uploads\/2017\/02\/matr%C3%ADculas-2017_quice-e1486989705941.jpg?fit=600%2C338&ssl=1","jetpack_sharing_enabled":true,"publishpress_future_workflow_manual_trigger":{"enabledWorkflows":[]},"_links":{"self":[{"href":"https:\/\/blogdoeloiltoncajuhy.com.br\/site\/wp-json\/wp\/v2\/posts\/15409","targetHints":{"allow":["GET"]}}],"collection":[{"href":"https:\/\/blogdoeloiltoncajuhy.com.br\/site\/wp-json\/wp\/v2\/posts"}],"about":[{"href":"https:\/\/blogdoeloiltoncajuhy.com.br\/site\/wp-json\/wp\/v2\/types\/post"}],"author":[{"embeddable":true,"href":"https:\/\/blogdoeloiltoncajuhy.com.br\/site\/wp-json\/wp\/v2\/users\/2"}],"replies":[{"embeddable":true,"href":"https:\/\/blogdoeloiltoncajuhy.com.br\/site\/wp-json\/wp\/v2\/comments?post=15409"}],"version-history":[{"count":1,"href":"https:\/\/blogdoeloiltoncajuhy.com.br\/site\/wp-json\/wp\/v2\/posts\/15409\/revisions"}],"predecessor-version":[{"id":15411,"href":"https:\/\/blogdoeloiltoncajuhy.com.br\/site\/wp-json\/wp\/v2\/posts\/15409\/revisions\/15411"}],"wp:featuredmedia":[{"embeddable":true,"href":"https:\/\/blogdoeloiltoncajuhy.com.br\/site\/wp-json\/wp\/v2\/media\/15410"}],"wp:attachment":[{"href":"https:\/\/blogdoeloiltoncajuhy.com.br\/site\/wp-json\/wp\/v2\/media?parent=15409"}],"wp:term":[{"taxonomy":"category","embeddable":true,"href":"https:\/\/blogdoeloiltoncajuhy.com.br\/site\/wp-json\/wp\/v2\/categories?post=15409"},{"taxonomy":"post_tag","embeddable":true,"href":"https:\/\/blogdoeloiltoncajuhy.com.br\/site\/wp-json\/wp\/v2\/tags?post=15409"}],"curies":[{"name":"wp","href":"https:\/\/api.w.org\/{rel}","templated":true}]}}