{"id":15402,"date":"2017-02-13T09:37:14","date_gmt":"2017-02-13T12:37:14","guid":{"rendered":"http:\/\/blogdoeloiltoncajuhy.com.br\/site\/?p=15402"},"modified":"2017-02-13T09:37:14","modified_gmt":"2017-02-13T12:37:14","slug":"camara-municipal-de-andorinha-inicia-trabalhos-legislativos-de-2017","status":"publish","type":"post","link":"https:\/\/blogdoeloiltoncajuhy.com.br\/site\/camara-municipal-de-andorinha-inicia-trabalhos-legislativos-de-2017\/","title":{"rendered":"C\u00e2mara Municipal de Andorinha inicia trabalhos legislativos de 2017"},"content":{"rendered":"<p><a href=\"https:\/\/i0.wp.com\/blogdoeloiltoncajuhy.com.br\/site\/wp-content\/uploads\/2017\/02\/camara-andorinha1-e1486989195597.jpg\"><img data-recalc-dims=\"1\" fetchpriority=\"high\" decoding=\"async\" class=\"aligncenter size-full wp-image-15403\" src=\"https:\/\/i0.wp.com\/blogdoeloiltoncajuhy.com.br\/site\/wp-content\/uploads\/2017\/02\/camara-andorinha1-e1486989195597.jpg?resize=550%2C367\" alt=\"\" width=\"550\" height=\"367\" \/><\/a>A C\u00e2mara Municipal de Vereadores de Andorinha iniciou os trabalhos legislativos de 2017 na \u00faltima quinta-feira (09), presidida pelo Presidente Marinaldo Souza.<\/p>\n<p>A primeira sess\u00e3o de 2017 contou com a presen\u00e7a do prefeito Renato Brand\u00e3o e de todos os secret\u00e1rios do Poder Executivo. O ex-prefeito Z\u00e9 Branco tamb\u00e9m participou do evento.<\/p>\n<p>O presidente Marinaldo Souza ressaltou tamb\u00e9m a presen\u00e7a massiva da popula\u00e7\u00e3o durante a abertura dos trabalhos legislativos. \u201cMuitas pessoas vieram nos prestigiar, a Casa lotada, isso demonstra que o povo de Andorinha tem uma nova vis\u00e3o da C\u00e2mara, portanto, temos que agradecer a essa confian\u00e7a e trabalhar por uma legislatura voltada para a popula\u00e7\u00e3o\u201d.<\/p>\n<p>A pr\u00f3xima sess\u00e3o, que seria no dia 16 de fevereiro (quinta-feira), foi antecipada para a ter\u00e7a-feira (14), para que sejam votados projetos de urg\u00eancia do Poder Executivo.<\/p>\n<p><em><a href=\"https:\/\/i0.wp.com\/blogdoeloiltoncajuhy.com.br\/site\/wp-content\/uploads\/2017\/02\/camara-andorinha-e1486989417831.jpg\"><img data-recalc-dims=\"1\" decoding=\"async\" class=\"aligncenter size-full wp-image-15407\" src=\"https:\/\/i0.wp.com\/blogdoeloiltoncajuhy.com.br\/site\/wp-content\/uploads\/2017\/02\/camara-andorinha-e1486989417831.jpg?resize=550%2C367\" alt=\"\" width=\"550\" height=\"367\" \/><\/a>*Assessoria de Imprensa &#8211; C\u00e2mara Municipal de Andorinha<\/em><\/p>\n","protected":false},"excerpt":{"rendered":"<p>A C\u00e2mara Municipal de Vereadores de Andorinha iniciou os trabalhos legislativos de 2017 na \u00faltima quinta-feira (09), presidida pelo Presidente Marinaldo Souza. A primeira sess\u00e3o de 2017 contou com a presen\u00e7a do prefeito Renato Brand\u00e3o e de todos os secret\u00e1rios do Poder Executivo. O ex-prefeito Z\u00e9 Branco tamb\u00e9m participou do evento. O presidente Marinaldo Souza [&hellip;]<\/p>\n","protected":false},"author":2,"featured_media":15407,"comment_status":"open","ping_status":"open","sticky":false,"template":"","format":"standard","meta":{"_acf_changed":false,"_monsterinsights_skip_tracking":false,"_monsterinsights_sitenote_active":false,"_monsterinsights_sitenote_note":"","_monsterinsights_sitenote_category":0,"_jetpack_memberships_contains_paid_content":false,"footnotes":"","jetpack_publicize_message":"","jetpack_publicize_feature_enabled":true,"jetpack_social_post_already_shared":true,"jetpack_social_options":{"image_generator_settings":{"template":"highway","default_image_id":0,"font":"","enabled":false},"version":2}},"categories":[1,3,11],"tags":[],"class_list":["post-15402","post","type-post","status-publish","format-standard","has-post-thumbnail","hentry","category-noticias","category-politica","category-regional"],"acf":[],"jetpack_publicize_connections":[],"jetpack_featured_media_url":"https:\/\/i0.wp.com\/blogdoeloiltoncajuhy.com.br\/site\/wp-content\/uploads\/2017\/02\/camara-andorinha-e1486989417831.jpg?fit=550%2C367&ssl=1","jetpack_sharing_enabled":true,"publishpress_future_workflow_manual_trigger":{"enabledWorkflows":[]},"_links":{"self":[{"href":"https:\/\/blogdoeloiltoncajuhy.com.br\/site\/wp-json\/wp\/v2\/posts\/15402","targetHints":{"allow":["GET"]}}],"collection":[{"href":"https:\/\/blogdoeloiltoncajuhy.com.br\/site\/wp-json\/wp\/v2\/posts"}],"about":[{"href":"https:\/\/blogdoeloiltoncajuhy.com.br\/site\/wp-json\/wp\/v2\/types\/post"}],"author":[{"embeddable":true,"href":"https:\/\/blogdoeloiltoncajuhy.com.br\/site\/wp-json\/wp\/v2\/users\/2"}],"replies":[{"embeddable":true,"href":"https:\/\/blogdoeloiltoncajuhy.com.br\/site\/wp-json\/wp\/v2\/comments?post=15402"}],"version-history":[{"count":1,"href":"https:\/\/blogdoeloiltoncajuhy.com.br\/site\/wp-json\/wp\/v2\/posts\/15402\/revisions"}],"predecessor-version":[{"id":15408,"href":"https:\/\/blogdoeloiltoncajuhy.com.br\/site\/wp-json\/wp\/v2\/posts\/15402\/revisions\/15408"}],"wp:featuredmedia":[{"embeddable":true,"href":"https:\/\/blogdoeloiltoncajuhy.com.br\/site\/wp-json\/wp\/v2\/media\/15407"}],"wp:attachment":[{"href":"https:\/\/blogdoeloiltoncajuhy.com.br\/site\/wp-json\/wp\/v2\/media?parent=15402"}],"wp:term":[{"taxonomy":"category","embeddable":true,"href":"https:\/\/blogdoeloiltoncajuhy.com.br\/site\/wp-json\/wp\/v2\/categories?post=15402"},{"taxonomy":"post_tag","embeddable":true,"href":"https:\/\/blogdoeloiltoncajuhy.com.br\/site\/wp-json\/wp\/v2\/tags?post=15402"}],"curies":[{"name":"wp","href":"https:\/\/api.w.org\/{rel}","templated":true}]}}