{"id":15392,"date":"2017-02-12T10:12:04","date_gmt":"2017-02-12T13:12:04","guid":{"rendered":"http:\/\/blogdoeloiltoncajuhy.com.br\/site\/?p=15392"},"modified":"2017-02-12T21:46:09","modified_gmt":"2017-02-13T00:46:09","slug":"preso-em-andorinha-homem-acusado-de-causar-a-morte-da-propria-mae","status":"publish","type":"post","link":"https:\/\/blogdoeloiltoncajuhy.com.br\/site\/preso-em-andorinha-homem-acusado-de-causar-a-morte-da-propria-mae\/","title":{"rendered":"Preso em Andorinha homem acusado de causar a morte da pr\u00f3pria m\u00e3e"},"content":{"rendered":"<p><a href=\"https:\/\/i0.wp.com\/blogdoeloiltoncajuhy.com.br\/site\/wp-content\/uploads\/2015\/08\/Plant%C3%A3o-de-Pol%C3%ADcia1.jpg\"><img data-recalc-dims=\"1\" fetchpriority=\"high\" decoding=\"async\" class=\"aligncenter size-full wp-image-3229\" src=\"https:\/\/i0.wp.com\/blogdoeloiltoncajuhy.com.br\/site\/wp-content\/uploads\/2015\/08\/Plant%C3%A3o-de-Pol%C3%ADcia1.jpg?resize=640%2C329\" alt=\"\" width=\"640\" height=\"329\" srcset=\"https:\/\/i0.wp.com\/blogdoeloiltoncajuhy.com.br\/site\/wp-content\/uploads\/2015\/08\/Plant%C3%A3o-de-Pol%C3%ADcia1.jpg?w=640&amp;ssl=1 640w, https:\/\/i0.wp.com\/blogdoeloiltoncajuhy.com.br\/site\/wp-content\/uploads\/2015\/08\/Plant%C3%A3o-de-Pol%C3%ADcia1.jpg?resize=300%2C154&amp;ssl=1 300w, https:\/\/i0.wp.com\/blogdoeloiltoncajuhy.com.br\/site\/wp-content\/uploads\/2015\/08\/Plant%C3%A3o-de-Pol%C3%ADcia1.jpg?resize=250%2C129&amp;ssl=1 250w\" sizes=\"(max-width: 640px) 100vw, 640px\" \/><\/a>Encontra-se recolhido na Delegacia de Pol\u00edcia de Andorinha, <strong>Francisco da Silva Ferreira<\/strong>, 30 anos, mais conhecido como <strong>Nem<\/strong>, residente no Povoado de Morro Branco, zona rural daquele munic\u00edpio.<\/p>\n<p>Nem \u00e9 acusado de causar a morte de sua pr\u00f3pria m\u00e3e, identificada como <strong>Valdete An\u00e1lia da Silva Ferreira<\/strong>, 55 anos, quando ela, seu marido e um vizinho tentavam tomar de suas m\u00e3os uma espingarda. A arma disparou e D. Valdete foi atingida no pesco\u00e7o, tendo morte no local. O fato aconteceu no in\u00edcio da noite deste s\u00e1bado (11), naquele povoado.<\/p>\n<p>Depois do incidente, Francisco da Silva Ferreira foi at\u00e9 o local onde havia iniciado uma briga e disparou contra duas pessoas: <strong>Jo\u00e3o Ferreira dos Santos<\/strong>, 53 anos, e seu filho <strong>Itamar Ferreira dos Santos<\/strong>, de 19, que foram atingidos nas costas.<\/p>\n<p>Nem foi preso pela Pol\u00edcia Militar e conduzido para a Delegacia de Pol\u00edcia de Andorinha, enquanto os dois homens feridos foram socorridos pelo SAMU. Um deles, deu entrada no Hospital Dom Antonio Monteiro de Senhor do Bonfim, por volta das 22h deste s\u00e1bado.\u00a0A pol\u00edcia de Andorinha dever\u00e1 instaurar inqu\u00e9rito para apurar o caso.<\/p>\n<p>O fato chocou a pequena comunidade de Morro Branco, que fica na divisa entre os munic\u00edpios de Andorinha e Jaguarari. Nas redes sociais, v\u00e1rias pessoas se manifestaram lamentando o ocorrido.<\/p>\n<p><strong>Veja algumas declara\u00e7\u00f5es:<\/strong><\/p>\n<blockquote><p>Muito arrasada! Nossa comunidade nunca tinha vivenciado nenhum crime&#8230;<\/p>\n<p>Lament\u00e1vel! #Morro Branco em luto&#8230;<\/p>\n<p>Muita tristeza para nossa comunidade&#8230;<\/p>\n<p>Dona Valdete, lamento muito isso ter acontecido com a senhora. Deus lhe d\u00ea o seu descanso eterno, apesar de que sua vida foi interrompida. N\u00e3o era sua hora de partir. Muito triste. Ela s\u00f3 queria evitar o pior, e\u00a0perdeu a vida de forma tr\u00e1gica. Meu Deus, que mundo \u00e9 esse?<\/p><\/blockquote>\n<p><em>*BLOG DO ELOILTON CAJUHY<\/em><\/p>\n","protected":false},"excerpt":{"rendered":"<p>Encontra-se recolhido na Delegacia de Pol\u00edcia de Andorinha, Francisco da Silva Ferreira, 30 anos, mais conhecido como Nem, residente no Povoado de Morro Branco, zona rural daquele munic\u00edpio. Nem \u00e9 acusado de causar a morte de sua pr\u00f3pria m\u00e3e, identificada como Valdete An\u00e1lia da Silva Ferreira, 55 anos, quando ela, seu marido e um vizinho [&hellip;]<\/p>\n","protected":false},"author":2,"featured_media":0,"comment_status":"open","ping_status":"open","sticky":false,"template":"","format":"standard","meta":{"_acf_changed":false,"_monsterinsights_skip_tracking":false,"_monsterinsights_sitenote_active":false,"_monsterinsights_sitenote_note":"","_monsterinsights_sitenote_category":0,"_jetpack_memberships_contains_paid_content":false,"footnotes":"","jetpack_publicize_message":"","jetpack_publicize_feature_enabled":true,"jetpack_social_post_already_shared":true,"jetpack_social_options":{"image_generator_settings":{"template":"highway","default_image_id":0,"font":"","enabled":false},"version":2}},"categories":[5,1,11],"tags":[],"class_list":["post-15392","post","type-post","status-publish","format-standard","hentry","category-cotidiano","category-noticias","category-regional"],"acf":[],"jetpack_publicize_connections":[],"jetpack_featured_media_url":"","jetpack_sharing_enabled":true,"publishpress_future_workflow_manual_trigger":{"enabledWorkflows":[]},"_links":{"self":[{"href":"https:\/\/blogdoeloiltoncajuhy.com.br\/site\/wp-json\/wp\/v2\/posts\/15392","targetHints":{"allow":["GET"]}}],"collection":[{"href":"https:\/\/blogdoeloiltoncajuhy.com.br\/site\/wp-json\/wp\/v2\/posts"}],"about":[{"href":"https:\/\/blogdoeloiltoncajuhy.com.br\/site\/wp-json\/wp\/v2\/types\/post"}],"author":[{"embeddable":true,"href":"https:\/\/blogdoeloiltoncajuhy.com.br\/site\/wp-json\/wp\/v2\/users\/2"}],"replies":[{"embeddable":true,"href":"https:\/\/blogdoeloiltoncajuhy.com.br\/site\/wp-json\/wp\/v2\/comments?post=15392"}],"version-history":[{"count":5,"href":"https:\/\/blogdoeloiltoncajuhy.com.br\/site\/wp-json\/wp\/v2\/posts\/15392\/revisions"}],"predecessor-version":[{"id":15397,"href":"https:\/\/blogdoeloiltoncajuhy.com.br\/site\/wp-json\/wp\/v2\/posts\/15392\/revisions\/15397"}],"wp:attachment":[{"href":"https:\/\/blogdoeloiltoncajuhy.com.br\/site\/wp-json\/wp\/v2\/media?parent=15392"}],"wp:term":[{"taxonomy":"category","embeddable":true,"href":"https:\/\/blogdoeloiltoncajuhy.com.br\/site\/wp-json\/wp\/v2\/categories?post=15392"},{"taxonomy":"post_tag","embeddable":true,"href":"https:\/\/blogdoeloiltoncajuhy.com.br\/site\/wp-json\/wp\/v2\/tags?post=15392"}],"curies":[{"name":"wp","href":"https:\/\/api.w.org\/{rel}","templated":true}]}}