{"id":15385,"date":"2017-02-11T21:35:31","date_gmt":"2017-02-12T00:35:31","guid":{"rendered":"http:\/\/blogdoeloiltoncajuhy.com.br\/site\/?p=15385"},"modified":"2017-02-11T21:35:31","modified_gmt":"2017-02-12T00:35:31","slug":"comece-o-domingo-meditando-quem-matar-sera-condenado-pelo-tribunal-mt-520-22a-27-28-33-34a-37","status":"publish","type":"post","link":"https:\/\/blogdoeloiltoncajuhy.com.br\/site\/comece-o-domingo-meditando-quem-matar-sera-condenado-pelo-tribunal-mt-520-22a-27-28-33-34a-37\/","title":{"rendered":"COMECE O DOMINGO MEDITANDO: &#8220;Quem matar ser\u00e1 condenado pelo tribunal&#8221; &#8211; Mt. 5,20-22a.27-28.33-34a.37"},"content":{"rendered":"<p><a href=\"https:\/\/i0.wp.com\/blogdoeloiltoncajuhy.com.br\/site\/wp-content\/uploads\/2015\/10\/liturgia_diaria.jpg\"><img data-recalc-dims=\"1\" fetchpriority=\"high\" decoding=\"async\" class=\"aligncenter wp-image-4757 size-medium\" src=\"https:\/\/i0.wp.com\/blogdoeloiltoncajuhy.com.br\/site\/wp-content\/uploads\/2015\/10\/liturgia_diaria.jpg?resize=300%2C227\" width=\"300\" height=\"227\" srcset=\"https:\/\/i0.wp.com\/blogdoeloiltoncajuhy.com.br\/site\/wp-content\/uploads\/2015\/10\/liturgia_diaria.jpg?resize=300%2C227&amp;ssl=1 300w, https:\/\/i0.wp.com\/blogdoeloiltoncajuhy.com.br\/site\/wp-content\/uploads\/2015\/10\/liturgia_diaria.jpg?resize=250%2C189&amp;ssl=1 250w, https:\/\/i0.wp.com\/blogdoeloiltoncajuhy.com.br\/site\/wp-content\/uploads\/2015\/10\/liturgia_diaria.jpg?w=449&amp;ssl=1 449w\" sizes=\"(max-width: 300px) 100vw, 300px\" \/><\/a>Naquele tempo, disse Jesus a seus disc\u00edpulos: \u201cEu vos digo: Se a vossa justi\u00e7a n\u00e3o for maior que a justi\u00e7a dos mestres da Lei e dos fariseus, v\u00f3s n\u00e3o entrareis no Reino dos C\u00e9us.\u00a0V\u00f3s ouvistes o que foi dito aos antigos: \u2018N\u00e3o matar\u00e1s! Quem matar ser\u00e1 condenado pelo tribunal\u2019. Eu, por\u00e9m, vos digo: todo aquele que se encoleriza com seu irm\u00e3o ser\u00e1 r\u00e9u em ju\u00edzo.\u00a0Ouvistes o que foi dito: \u2018N\u00e3o cometer\u00e1s adult\u00e9rio\u2019. Eu, por\u00e9m, vos digo: Todo aquele que olhar para uma mulher, com o desejo de possu\u00ed-la, j\u00e1 cometeu adult\u00e9rio com ela no seu cora\u00e7\u00e3o.\u00a0V\u00f3s ouvistes tamb\u00e9m o que foi dito aos antigos: \u2018N\u00e3o jurar\u00e1s falso\u2019, mas `cumprir\u00e1s os teus juramentos feitos ao Senhor\u2019. Eu, por\u00e9m, vos digo: N\u00e3o jureis de modo algum. Seja o vosso \u2018sim\u2019: \u2018Sim\u2019, e o vosso \u2018n\u00e3o\u2019: \u2018N\u00e3o\u2019. Tudo o que for al\u00e9m disso vem do Maligno\u201d.<\/p>\n<p><a href=\"http:\/\/liturgia.cancaonova.com\/liturgia\/6o-domingo-do-tempo-comum-12022017\/\"><strong><em>*Can\u00e7\u00e3o Nova<\/em><\/strong><\/a><\/p>\n","protected":false},"excerpt":{"rendered":"<p>Naquele tempo, disse Jesus a seus disc\u00edpulos: \u201cEu vos digo: Se a vossa justi\u00e7a n\u00e3o for maior que a justi\u00e7a dos mestres da Lei e dos fariseus, v\u00f3s n\u00e3o entrareis no Reino dos C\u00e9us.\u00a0V\u00f3s ouvistes o que foi dito aos antigos: \u2018N\u00e3o matar\u00e1s! Quem matar ser\u00e1 condenado pelo tribunal\u2019. Eu, por\u00e9m, vos digo: todo aquele [&hellip;]<\/p>\n","protected":false},"author":2,"featured_media":0,"comment_status":"open","ping_status":"open","sticky":false,"template":"","format":"standard","meta":{"_acf_changed":false,"_monsterinsights_skip_tracking":false,"_monsterinsights_sitenote_active":false,"_monsterinsights_sitenote_note":"","_monsterinsights_sitenote_category":0,"_jetpack_memberships_contains_paid_content":false,"footnotes":"","jetpack_publicize_message":"","jetpack_publicize_feature_enabled":true,"jetpack_social_post_already_shared":true,"jetpack_social_options":{"image_generator_settings":{"template":"highway","default_image_id":0,"font":"","enabled":false},"version":2}},"categories":[1,9],"tags":[],"class_list":["post-15385","post","type-post","status-publish","format-standard","hentry","category-noticias","category-reflexao"],"acf":[],"jetpack_publicize_connections":[],"jetpack_featured_media_url":"","jetpack_sharing_enabled":true,"publishpress_future_workflow_manual_trigger":{"enabledWorkflows":[]},"_links":{"self":[{"href":"https:\/\/blogdoeloiltoncajuhy.com.br\/site\/wp-json\/wp\/v2\/posts\/15385","targetHints":{"allow":["GET"]}}],"collection":[{"href":"https:\/\/blogdoeloiltoncajuhy.com.br\/site\/wp-json\/wp\/v2\/posts"}],"about":[{"href":"https:\/\/blogdoeloiltoncajuhy.com.br\/site\/wp-json\/wp\/v2\/types\/post"}],"author":[{"embeddable":true,"href":"https:\/\/blogdoeloiltoncajuhy.com.br\/site\/wp-json\/wp\/v2\/users\/2"}],"replies":[{"embeddable":true,"href":"https:\/\/blogdoeloiltoncajuhy.com.br\/site\/wp-json\/wp\/v2\/comments?post=15385"}],"version-history":[{"count":1,"href":"https:\/\/blogdoeloiltoncajuhy.com.br\/site\/wp-json\/wp\/v2\/posts\/15385\/revisions"}],"predecessor-version":[{"id":15386,"href":"https:\/\/blogdoeloiltoncajuhy.com.br\/site\/wp-json\/wp\/v2\/posts\/15385\/revisions\/15386"}],"wp:attachment":[{"href":"https:\/\/blogdoeloiltoncajuhy.com.br\/site\/wp-json\/wp\/v2\/media?parent=15385"}],"wp:term":[{"taxonomy":"category","embeddable":true,"href":"https:\/\/blogdoeloiltoncajuhy.com.br\/site\/wp-json\/wp\/v2\/categories?post=15385"},{"taxonomy":"post_tag","embeddable":true,"href":"https:\/\/blogdoeloiltoncajuhy.com.br\/site\/wp-json\/wp\/v2\/tags?post=15385"}],"curies":[{"name":"wp","href":"https:\/\/api.w.org\/{rel}","templated":true}]}}