{"id":15375,"date":"2017-02-10T21:37:44","date_gmt":"2017-02-11T00:37:44","guid":{"rendered":"http:\/\/blogdoeloiltoncajuhy.com.br\/site\/?p=15375"},"modified":"2017-02-10T21:37:44","modified_gmt":"2017-02-11T00:37:44","slug":"brigadistas-voluntarios-sao-homenageados-pela-prefeitura-de-senhor-do-bonfim","status":"publish","type":"post","link":"https:\/\/blogdoeloiltoncajuhy.com.br\/site\/brigadistas-voluntarios-sao-homenageados-pela-prefeitura-de-senhor-do-bonfim\/","title":{"rendered":"Brigadistas volunt\u00e1rios s\u00e3o homenageados pela Prefeitura de Senhor do Bonfim"},"content":{"rendered":"<p><a href=\"https:\/\/i0.wp.com\/blogdoeloiltoncajuhy.com.br\/site\/wp-content\/uploads\/2017\/02\/merito-brigada-e1486773427479.jpg\"><img data-recalc-dims=\"1\" fetchpriority=\"high\" decoding=\"async\" class=\"aligncenter size-full wp-image-15376\" src=\"https:\/\/i0.wp.com\/blogdoeloiltoncajuhy.com.br\/site\/wp-content\/uploads\/2017\/02\/merito-brigada-e1486773427479.jpg?resize=500%2C334\" alt=\"\" width=\"500\" height=\"334\" \/><\/a>O Prefeito Carlos Brasileiro, homenageou nesta quinta-feira (9), os brigadistas volunt\u00e1rios do munic\u00edpio. A homenagem em nome do governo municipal, aconteceu na sede da prefeitura e contou com a presen\u00e7a dos bravos brigadistas que combatem inc\u00eandios florestais.<\/p>\n<p>A homenagem contemplou um grupo de 16 brigadistas que estiveram no combate ao fogo na Serra da Marota no munic\u00edpio de Pindoba\u00e7u e na regi\u00e3o da Barroca do Faleiro, zona rural de Senhor do Bonfim. Atualmente, a brigada, que serve a todos os munic\u00edpios do Territ\u00f3rio do Piemonte Norte do Itapicuru, conta com 26 volunt\u00e1rios.<\/p>\n<p>\u201cEsse \u00e9 um trabalho merecedor de aplausos, n\u00e3o poder\u00edamos deixar de agradecer. Parab\u00e9ns em nome da gest\u00e3o a todos pelo brilhante e honroso trabalho\u201d, enfatizou o prefeito Carlos Brasileiro durante a entrega dos certificados de honra ao m\u00e9rito.<\/p>\n<p>Recentemente, o governo estadual, por meio da Secretaria Estadual do Meio Ambiente (Sema), entregou aos brigadistas do munic\u00edpio 26 kits com equipamentos para prote\u00e7\u00e3o individual. A falta de equipamentos adequados para o trabalho de combate ao fogo era uma reclama\u00e7\u00e3o dos brigadistas.<\/p>\n<p>&#8220;\u00c9 bom! Fico muito feliz por esse reconhecimento, isso serve ainda mais como estimulo\u201d, falou emocionado o Brigadista Jotaviana, durante o ato de valoriza\u00e7\u00e3o da equipe.<\/p>\n<p><em>*Ascom Prefeitura de Senhor do Bonfim<\/em><\/p>\n","protected":false},"excerpt":{"rendered":"<p>O Prefeito Carlos Brasileiro, homenageou nesta quinta-feira (9), os brigadistas volunt\u00e1rios do munic\u00edpio. A homenagem em nome do governo municipal, aconteceu na sede da prefeitura e contou com a presen\u00e7a dos bravos brigadistas que combatem inc\u00eandios florestais. A homenagem contemplou um grupo de 16 brigadistas que estiveram no combate ao fogo na Serra da Marota [&hellip;]<\/p>\n","protected":false},"author":2,"featured_media":15376,"comment_status":"open","ping_status":"open","sticky":false,"template":"","format":"standard","meta":{"_acf_changed":false,"_monsterinsights_skip_tracking":false,"_monsterinsights_sitenote_active":false,"_monsterinsights_sitenote_note":"","_monsterinsights_sitenote_category":0,"_jetpack_memberships_contains_paid_content":false,"footnotes":"","jetpack_publicize_message":"","jetpack_publicize_feature_enabled":true,"jetpack_social_post_already_shared":true,"jetpack_social_options":{"image_generator_settings":{"template":"highway","default_image_id":0,"font":"","enabled":false},"version":2}},"categories":[1,3,4],"tags":[],"class_list":["post-15375","post","type-post","status-publish","format-standard","has-post-thumbnail","hentry","category-noticias","category-politica","category-local"],"acf":[],"jetpack_publicize_connections":[],"jetpack_featured_media_url":"https:\/\/i0.wp.com\/blogdoeloiltoncajuhy.com.br\/site\/wp-content\/uploads\/2017\/02\/merito-brigada-e1486773427479.jpg?fit=500%2C334&ssl=1","jetpack_sharing_enabled":true,"publishpress_future_workflow_manual_trigger":{"enabledWorkflows":[]},"_links":{"self":[{"href":"https:\/\/blogdoeloiltoncajuhy.com.br\/site\/wp-json\/wp\/v2\/posts\/15375","targetHints":{"allow":["GET"]}}],"collection":[{"href":"https:\/\/blogdoeloiltoncajuhy.com.br\/site\/wp-json\/wp\/v2\/posts"}],"about":[{"href":"https:\/\/blogdoeloiltoncajuhy.com.br\/site\/wp-json\/wp\/v2\/types\/post"}],"author":[{"embeddable":true,"href":"https:\/\/blogdoeloiltoncajuhy.com.br\/site\/wp-json\/wp\/v2\/users\/2"}],"replies":[{"embeddable":true,"href":"https:\/\/blogdoeloiltoncajuhy.com.br\/site\/wp-json\/wp\/v2\/comments?post=15375"}],"version-history":[{"count":1,"href":"https:\/\/blogdoeloiltoncajuhy.com.br\/site\/wp-json\/wp\/v2\/posts\/15375\/revisions"}],"predecessor-version":[{"id":15377,"href":"https:\/\/blogdoeloiltoncajuhy.com.br\/site\/wp-json\/wp\/v2\/posts\/15375\/revisions\/15377"}],"wp:featuredmedia":[{"embeddable":true,"href":"https:\/\/blogdoeloiltoncajuhy.com.br\/site\/wp-json\/wp\/v2\/media\/15376"}],"wp:attachment":[{"href":"https:\/\/blogdoeloiltoncajuhy.com.br\/site\/wp-json\/wp\/v2\/media?parent=15375"}],"wp:term":[{"taxonomy":"category","embeddable":true,"href":"https:\/\/blogdoeloiltoncajuhy.com.br\/site\/wp-json\/wp\/v2\/categories?post=15375"},{"taxonomy":"post_tag","embeddable":true,"href":"https:\/\/blogdoeloiltoncajuhy.com.br\/site\/wp-json\/wp\/v2\/tags?post=15375"}],"curies":[{"name":"wp","href":"https:\/\/api.w.org\/{rel}","templated":true}]}}