{"id":15369,"date":"2017-02-10T09:45:20","date_gmt":"2017-02-10T12:45:20","guid":{"rendered":"http:\/\/blogdoeloiltoncajuhy.com.br\/site\/?p=15369"},"modified":"2017-02-10T09:45:20","modified_gmt":"2017-02-10T12:45:20","slug":"politica-stf-abre-inquerito-contra-renan-juca-sarney-e-sergio-machado","status":"publish","type":"post","link":"https:\/\/blogdoeloiltoncajuhy.com.br\/site\/politica-stf-abre-inquerito-contra-renan-juca-sarney-e-sergio-machado\/","title":{"rendered":"POL\u00cdTICA: STF abre inqu\u00e9rito contra Renan, Juc\u00e1, Sarney e S\u00e9rgio Machado"},"content":{"rendered":"<figure id=\"attachment_15370\" aria-describedby=\"caption-attachment-15370\" style=\"width: 527px\" class=\"wp-caption aligncenter\"><a href=\"https:\/\/i0.wp.com\/blogdoeloiltoncajuhy.com.br\/site\/wp-content\/uploads\/2017\/02\/edson-fachin.jpg\"><img data-recalc-dims=\"1\" fetchpriority=\"high\" decoding=\"async\" class=\"wp-image-15370 size-full\" src=\"https:\/\/i0.wp.com\/blogdoeloiltoncajuhy.com.br\/site\/wp-content\/uploads\/2017\/02\/edson-fachin.jpg?resize=527%2C350\" width=\"527\" height=\"350\" srcset=\"https:\/\/i0.wp.com\/blogdoeloiltoncajuhy.com.br\/site\/wp-content\/uploads\/2017\/02\/edson-fachin.jpg?w=527&amp;ssl=1 527w, https:\/\/i0.wp.com\/blogdoeloiltoncajuhy.com.br\/site\/wp-content\/uploads\/2017\/02\/edson-fachin.jpg?resize=300%2C199&amp;ssl=1 300w, https:\/\/i0.wp.com\/blogdoeloiltoncajuhy.com.br\/site\/wp-content\/uploads\/2017\/02\/edson-fachin.jpg?resize=250%2C166&amp;ssl=1 250w\" sizes=\"(max-width: 527px) 100vw, 527px\" \/><\/a><figcaption id=\"caption-attachment-15370\" class=\"wp-caption-text\">Edson Fachin (Foto: Carlos Humberto\/SCO\/STF)<\/figcaption><\/figure>\n<p>O ministro do Supremo Tribunal Federal (STF) Edson Fachin autorizou abertura de inqu\u00e9rito para investigar os senadores do PMDB Renan Calheiros e Romero Juc\u00e1, al\u00e9m do ex-senador Jos\u00e9 Sarney e o ex-diretor da Transpetro S\u00e9rgio Machado.\u00a0Esse \u00e9 o primeiro inqu\u00e9rito aberto por Fachin, desde que assumiu a Lava Jato, h\u00e1 uma semana.<\/p>\n<p>Os investigados s\u00e3o acusados do crime de embara\u00e7o \u00e0s investiga\u00e7\u00f5es da Opera\u00e7\u00e3o Lava Jato.\u00a0As acusa\u00e7\u00f5es t\u00eam como base a dela\u00e7\u00e3o premiada de S\u00e9rgio Machado e em conversas gravadas com os envolvidos. Em uma das grava\u00e7\u00f5es Romero Juc\u00e1 cita um &#8220;acordo&#8221; para &#8220;estancar a sangria&#8221;.<\/p>\n<p>A abertura de inqu\u00e9rito atende a pedido do procurador-geral da Rep\u00fablica, Rodrigo Janot. Segundo o procurador, os acusados &#8220;demonstram a motiva\u00e7\u00e3o de estancar e impedir, o quanto antes, os avan\u00e7os da Opera\u00e7\u00e3o Lava Jato em rela\u00e7\u00e3o a pol\u00edticos, especialmente do PMDB, do PSDB e do pr\u00f3prio PT, por meio de acordo com o STF e da aprova\u00e7\u00e3o de mudan\u00e7as legislativas.&#8221;<\/p>\n<p>Os tr\u00eas pol\u00edticos negam as acusa\u00e7\u00f5es. Disseram que nunca tentaram interferir na Lava Jato. Romero Juc\u00e1 afirmou que a investiga\u00e7\u00e3o e a quebra de sigilo do processo ir\u00e3o mostrar a verdade dos fatos.<\/p>\n<p>Renan Calheiros disse que o inqu\u00e9rito vai comprovar seus argumentos e ser\u00e1 arquivado por absoluta inconsist\u00eancia.<\/p>\n<p>Jos\u00e9 Sarney disse que a abertura de inqu\u00e9rito vai comprovar que o \u00fanico crime cometido foi S\u00e9rgio Machado ter feito as grava\u00e7\u00f5es ilegalmente.<\/p>\n<p>J\u00e1 S\u00e9rgio Machado n\u00e3o pode se pronunciar por causa do acordo de dela\u00e7\u00e3o premiada.<\/p>\n<p><em>*Radioag\u00eancia Nacional<\/em><\/p>\n","protected":false},"excerpt":{"rendered":"<p>O ministro do Supremo Tribunal Federal (STF) Edson Fachin autorizou abertura de inqu\u00e9rito para investigar os senadores do PMDB Renan Calheiros e Romero Juc\u00e1, al\u00e9m do ex-senador Jos\u00e9 Sarney e o ex-diretor da Transpetro S\u00e9rgio Machado.\u00a0Esse \u00e9 o primeiro inqu\u00e9rito aberto por Fachin, desde que assumiu a Lava Jato, h\u00e1 uma semana. Os investigados s\u00e3o [&hellip;]<\/p>\n","protected":false},"author":2,"featured_media":15370,"comment_status":"open","ping_status":"open","sticky":false,"template":"","format":"standard","meta":{"_acf_changed":false,"_monsterinsights_skip_tracking":false,"_monsterinsights_sitenote_active":false,"_monsterinsights_sitenote_note":"","_monsterinsights_sitenote_category":0,"_jetpack_memberships_contains_paid_content":false,"footnotes":"","jetpack_publicize_message":"","jetpack_publicize_feature_enabled":true,"jetpack_social_post_already_shared":true,"jetpack_social_options":{"image_generator_settings":{"template":"highway","default_image_id":0,"font":"","enabled":false},"version":2}},"categories":[1,3],"tags":[],"class_list":["post-15369","post","type-post","status-publish","format-standard","has-post-thumbnail","hentry","category-noticias","category-politica"],"acf":[],"jetpack_publicize_connections":[],"jetpack_featured_media_url":"https:\/\/i0.wp.com\/blogdoeloiltoncajuhy.com.br\/site\/wp-content\/uploads\/2017\/02\/edson-fachin.jpg?fit=527%2C350&ssl=1","jetpack_sharing_enabled":true,"publishpress_future_workflow_manual_trigger":{"enabledWorkflows":[]},"_links":{"self":[{"href":"https:\/\/blogdoeloiltoncajuhy.com.br\/site\/wp-json\/wp\/v2\/posts\/15369","targetHints":{"allow":["GET"]}}],"collection":[{"href":"https:\/\/blogdoeloiltoncajuhy.com.br\/site\/wp-json\/wp\/v2\/posts"}],"about":[{"href":"https:\/\/blogdoeloiltoncajuhy.com.br\/site\/wp-json\/wp\/v2\/types\/post"}],"author":[{"embeddable":true,"href":"https:\/\/blogdoeloiltoncajuhy.com.br\/site\/wp-json\/wp\/v2\/users\/2"}],"replies":[{"embeddable":true,"href":"https:\/\/blogdoeloiltoncajuhy.com.br\/site\/wp-json\/wp\/v2\/comments?post=15369"}],"version-history":[{"count":1,"href":"https:\/\/blogdoeloiltoncajuhy.com.br\/site\/wp-json\/wp\/v2\/posts\/15369\/revisions"}],"predecessor-version":[{"id":15371,"href":"https:\/\/blogdoeloiltoncajuhy.com.br\/site\/wp-json\/wp\/v2\/posts\/15369\/revisions\/15371"}],"wp:featuredmedia":[{"embeddable":true,"href":"https:\/\/blogdoeloiltoncajuhy.com.br\/site\/wp-json\/wp\/v2\/media\/15370"}],"wp:attachment":[{"href":"https:\/\/blogdoeloiltoncajuhy.com.br\/site\/wp-json\/wp\/v2\/media?parent=15369"}],"wp:term":[{"taxonomy":"category","embeddable":true,"href":"https:\/\/blogdoeloiltoncajuhy.com.br\/site\/wp-json\/wp\/v2\/categories?post=15369"},{"taxonomy":"post_tag","embeddable":true,"href":"https:\/\/blogdoeloiltoncajuhy.com.br\/site\/wp-json\/wp\/v2\/tags?post=15369"}],"curies":[{"name":"wp","href":"https:\/\/api.w.org\/{rel}","templated":true}]}}