{"id":15366,"date":"2017-02-10T09:28:35","date_gmt":"2017-02-10T12:28:35","guid":{"rendered":"http:\/\/blogdoeloiltoncajuhy.com.br\/site\/?p=15366"},"modified":"2017-02-10T09:28:35","modified_gmt":"2017-02-10T12:28:35","slug":"eclipse-da-lua-pode-ser-visto-hoje-em-todo-o-brasil","status":"publish","type":"post","link":"https:\/\/blogdoeloiltoncajuhy.com.br\/site\/eclipse-da-lua-pode-ser-visto-hoje-em-todo-o-brasil\/","title":{"rendered":"Eclipse da Lua pode ser visto hoje em todo o Brasil"},"content":{"rendered":"<figure id=\"attachment_15367\" aria-describedby=\"caption-attachment-15367\" style=\"width: 500px\" class=\"wp-caption aligncenter\"><a href=\"https:\/\/i0.wp.com\/blogdoeloiltoncajuhy.com.br\/site\/wp-content\/uploads\/2017\/02\/eclipse_lunar-e1486729692708.jpg\"><img data-recalc-dims=\"1\" fetchpriority=\"high\" decoding=\"async\" class=\"wp-image-15367 size-full\" src=\"https:\/\/i0.wp.com\/blogdoeloiltoncajuhy.com.br\/site\/wp-content\/uploads\/2017\/02\/eclipse_lunar-e1486729692708.jpg?resize=500%2C375\" width=\"500\" height=\"375\" \/><\/a><figcaption id=\"caption-attachment-15367\" class=\"wp-caption-text\">Foto: AP Photo\/Kyodo News<\/figcaption><\/figure>\n<p>A chegada da lua cheia, nesta sexta-feira (10), ser\u00e1 marcada por um fen\u00f4meno conhecido como eclipse penumbral. Ele poder\u00e1 ser visto em todo o Brasil e em pa\u00edses da \u00c1sia, Europa, \u00c1frica, do Oriente M\u00e9dio e das Am\u00e9ricas do Sul e do Norte.<\/p>\n<p>O eclipse penumbral \u00e9 um fen\u00f4meno astron\u00f4mico que ocorre quando a lua entra na regi\u00e3o da penumbra da Terra e resulta em uma varia\u00e7\u00e3o do brilho da lua que dificilmente \u00e9 notada.<\/p>\n<p>A sombra projetada pela Terra tem duas partes denominadas umbra e penumbra. A umbra \u00e9 uma regi\u00e3o em que n\u00e3o h\u00e1 ilumina\u00e7\u00e3o direta do Sol e a penumbra \u00e9 uma regi\u00e3o em que apenas parte da ilumina\u00e7\u00e3o \u00e9 bloqueada.<\/p>\n<p>Em Bras\u00edlia e nas demais cidades em que est\u00e1 em vigor o hor\u00e1rio de ver\u00e3o, o fen\u00f4meno tem in\u00edcio previsto para as 20h34. A fase m\u00e1xima do eclipse est\u00e1 prevista paras as 22h44 de hoje.<\/p>\n<p>Amanh\u00e3 (11), ser\u00e1 a vez de o cometa 45P\/Honda-Mrkos-Pajdu\u0161\u00e1kov\u00e1 passar relativamente pr\u00f3ximo \u00e0 Terra. Segundo o Observat\u00f3rio Astron\u00f4mico de Lisboa, em Portugal, o cometa percorre uma \u00f3rbita el\u00edtica de per\u00edodo curto, cruzando a \u00f3rbita da Terra a cada 5,25 anos.<\/p>\n<p>Desta vez, ele passar\u00e1 a uma dist\u00e2ncia de 12.431.583 quil\u00f4metros da Terra, ou seja, 32 vezes a dist\u00e2ncia da Terra \u00e0 Lua. A passagem do cometa, no entanto, s\u00f3 poder\u00e1 ser vista por meio de um telesc\u00f3pio.<\/p>\n<p>De acordo com o observat\u00f3rio portugu\u00eas, o cometa 45P\/Honda-Mrkos-Pajdu\u0161\u00e1kov\u00e1 foi descoberto em 5 de dezembro de 1948 por Minoru Honda. Posteriormente, foi detectado por Anton\u00edn Mrkos e Ludmila Pajdu\u0161\u00e1kov\u00e1 em placas fotogr\u00e1ficas, do Observat\u00f3rio Skalnate Pleso, na Eslov\u00e1quia.<\/p>\n<p><em>*Ag\u00eancia Brasil<\/em><\/p>\n","protected":false},"excerpt":{"rendered":"<p>A chegada da lua cheia, nesta sexta-feira (10), ser\u00e1 marcada por um fen\u00f4meno conhecido como eclipse penumbral. Ele poder\u00e1 ser visto em todo o Brasil e em pa\u00edses da \u00c1sia, Europa, \u00c1frica, do Oriente M\u00e9dio e das Am\u00e9ricas do Sul e do Norte. O eclipse penumbral \u00e9 um fen\u00f4meno astron\u00f4mico que ocorre quando a lua [&hellip;]<\/p>\n","protected":false},"author":2,"featured_media":15367,"comment_status":"open","ping_status":"open","sticky":false,"template":"","format":"standard","meta":{"_acf_changed":false,"_monsterinsights_skip_tracking":false,"_monsterinsights_sitenote_active":false,"_monsterinsights_sitenote_note":"","_monsterinsights_sitenote_category":0,"_jetpack_memberships_contains_paid_content":false,"footnotes":"","jetpack_publicize_message":"","jetpack_publicize_feature_enabled":true,"jetpack_social_post_already_shared":true,"jetpack_social_options":{"image_generator_settings":{"template":"highway","default_image_id":0,"font":"","enabled":false},"version":2}},"categories":[5,1],"tags":[],"class_list":["post-15366","post","type-post","status-publish","format-standard","has-post-thumbnail","hentry","category-cotidiano","category-noticias"],"acf":[],"jetpack_publicize_connections":[],"jetpack_featured_media_url":"https:\/\/i0.wp.com\/blogdoeloiltoncajuhy.com.br\/site\/wp-content\/uploads\/2017\/02\/eclipse_lunar-e1486729692708.jpg?fit=500%2C375&ssl=1","jetpack_sharing_enabled":true,"publishpress_future_workflow_manual_trigger":{"enabledWorkflows":[]},"_links":{"self":[{"href":"https:\/\/blogdoeloiltoncajuhy.com.br\/site\/wp-json\/wp\/v2\/posts\/15366","targetHints":{"allow":["GET"]}}],"collection":[{"href":"https:\/\/blogdoeloiltoncajuhy.com.br\/site\/wp-json\/wp\/v2\/posts"}],"about":[{"href":"https:\/\/blogdoeloiltoncajuhy.com.br\/site\/wp-json\/wp\/v2\/types\/post"}],"author":[{"embeddable":true,"href":"https:\/\/blogdoeloiltoncajuhy.com.br\/site\/wp-json\/wp\/v2\/users\/2"}],"replies":[{"embeddable":true,"href":"https:\/\/blogdoeloiltoncajuhy.com.br\/site\/wp-json\/wp\/v2\/comments?post=15366"}],"version-history":[{"count":1,"href":"https:\/\/blogdoeloiltoncajuhy.com.br\/site\/wp-json\/wp\/v2\/posts\/15366\/revisions"}],"predecessor-version":[{"id":15368,"href":"https:\/\/blogdoeloiltoncajuhy.com.br\/site\/wp-json\/wp\/v2\/posts\/15366\/revisions\/15368"}],"wp:featuredmedia":[{"embeddable":true,"href":"https:\/\/blogdoeloiltoncajuhy.com.br\/site\/wp-json\/wp\/v2\/media\/15367"}],"wp:attachment":[{"href":"https:\/\/blogdoeloiltoncajuhy.com.br\/site\/wp-json\/wp\/v2\/media?parent=15366"}],"wp:term":[{"taxonomy":"category","embeddable":true,"href":"https:\/\/blogdoeloiltoncajuhy.com.br\/site\/wp-json\/wp\/v2\/categories?post=15366"},{"taxonomy":"post_tag","embeddable":true,"href":"https:\/\/blogdoeloiltoncajuhy.com.br\/site\/wp-json\/wp\/v2\/tags?post=15366"}],"curies":[{"name":"wp","href":"https:\/\/api.w.org\/{rel}","templated":true}]}}