{"id":15360,"date":"2017-02-09T19:53:30","date_gmt":"2017-02-09T22:53:30","guid":{"rendered":"http:\/\/blogdoeloiltoncajuhy.com.br\/site\/?p=15360"},"modified":"2017-02-09T19:53:30","modified_gmt":"2017-02-09T22:53:30","slug":"bonfim-parceria-publicoprivado-pode-viabilizar-construcao-de-complexo-gastronomico-no-parque-da-cidade","status":"publish","type":"post","link":"https:\/\/blogdoeloiltoncajuhy.com.br\/site\/bonfim-parceria-publicoprivado-pode-viabilizar-construcao-de-complexo-gastronomico-no-parque-da-cidade\/","title":{"rendered":"BONFIM: Parceria p\u00fablico\/privado pode viabilizar constru\u00e7\u00e3o de complexo gastron\u00f4mico no Parque da Cidade"},"content":{"rendered":"<p><a href=\"https:\/\/i0.wp.com\/blogdoeloiltoncajuhy.com.br\/site\/wp-content\/uploads\/2017\/02\/parque-da-cidade-e1486680787635.jpg\"><img data-recalc-dims=\"1\" fetchpriority=\"high\" decoding=\"async\" class=\"aligncenter size-full wp-image-15361\" src=\"https:\/\/i0.wp.com\/blogdoeloiltoncajuhy.com.br\/site\/wp-content\/uploads\/2017\/02\/parque-da-cidade-e1486680787635.jpg?resize=600%2C450\" alt=\"\" width=\"600\" height=\"450\" \/><\/a>O Prefeito Carlos Brasileiro, acompanhado do Secret\u00e1rio de Infraestrutura, Ivan Barbosa e do Secret\u00e1rio de Desenvolvimento Econ\u00f4mico, Turismo e Esporte, Gustavo Miranda, visitou, na tarde desta ter\u00e7a-feira (07), o Parque da Cidade. Com a presen\u00e7a do arquiteto, Paulo Melo, foram feitos estudos preliminares para elabora\u00e7\u00e3o do projeto de constru\u00e7\u00e3o do Complexo Gastron\u00f4mico. O local escolhido fica pr\u00f3ximo ao Espa\u00e7o Gonzag\u00e3o, onde atualmente \u00e9 realizado o S\u00e3o Jo\u00e3o.<\/p>\n<p>O empreendimento, com valor estimado em R$ 1.000.000,00 (um milh\u00e3o de reais), consiste na constru\u00e7\u00e3o de quatro restaurantes e um espa\u00e7o para apresenta\u00e7\u00f5es art\u00edstico-culturais. A viabilidade passa inicialmente pela parceria p\u00fablico\/privado e aprova\u00e7\u00e3o da C\u00e2mara de Vereadores. &#8220;O empres\u00e1rio construir\u00e1 e ter\u00e1 uma cess\u00e3o do espa\u00e7o por 15 anos, ap\u00f3s esse per\u00edodo de uso, o espa\u00e7o torna-se p\u00fablico. Essa \u00e9 a ideia central do projeto\u201d, disse o prefeito Carlos Brasileiro sobre o projeto e os processos necess\u00e1rios para implanta\u00e7\u00e3o no munic\u00edpio.<\/p>\n<p>O Secretario Gustavo Miranda falou sobre as oportunidades econ\u00f4micas e tur\u00edsticas: \u201cCom a constru\u00e7\u00e3o do complexo gastron\u00f4mico, Senhor do Bonfim passa a ter mais uma op\u00e7\u00e3o para degusta\u00e7\u00e3o da culin\u00e1ria nordestina, e mais um espa\u00e7o de lazer \u00e0 popula\u00e7\u00e3o. Novos empregos diretos e indiretos ser\u00e3o criados e a economia do munic\u00edpio ganha mais esse aporte financeiro\u201d, falou.<\/p>\n<p><em>*Assessoria de Comunica\u00e7\u00e3o da Prefeitura de Senhor do Bonfim<\/em><\/p>\n","protected":false},"excerpt":{"rendered":"<p>O Prefeito Carlos Brasileiro, acompanhado do Secret\u00e1rio de Infraestrutura, Ivan Barbosa e do Secret\u00e1rio de Desenvolvimento Econ\u00f4mico, Turismo e Esporte, Gustavo Miranda, visitou, na tarde desta ter\u00e7a-feira (07), o Parque da Cidade. Com a presen\u00e7a do arquiteto, Paulo Melo, foram feitos estudos preliminares para elabora\u00e7\u00e3o do projeto de constru\u00e7\u00e3o do Complexo Gastron\u00f4mico. O local escolhido [&hellip;]<\/p>\n","protected":false},"author":2,"featured_media":15361,"comment_status":"open","ping_status":"open","sticky":false,"template":"","format":"standard","meta":{"_acf_changed":false,"_monsterinsights_skip_tracking":false,"_monsterinsights_sitenote_active":false,"_monsterinsights_sitenote_note":"","_monsterinsights_sitenote_category":0,"_jetpack_memberships_contains_paid_content":false,"footnotes":"","jetpack_publicize_message":"","jetpack_publicize_feature_enabled":true,"jetpack_social_post_already_shared":true,"jetpack_social_options":{"image_generator_settings":{"template":"highway","default_image_id":0,"font":"","enabled":false},"version":2}},"categories":[1,3,4],"tags":[],"class_list":["post-15360","post","type-post","status-publish","format-standard","has-post-thumbnail","hentry","category-noticias","category-politica","category-local"],"acf":[],"jetpack_publicize_connections":[],"jetpack_featured_media_url":"https:\/\/i0.wp.com\/blogdoeloiltoncajuhy.com.br\/site\/wp-content\/uploads\/2017\/02\/parque-da-cidade-e1486680787635.jpg?fit=600%2C450&ssl=1","jetpack_sharing_enabled":true,"publishpress_future_workflow_manual_trigger":{"enabledWorkflows":[]},"_links":{"self":[{"href":"https:\/\/blogdoeloiltoncajuhy.com.br\/site\/wp-json\/wp\/v2\/posts\/15360","targetHints":{"allow":["GET"]}}],"collection":[{"href":"https:\/\/blogdoeloiltoncajuhy.com.br\/site\/wp-json\/wp\/v2\/posts"}],"about":[{"href":"https:\/\/blogdoeloiltoncajuhy.com.br\/site\/wp-json\/wp\/v2\/types\/post"}],"author":[{"embeddable":true,"href":"https:\/\/blogdoeloiltoncajuhy.com.br\/site\/wp-json\/wp\/v2\/users\/2"}],"replies":[{"embeddable":true,"href":"https:\/\/blogdoeloiltoncajuhy.com.br\/site\/wp-json\/wp\/v2\/comments?post=15360"}],"version-history":[{"count":1,"href":"https:\/\/blogdoeloiltoncajuhy.com.br\/site\/wp-json\/wp\/v2\/posts\/15360\/revisions"}],"predecessor-version":[{"id":15362,"href":"https:\/\/blogdoeloiltoncajuhy.com.br\/site\/wp-json\/wp\/v2\/posts\/15360\/revisions\/15362"}],"wp:featuredmedia":[{"embeddable":true,"href":"https:\/\/blogdoeloiltoncajuhy.com.br\/site\/wp-json\/wp\/v2\/media\/15361"}],"wp:attachment":[{"href":"https:\/\/blogdoeloiltoncajuhy.com.br\/site\/wp-json\/wp\/v2\/media?parent=15360"}],"wp:term":[{"taxonomy":"category","embeddable":true,"href":"https:\/\/blogdoeloiltoncajuhy.com.br\/site\/wp-json\/wp\/v2\/categories?post=15360"},{"taxonomy":"post_tag","embeddable":true,"href":"https:\/\/blogdoeloiltoncajuhy.com.br\/site\/wp-json\/wp\/v2\/tags?post=15360"}],"curies":[{"name":"wp","href":"https:\/\/api.w.org\/{rel}","templated":true}]}}