{"id":15342,"date":"2017-02-09T09:23:09","date_gmt":"2017-02-09T12:23:09","guid":{"rendered":"http:\/\/blogdoeloiltoncajuhy.com.br\/site\/?p=15342"},"modified":"2017-02-09T09:23:09","modified_gmt":"2017-02-09T12:23:09","slug":"ponto-novo-governo-do-estado-prorroga-irrigacao","status":"publish","type":"post","link":"https:\/\/blogdoeloiltoncajuhy.com.br\/site\/ponto-novo-governo-do-estado-prorroga-irrigacao\/","title":{"rendered":"PONTO NOVO: Governo do Estado prorroga irriga\u00e7\u00e3o"},"content":{"rendered":"<p><a href=\"https:\/\/i0.wp.com\/blogdoeloiltoncajuhy.com.br\/site\/wp-content\/uploads\/2017\/02\/PN_Reuni%C3%A3o-projeto-de-irriga%C3%A7%C3%A3o2-e1486642979466.jpg\"><img data-recalc-dims=\"1\" fetchpriority=\"high\" decoding=\"async\" class=\"aligncenter size-full wp-image-15343\" src=\"https:\/\/i0.wp.com\/blogdoeloiltoncajuhy.com.br\/site\/wp-content\/uploads\/2017\/02\/PN_Reuni%C3%A3o-projeto-de-irriga%C3%A7%C3%A3o2-e1486642979466.jpg?resize=600%2C400\" alt=\"\" width=\"600\" height=\"400\" \/><\/a>Nesta quarta-feira, 08, o Prefeito de Ponto Novo, Tiago Ven\u00e2ncio, preocupado com a situa\u00e7\u00e3o h\u00eddrica vivida pelos produtores irrigantes do projeto de Irriga\u00e7\u00e3o, participou da manifesta\u00e7\u00e3o realizada pelos agricultores, a fim de dialogar e sensibilizar o Governo do Estado, por meio do Comit\u00ea de Gest\u00e3o das Barragens, formado pelo INEMA, Casa Civil e CERB, na tentativa de garantir a prorroga\u00e7\u00e3o da disponibilidade de \u00e1gua destinada ao uso na irriga\u00e7\u00e3o.<\/p>\n<p>Pela manh\u00e3 o prefeito informou aos produtores presentes na manifesta\u00e7\u00e3o, que j\u00e1 havia encaminhado no dia de ontem, oficio ao Governo do Estado por interm\u00e9dio da Secretaria de Agricultura, Pecu\u00e1ria, Irriga\u00e7\u00e3o, Pesca e Aquicultura \u2013 SEAGRI, chefiada pelo Secret\u00e1rio e Deputado Estadual, Dr. Vitor Bonfim, solicitando aten\u00e7\u00e3o \u00e0s reivindica\u00e7\u00f5es dos produtores e em nome da economia municipal, no que concerne a garantia do uso da \u00e1gua para a irriga\u00e7\u00e3o por mais um m\u00eas, para possibilitar a manuten\u00e7\u00e3o das suas produ\u00e7\u00f5es e manter as planta\u00e7\u00f5es vivas.<\/p>\n<p>O prefeito Tiago Ven\u00e2ncio ent\u00e3o passou a maior parte do dia de hoje reunido com a comiss\u00e3o de monitoramento da crise h\u00eddrica do munic\u00edpio, formada pelo Secretario de Agricultura \u2013 Eleilson Gama, o administrador da empresa Sitio Barreiras \u2013 Elivando Lima, o representante do Sindicato dos Trabalhadores Rurais \u2013 Edson Lopes, o gerente do Distrito de Irriga\u00e7\u00e3o \u2013 Jos\u00e9 Adilson Cardoso, o presidente da Associa\u00e7\u00e3o dos Irrigantes \u2013 Jivanilto Jesus (Nilton Barrada), al\u00e9m de participar tamb\u00e9m o produtor e presidente do Conselho de Administra\u00e7\u00e3o do Distrito de Irriga\u00e7\u00e3o de Ponto Novo \u2013 Adalberto Ferreira e o Presidente da C\u00e2mara Municipal de Ponto Novo, o vereador F\u00e1bio Alan de Souza (Junior do Roque).<\/p>\n<p>Dentre as a\u00e7\u00f5es tomas pelo prefeito Tiago Ven\u00e2ncio e a comiss\u00e3o supracitada, est\u00e1 \u00e0 interlocu\u00e7\u00e3o com a Secretaria de Agricultura, Pecu\u00e1ria, Irriga\u00e7\u00e3o, Pesca e Aq\u00fcicultura \u2013 SEAGRI, por meio do Secret\u00e1rio e tamb\u00e9m Deputado Estadual Dr. Vitor Bonfim, na tratativa junto as demais secretarias envolvidas na gest\u00e3o de opera\u00e7\u00e3o e uso da \u00e1gua da barragem de Ponto Novo, para garantir a manuten\u00e7\u00e3o do fornecimento de \u00e1gua para o Projeto de Irriga\u00e7\u00e3o, pleito desejado por todos os agricultores do projeto que estiveram em manifesta\u00e7\u00e3o durante todo o dia, desde a manh\u00e3, por mais ou menos 10 (dez) horas interditando a BR 407.<\/p>\n<p>O prefeito Tiago Ven\u00e2ncio, por meio do Secret\u00e1rio de Agricultura e Deputado Estadual da Bahia, Dr. Vitor Bonfim, conseguiu ao final da tarde, ap\u00f3s diversos contatos como os \u00f3rg\u00e3os e institui\u00e7\u00f5es envolvidos e junto \u00e0 comiss\u00e3o dos agricultores, a manuten\u00e7\u00e3o do fornecimento de \u00e1gua para os agricultores do Projeto de Irriga\u00e7\u00e3o de Ponto Novo, por mais 15 dias, sendo 64.800 m\u00b3 de \u00e1gua por mais 12 horas, conforme o cronograma j\u00e1 em uso pelos irrigantes.<\/p>\n<p>Na ocasi\u00e3o, o prefeito reunido com a comiss\u00e3o dos agricultores se disse muito feliz em ter contribu\u00eddo para a conquista do pleito e tamb\u00e9m se colocou \u00e0 disposi\u00e7\u00e3o do projeto de irriga\u00e7\u00e3o de Ponto Novo para articular junto \u00e0 Casa Civil novas conquistas para os produtores.<\/p>\n<p><em>*Ascom Prefeitura de Ponto Novo<\/em><\/p>\n","protected":false},"excerpt":{"rendered":"<p>Nesta quarta-feira, 08, o Prefeito de Ponto Novo, Tiago Ven\u00e2ncio, preocupado com a situa\u00e7\u00e3o h\u00eddrica vivida pelos produtores irrigantes do projeto de Irriga\u00e7\u00e3o, participou da manifesta\u00e7\u00e3o realizada pelos agricultores, a fim de dialogar e sensibilizar o Governo do Estado, por meio do Comit\u00ea de Gest\u00e3o das Barragens, formado pelo INEMA, Casa Civil e CERB, na [&hellip;]<\/p>\n","protected":false},"author":2,"featured_media":15343,"comment_status":"open","ping_status":"open","sticky":false,"template":"","format":"standard","meta":{"_acf_changed":false,"_monsterinsights_skip_tracking":false,"_monsterinsights_sitenote_active":false,"_monsterinsights_sitenote_note":"","_monsterinsights_sitenote_category":0,"_jetpack_memberships_contains_paid_content":false,"footnotes":"","jetpack_publicize_message":"","jetpack_publicize_feature_enabled":true,"jetpack_social_post_already_shared":true,"jetpack_social_options":{"image_generator_settings":{"template":"highway","default_image_id":0,"font":"","enabled":false},"version":2}},"categories":[1,11],"tags":[],"class_list":["post-15342","post","type-post","status-publish","format-standard","has-post-thumbnail","hentry","category-noticias","category-regional"],"acf":[],"jetpack_publicize_connections":[],"jetpack_featured_media_url":"https:\/\/i0.wp.com\/blogdoeloiltoncajuhy.com.br\/site\/wp-content\/uploads\/2017\/02\/PN_Reuni%C3%A3o-projeto-de-irriga%C3%A7%C3%A3o2-e1486642979466.jpg?fit=600%2C400&ssl=1","jetpack_sharing_enabled":true,"publishpress_future_workflow_manual_trigger":{"enabledWorkflows":[]},"_links":{"self":[{"href":"https:\/\/blogdoeloiltoncajuhy.com.br\/site\/wp-json\/wp\/v2\/posts\/15342","targetHints":{"allow":["GET"]}}],"collection":[{"href":"https:\/\/blogdoeloiltoncajuhy.com.br\/site\/wp-json\/wp\/v2\/posts"}],"about":[{"href":"https:\/\/blogdoeloiltoncajuhy.com.br\/site\/wp-json\/wp\/v2\/types\/post"}],"author":[{"embeddable":true,"href":"https:\/\/blogdoeloiltoncajuhy.com.br\/site\/wp-json\/wp\/v2\/users\/2"}],"replies":[{"embeddable":true,"href":"https:\/\/blogdoeloiltoncajuhy.com.br\/site\/wp-json\/wp\/v2\/comments?post=15342"}],"version-history":[{"count":1,"href":"https:\/\/blogdoeloiltoncajuhy.com.br\/site\/wp-json\/wp\/v2\/posts\/15342\/revisions"}],"predecessor-version":[{"id":15344,"href":"https:\/\/blogdoeloiltoncajuhy.com.br\/site\/wp-json\/wp\/v2\/posts\/15342\/revisions\/15344"}],"wp:featuredmedia":[{"embeddable":true,"href":"https:\/\/blogdoeloiltoncajuhy.com.br\/site\/wp-json\/wp\/v2\/media\/15343"}],"wp:attachment":[{"href":"https:\/\/blogdoeloiltoncajuhy.com.br\/site\/wp-json\/wp\/v2\/media?parent=15342"}],"wp:term":[{"taxonomy":"category","embeddable":true,"href":"https:\/\/blogdoeloiltoncajuhy.com.br\/site\/wp-json\/wp\/v2\/categories?post=15342"},{"taxonomy":"post_tag","embeddable":true,"href":"https:\/\/blogdoeloiltoncajuhy.com.br\/site\/wp-json\/wp\/v2\/tags?post=15342"}],"curies":[{"name":"wp","href":"https:\/\/api.w.org\/{rel}","templated":true}]}}