{"id":15340,"date":"2017-02-09T09:18:47","date_gmt":"2017-02-09T12:18:47","guid":{"rendered":"http:\/\/blogdoeloiltoncajuhy.com.br\/site\/?p=15340"},"modified":"2017-02-09T09:18:47","modified_gmt":"2017-02-09T12:18:47","slug":"vazamentos-em-adutora-suspendem-abastecimento-de-agua-em-itiuba","status":"publish","type":"post","link":"https:\/\/blogdoeloiltoncajuhy.com.br\/site\/vazamentos-em-adutora-suspendem-abastecimento-de-agua-em-itiuba\/","title":{"rendered":"Vazamentos em adutora suspendem abastecimento de \u00e1gua em Iti\u00faba"},"content":{"rendered":"<p style=\"text-align: center;\"><em><strong>Previs\u00e3o \u00e9 reiniciar fornecimento de \u00e1gua na noite desta quinta-feira<\/strong><\/em><\/p>\n<p><a href=\"https:\/\/i0.wp.com\/blogdoeloiltoncajuhy.com.br\/site\/wp-content\/uploads\/2015\/08\/embasa.jpg\"><img data-recalc-dims=\"1\" fetchpriority=\"high\" decoding=\"async\" class=\"aligncenter size-full wp-image-3655\" src=\"https:\/\/i0.wp.com\/blogdoeloiltoncajuhy.com.br\/site\/wp-content\/uploads\/2015\/08\/embasa.jpg?resize=350%2C200\" alt=\"\" width=\"350\" height=\"200\" srcset=\"https:\/\/i0.wp.com\/blogdoeloiltoncajuhy.com.br\/site\/wp-content\/uploads\/2015\/08\/embasa.jpg?w=350&amp;ssl=1 350w, https:\/\/i0.wp.com\/blogdoeloiltoncajuhy.com.br\/site\/wp-content\/uploads\/2015\/08\/embasa.jpg?resize=300%2C171&amp;ssl=1 300w, https:\/\/i0.wp.com\/blogdoeloiltoncajuhy.com.br\/site\/wp-content\/uploads\/2015\/08\/embasa.jpg?resize=250%2C143&amp;ssl=1 250w\" sizes=\"(max-width: 350px) 100vw, 350px\" \/><\/a>A Empresa Baiana de \u00c1guas e Saneamento (Embasa) suspendeu, na noite de ontem (08), o fornecimento de \u00e1gua na sede de Iti\u00faba e no distrito de R\u00f4mulo Campos para sanar vazamentos na adutora que abastece o munic\u00edpio.<\/p>\n<p>T\u00e9cnicos j\u00e1 iniciaram os servi\u00e7os de reparo na tubula\u00e7\u00e3o, cuja conclus\u00e3o est\u00e1 prevista para a noite de hoje (09). Ap\u00f3s a conclus\u00e3o dos trabalhos, o abastecimento de \u00e1gua ser\u00e1 retomado de imediato, atendendo a popula\u00e7\u00e3o gradativamente.<\/p>\n<p>A Embasa mant\u00e9m a recomenda\u00e7\u00e3o para que os moradores utilizem de forma racional a \u00e1gua armazenada nos reservat\u00f3rios domiciliares para evitar maiores transtornos.<\/p>\n<p><em>*Assessoria de Comunica\u00e7\u00e3o da Embasa<\/em><br \/>\n(74) 3541-8400<\/p>\n","protected":false},"excerpt":{"rendered":"<p>Previs\u00e3o \u00e9 reiniciar fornecimento de \u00e1gua na noite desta quinta-feira A Empresa Baiana de \u00c1guas e Saneamento (Embasa) suspendeu, na noite de ontem (08), o fornecimento de \u00e1gua na sede de Iti\u00faba e no distrito de R\u00f4mulo Campos para sanar vazamentos na adutora que abastece o munic\u00edpio. T\u00e9cnicos j\u00e1 iniciaram os servi\u00e7os de reparo na [&hellip;]<\/p>\n","protected":false},"author":2,"featured_media":0,"comment_status":"open","ping_status":"open","sticky":false,"template":"","format":"standard","meta":{"_acf_changed":false,"_monsterinsights_skip_tracking":false,"_monsterinsights_sitenote_active":false,"_monsterinsights_sitenote_note":"","_monsterinsights_sitenote_category":0,"_jetpack_memberships_contains_paid_content":false,"footnotes":"","jetpack_publicize_message":"","jetpack_publicize_feature_enabled":true,"jetpack_social_post_already_shared":true,"jetpack_social_options":{"image_generator_settings":{"template":"highway","default_image_id":0,"font":"","enabled":false},"version":2}},"categories":[5,1,11],"tags":[],"class_list":["post-15340","post","type-post","status-publish","format-standard","hentry","category-cotidiano","category-noticias","category-regional"],"acf":[],"jetpack_publicize_connections":[],"jetpack_featured_media_url":"","jetpack_sharing_enabled":true,"publishpress_future_workflow_manual_trigger":{"enabledWorkflows":[]},"_links":{"self":[{"href":"https:\/\/blogdoeloiltoncajuhy.com.br\/site\/wp-json\/wp\/v2\/posts\/15340","targetHints":{"allow":["GET"]}}],"collection":[{"href":"https:\/\/blogdoeloiltoncajuhy.com.br\/site\/wp-json\/wp\/v2\/posts"}],"about":[{"href":"https:\/\/blogdoeloiltoncajuhy.com.br\/site\/wp-json\/wp\/v2\/types\/post"}],"author":[{"embeddable":true,"href":"https:\/\/blogdoeloiltoncajuhy.com.br\/site\/wp-json\/wp\/v2\/users\/2"}],"replies":[{"embeddable":true,"href":"https:\/\/blogdoeloiltoncajuhy.com.br\/site\/wp-json\/wp\/v2\/comments?post=15340"}],"version-history":[{"count":1,"href":"https:\/\/blogdoeloiltoncajuhy.com.br\/site\/wp-json\/wp\/v2\/posts\/15340\/revisions"}],"predecessor-version":[{"id":15341,"href":"https:\/\/blogdoeloiltoncajuhy.com.br\/site\/wp-json\/wp\/v2\/posts\/15340\/revisions\/15341"}],"wp:attachment":[{"href":"https:\/\/blogdoeloiltoncajuhy.com.br\/site\/wp-json\/wp\/v2\/media?parent=15340"}],"wp:term":[{"taxonomy":"category","embeddable":true,"href":"https:\/\/blogdoeloiltoncajuhy.com.br\/site\/wp-json\/wp\/v2\/categories?post=15340"},{"taxonomy":"post_tag","embeddable":true,"href":"https:\/\/blogdoeloiltoncajuhy.com.br\/site\/wp-json\/wp\/v2\/tags?post=15340"}],"curies":[{"name":"wp","href":"https:\/\/api.w.org\/{rel}","templated":true}]}}