{"id":15337,"date":"2017-02-08T19:49:49","date_gmt":"2017-02-08T22:49:49","guid":{"rendered":"http:\/\/blogdoeloiltoncajuhy.com.br\/site\/?p=15337"},"modified":"2017-02-08T19:49:49","modified_gmt":"2017-02-08T22:49:49","slug":"encontro-com-gestores-escolares-define-diretrizes-da-i-jornada-pedagogica-2017-de-senhor-do-bonfim","status":"publish","type":"post","link":"https:\/\/blogdoeloiltoncajuhy.com.br\/site\/encontro-com-gestores-escolares-define-diretrizes-da-i-jornada-pedagogica-2017-de-senhor-do-bonfim\/","title":{"rendered":"Encontro com gestores escolares define diretrizes da I Jornada Pedag\u00f3gica 2017 de Senhor do Bonfim"},"content":{"rendered":"<p><a href=\"https:\/\/i0.wp.com\/blogdoeloiltoncajuhy.com.br\/site\/wp-content\/uploads\/2017\/02\/edu-pre-e1486594163418.jpg\"><img data-recalc-dims=\"1\" fetchpriority=\"high\" decoding=\"async\" class=\"aligncenter size-full wp-image-15338\" src=\"https:\/\/i0.wp.com\/blogdoeloiltoncajuhy.com.br\/site\/wp-content\/uploads\/2017\/02\/edu-pre-e1486594163418.jpg?resize=600%2C400\" alt=\"\" width=\"600\" height=\"400\" \/><\/a>A Prefeitura de Senhor do Bonfim, por meio da Secretaria de Educa\u00e7\u00e3o (SEMED), realizou, nos dias 07 e 08, no audit\u00f3rio da Universidade Federal do Vale do S\u00e3o Francisco (UNIVASF), o evento preparat\u00f3rio denominado \u201cPr\u00e9-Jornada Pedag\u00f3gica\u201d. O encontro teve como objetivo reunir a Secret\u00e1ria de Educa\u00e7\u00e3o, Cristiane Maia, com os gestores escolares do munic\u00edpio para apresentar, discutir e orientar coordenadores, diretores e os vice-diretores sobre as diretrizes da I Jornada Pedag\u00f3gica 2017, que acontecer\u00e1 de 14 a 17 de Fevereiro, e tem como tema: \u201cCurr\u00edculo e Diversidade: As quest\u00f5es que desafiam a escola\u201d.<\/p>\n<p>A Pr\u00e9-Jornada Pedag\u00f3gica consolidou-se como um espa\u00e7o de di\u00e1logo e constru\u00e7\u00e3o de materiais que servir\u00e3o como par\u00e2metro de trabalho a ser desenvolvido pelos gestores e coordenadores das unidades escolares na I Jornada Pedag\u00f3gica 2017. A Secret\u00e1ria de Educa\u00e7\u00e3o, Cristiane Maia, falou sobre a import\u00e2ncia do evento: \u201cEstamos vivendo um momento de grande alegria. O governo municipal, atrav\u00e9s da secretaria de educa\u00e7\u00e3o, ofereceu aos gestores uma proposta inovadora que serviu para que todos os diretores e vice-diretores da rede municipal nos ajudasse a elaborar diretrizes que ser\u00e3o tra\u00e7adas na I Jornada Pedag\u00f3gica 2017\u201d, ressaltou.<\/p>\n<p>Durante o encontro foram realizadas diversas atividades e tem\u00e1ticas em grupo, uma avalia\u00e7\u00e3o do ano letivo de 2016, al\u00e9m da apresenta\u00e7\u00e3o das quest\u00f5es norteadoras com registro das contribui\u00e7\u00f5es do grupo no QEdu &#8211; portal aberto e gratuito com informa\u00e7\u00f5es p\u00fablicas sobre a qualidade do aprendizado em cada escola.<\/p>\n<p>A I Jornada Pedag\u00f3gica 2017, como tema: \u201cCurr\u00edculo e Diversidade: As quest\u00f5es que desafiam a escola\u201d, acontecer\u00e1 de 14 a 17 de Fevereiro, na Igreja Batista Nova Si\u00e3o, \u00e0s 7h30, com as presen\u00e7as dos renomados palestrantes Dr. Prof. Roberto Sidnei e Prof. Mury Campos.<\/p>\n<p><em>*Ascom Prefeitura Municipal de Senhor do Bonfim<\/em><\/p>\n","protected":false},"excerpt":{"rendered":"<p>A Prefeitura de Senhor do Bonfim, por meio da Secretaria de Educa\u00e7\u00e3o (SEMED), realizou, nos dias 07 e 08, no audit\u00f3rio da Universidade Federal do Vale do S\u00e3o Francisco (UNIVASF), o evento preparat\u00f3rio denominado \u201cPr\u00e9-Jornada Pedag\u00f3gica\u201d. O encontro teve como objetivo reunir a Secret\u00e1ria de Educa\u00e7\u00e3o, Cristiane Maia, com os gestores escolares do munic\u00edpio para [&hellip;]<\/p>\n","protected":false},"author":2,"featured_media":15338,"comment_status":"open","ping_status":"open","sticky":false,"template":"","format":"standard","meta":{"_acf_changed":false,"_monsterinsights_skip_tracking":false,"_monsterinsights_sitenote_active":false,"_monsterinsights_sitenote_note":"","_monsterinsights_sitenote_category":0,"_jetpack_memberships_contains_paid_content":false,"footnotes":"","jetpack_publicize_message":"","jetpack_publicize_feature_enabled":true,"jetpack_social_post_already_shared":true,"jetpack_social_options":{"image_generator_settings":{"template":"highway","default_image_id":0,"font":"","enabled":false},"version":2}},"categories":[14,1,4],"tags":[],"class_list":["post-15337","post","type-post","status-publish","format-standard","has-post-thumbnail","hentry","category-educacao","category-noticias","category-local"],"acf":[],"jetpack_publicize_connections":[],"jetpack_featured_media_url":"https:\/\/i0.wp.com\/blogdoeloiltoncajuhy.com.br\/site\/wp-content\/uploads\/2017\/02\/edu-pre-e1486594163418.jpg?fit=600%2C400&ssl=1","jetpack_sharing_enabled":true,"publishpress_future_workflow_manual_trigger":{"enabledWorkflows":[]},"_links":{"self":[{"href":"https:\/\/blogdoeloiltoncajuhy.com.br\/site\/wp-json\/wp\/v2\/posts\/15337","targetHints":{"allow":["GET"]}}],"collection":[{"href":"https:\/\/blogdoeloiltoncajuhy.com.br\/site\/wp-json\/wp\/v2\/posts"}],"about":[{"href":"https:\/\/blogdoeloiltoncajuhy.com.br\/site\/wp-json\/wp\/v2\/types\/post"}],"author":[{"embeddable":true,"href":"https:\/\/blogdoeloiltoncajuhy.com.br\/site\/wp-json\/wp\/v2\/users\/2"}],"replies":[{"embeddable":true,"href":"https:\/\/blogdoeloiltoncajuhy.com.br\/site\/wp-json\/wp\/v2\/comments?post=15337"}],"version-history":[{"count":1,"href":"https:\/\/blogdoeloiltoncajuhy.com.br\/site\/wp-json\/wp\/v2\/posts\/15337\/revisions"}],"predecessor-version":[{"id":15339,"href":"https:\/\/blogdoeloiltoncajuhy.com.br\/site\/wp-json\/wp\/v2\/posts\/15337\/revisions\/15339"}],"wp:featuredmedia":[{"embeddable":true,"href":"https:\/\/blogdoeloiltoncajuhy.com.br\/site\/wp-json\/wp\/v2\/media\/15338"}],"wp:attachment":[{"href":"https:\/\/blogdoeloiltoncajuhy.com.br\/site\/wp-json\/wp\/v2\/media?parent=15337"}],"wp:term":[{"taxonomy":"category","embeddable":true,"href":"https:\/\/blogdoeloiltoncajuhy.com.br\/site\/wp-json\/wp\/v2\/categories?post=15337"},{"taxonomy":"post_tag","embeddable":true,"href":"https:\/\/blogdoeloiltoncajuhy.com.br\/site\/wp-json\/wp\/v2\/tags?post=15337"}],"curies":[{"name":"wp","href":"https:\/\/api.w.org\/{rel}","templated":true}]}}