{"id":15333,"date":"2017-02-08T19:35:10","date_gmt":"2017-02-08T22:35:10","guid":{"rendered":"http:\/\/blogdoeloiltoncajuhy.com.br\/site\/?p=15333"},"modified":"2017-02-08T19:35:10","modified_gmt":"2017-02-08T22:35:10","slug":"politica-justica-suspende-nomeacao-de-ministro-moreira-franco","status":"publish","type":"post","link":"https:\/\/blogdoeloiltoncajuhy.com.br\/site\/politica-justica-suspende-nomeacao-de-ministro-moreira-franco\/","title":{"rendered":"POL\u00cdTICA: Justi\u00e7a suspende nomea\u00e7\u00e3o de ministro Moreira Franco"},"content":{"rendered":"<p><a href=\"https:\/\/i0.wp.com\/blogdoeloiltoncajuhy.com.br\/site\/wp-content\/uploads\/2017\/02\/moreira-franco.jpg\"><img data-recalc-dims=\"1\" fetchpriority=\"high\" decoding=\"async\" class=\"aligncenter size-full wp-image-15334\" src=\"https:\/\/i0.wp.com\/blogdoeloiltoncajuhy.com.br\/site\/wp-content\/uploads\/2017\/02\/moreira-franco-e1486593284406.jpg?resize=480%2C320\" alt=\"\" width=\"480\" height=\"320\" \/><\/a>A Justi\u00e7a Federal em Bras\u00edlia suspendeu nessa quarta-feira a nomea\u00e7\u00e3o de Wellington Moreira Franco para a Secretaria-Geral da Presid\u00eancia da Rep\u00fablica. A decis\u00e3o, em primeira inst\u00e2ncia, tem car\u00e1ter liminar e atende uma a\u00e7\u00e3o popular apresentada por tr\u00eas cidad\u00e3os.<\/p>\n<p>Na liminar, o juiz Eduardo Rocha Penteado entende que a situa\u00e7\u00e3o de Moreira Franco se a assemelha ao caso da nomea\u00e7\u00e3o do ex-presidente Luiz In\u00e1cio Lula da Silva para a Casa Civil pela ex-presidenta Dilma Rousseff, no ano passado.<\/p>\n<p>Na ocasi\u00e3o, o ministro do Supremo Tribunal Federal Gilmar Mendes suspendeu a nomea\u00e7\u00e3o de Lula por entender que a medida foi tomada para conceder foro privilegiado ao ex-presidente e evitar que ele fosse julgado nas a\u00e7\u00f5es da Lava Jato pelo juiz federal S\u00e9rgio Moro.<\/p>\n<p>Moreira Franco foi citado em dela\u00e7\u00e3o premiada da Odebrecht e, com a nomea\u00e7\u00e3o para ministro, tamb\u00e9m passaria a ter foro privilegiado. O Pal\u00e1cio do Planalto informou que a Advocacia-Geral da Uni\u00e3o vai recorrer da decis\u00e3o.<\/p>\n<p><em>*Radioag\u00eancia Nacional<\/em><\/p>\n","protected":false},"excerpt":{"rendered":"<p>A Justi\u00e7a Federal em Bras\u00edlia suspendeu nessa quarta-feira a nomea\u00e7\u00e3o de Wellington Moreira Franco para a Secretaria-Geral da Presid\u00eancia da Rep\u00fablica. A decis\u00e3o, em primeira inst\u00e2ncia, tem car\u00e1ter liminar e atende uma a\u00e7\u00e3o popular apresentada por tr\u00eas cidad\u00e3os. Na liminar, o juiz Eduardo Rocha Penteado entende que a situa\u00e7\u00e3o de Moreira Franco se a assemelha [&hellip;]<\/p>\n","protected":false},"author":2,"featured_media":15334,"comment_status":"open","ping_status":"open","sticky":false,"template":"","format":"standard","meta":{"_acf_changed":false,"_monsterinsights_skip_tracking":false,"_monsterinsights_sitenote_active":false,"_monsterinsights_sitenote_note":"","_monsterinsights_sitenote_category":0,"_jetpack_memberships_contains_paid_content":false,"footnotes":"","jetpack_publicize_message":"","jetpack_publicize_feature_enabled":true,"jetpack_social_post_already_shared":true,"jetpack_social_options":{"image_generator_settings":{"template":"highway","default_image_id":0,"font":"","enabled":false},"version":2}},"categories":[1,3],"tags":[],"class_list":["post-15333","post","type-post","status-publish","format-standard","has-post-thumbnail","hentry","category-noticias","category-politica"],"acf":[],"jetpack_publicize_connections":[],"jetpack_featured_media_url":"https:\/\/i0.wp.com\/blogdoeloiltoncajuhy.com.br\/site\/wp-content\/uploads\/2017\/02\/moreira-franco-e1486593284406.jpg?fit=480%2C320&ssl=1","jetpack_sharing_enabled":true,"publishpress_future_workflow_manual_trigger":{"enabledWorkflows":[]},"_links":{"self":[{"href":"https:\/\/blogdoeloiltoncajuhy.com.br\/site\/wp-json\/wp\/v2\/posts\/15333","targetHints":{"allow":["GET"]}}],"collection":[{"href":"https:\/\/blogdoeloiltoncajuhy.com.br\/site\/wp-json\/wp\/v2\/posts"}],"about":[{"href":"https:\/\/blogdoeloiltoncajuhy.com.br\/site\/wp-json\/wp\/v2\/types\/post"}],"author":[{"embeddable":true,"href":"https:\/\/blogdoeloiltoncajuhy.com.br\/site\/wp-json\/wp\/v2\/users\/2"}],"replies":[{"embeddable":true,"href":"https:\/\/blogdoeloiltoncajuhy.com.br\/site\/wp-json\/wp\/v2\/comments?post=15333"}],"version-history":[{"count":1,"href":"https:\/\/blogdoeloiltoncajuhy.com.br\/site\/wp-json\/wp\/v2\/posts\/15333\/revisions"}],"predecessor-version":[{"id":15335,"href":"https:\/\/blogdoeloiltoncajuhy.com.br\/site\/wp-json\/wp\/v2\/posts\/15333\/revisions\/15335"}],"wp:featuredmedia":[{"embeddable":true,"href":"https:\/\/blogdoeloiltoncajuhy.com.br\/site\/wp-json\/wp\/v2\/media\/15334"}],"wp:attachment":[{"href":"https:\/\/blogdoeloiltoncajuhy.com.br\/site\/wp-json\/wp\/v2\/media?parent=15333"}],"wp:term":[{"taxonomy":"category","embeddable":true,"href":"https:\/\/blogdoeloiltoncajuhy.com.br\/site\/wp-json\/wp\/v2\/categories?post=15333"},{"taxonomy":"post_tag","embeddable":true,"href":"https:\/\/blogdoeloiltoncajuhy.com.br\/site\/wp-json\/wp\/v2\/tags?post=15333"}],"curies":[{"name":"wp","href":"https:\/\/api.w.org\/{rel}","templated":true}]}}