{"id":15327,"date":"2017-02-08T19:12:35","date_gmt":"2017-02-08T22:12:35","guid":{"rendered":"http:\/\/blogdoeloiltoncajuhy.com.br\/site\/?p=15327"},"modified":"2017-02-08T19:12:35","modified_gmt":"2017-02-08T22:12:35","slug":"bonfim-brigada-contra-incendio-recebeu-novos-equipamentos","status":"publish","type":"post","link":"https:\/\/blogdoeloiltoncajuhy.com.br\/site\/bonfim-brigada-contra-incendio-recebeu-novos-equipamentos\/","title":{"rendered":"BONFIM: Brigada contra inc\u00eandio recebeu novos equipamentos"},"content":{"rendered":"<p><a href=\"https:\/\/i0.wp.com\/blogdoeloiltoncajuhy.com.br\/site\/wp-content\/uploads\/2017\/02\/brigada-inc%C3%AAndio1-e1486591887477.jpg\"><img data-recalc-dims=\"1\" fetchpriority=\"high\" decoding=\"async\" class=\"aligncenter size-full wp-image-15328\" src=\"https:\/\/i0.wp.com\/blogdoeloiltoncajuhy.com.br\/site\/wp-content\/uploads\/2017\/02\/brigada-inc%C3%AAndio1-e1486591887477.jpg?resize=500%2C375\" alt=\"\" width=\"500\" height=\"375\" \/><\/a>A Brigada voluntaria de inc\u00eandio de Senhor do Bonfim recebeu, por meio do Instituto do Meio Ambiente e Recursos H\u00eddricos (INEMA), equipamentos de prote\u00e7\u00e3o e de combate a inc\u00eandios florestais e urbanos.<\/p>\n<p>\u201cRecebemos fardamento, luva, bota, \u00f3culos, bloqueador solar, mochila, lanternas, cantil e equipamentos de uso coletivo como: fac\u00e3o, foice, abafador e enxada\u201d, confirmou Cristiano Henrique Ramos Mascarenhas, l\u00edder da brigada. O Governo da Bahia investiu cerca R$ 50 mil reais nos equipamentos.<\/p>\n<p>A Brigada contra inc\u00eandio tem o apoio e suporte da Secretaria de Infraestrutura e Meio Ambiente de Senhor do Bonfim. \u201cEsses equipamentos v\u00e3o garantir mais efici\u00eancia quanto \u00e0s situa\u00e7\u00f5es de fogo e o controle das queimadas em Bonfim e nas cidades da regi\u00e3o\u201d, comentou o Secret\u00e1rio Ivan Barbosa. A brigada \u00e9 composta por 30 trabalhadores volunt\u00e1rios.<\/p>\n<p><em><a href=\"https:\/\/i0.wp.com\/blogdoeloiltoncajuhy.com.br\/site\/wp-content\/uploads\/2017\/02\/brigada-inc%C3%AAndio2-e1486591928119.jpg\"><img data-recalc-dims=\"1\" decoding=\"async\" class=\"aligncenter size-full wp-image-15329\" src=\"https:\/\/i0.wp.com\/blogdoeloiltoncajuhy.com.br\/site\/wp-content\/uploads\/2017\/02\/brigada-inc%C3%AAndio2-e1486591928119.jpg?resize=500%2C375\" alt=\"\" width=\"500\" height=\"375\" \/><\/a>*Ascom Prefeitura de Senhor do Bonfim<\/em><\/p>\n","protected":false},"excerpt":{"rendered":"<p>A Brigada voluntaria de inc\u00eandio de Senhor do Bonfim recebeu, por meio do Instituto do Meio Ambiente e Recursos H\u00eddricos (INEMA), equipamentos de prote\u00e7\u00e3o e de combate a inc\u00eandios florestais e urbanos. \u201cRecebemos fardamento, luva, bota, \u00f3culos, bloqueador solar, mochila, lanternas, cantil e equipamentos de uso coletivo como: fac\u00e3o, foice, abafador e enxada\u201d, confirmou Cristiano [&hellip;]<\/p>\n","protected":false},"author":2,"featured_media":15329,"comment_status":"open","ping_status":"open","sticky":false,"template":"","format":"standard","meta":{"_acf_changed":false,"_monsterinsights_skip_tracking":false,"_monsterinsights_sitenote_active":false,"_monsterinsights_sitenote_note":"","_monsterinsights_sitenote_category":0,"_jetpack_memberships_contains_paid_content":false,"footnotes":"","jetpack_publicize_message":"","jetpack_publicize_feature_enabled":true,"jetpack_social_post_already_shared":true,"jetpack_social_options":{"image_generator_settings":{"template":"highway","default_image_id":0,"font":"","enabled":false},"version":2}},"categories":[1,4],"tags":[],"class_list":["post-15327","post","type-post","status-publish","format-standard","has-post-thumbnail","hentry","category-noticias","category-local"],"acf":[],"jetpack_publicize_connections":[],"jetpack_featured_media_url":"https:\/\/i0.wp.com\/blogdoeloiltoncajuhy.com.br\/site\/wp-content\/uploads\/2017\/02\/brigada-inc%C3%AAndio2-e1486591928119.jpg?fit=500%2C375&ssl=1","jetpack_sharing_enabled":true,"publishpress_future_workflow_manual_trigger":{"enabledWorkflows":[]},"_links":{"self":[{"href":"https:\/\/blogdoeloiltoncajuhy.com.br\/site\/wp-json\/wp\/v2\/posts\/15327","targetHints":{"allow":["GET"]}}],"collection":[{"href":"https:\/\/blogdoeloiltoncajuhy.com.br\/site\/wp-json\/wp\/v2\/posts"}],"about":[{"href":"https:\/\/blogdoeloiltoncajuhy.com.br\/site\/wp-json\/wp\/v2\/types\/post"}],"author":[{"embeddable":true,"href":"https:\/\/blogdoeloiltoncajuhy.com.br\/site\/wp-json\/wp\/v2\/users\/2"}],"replies":[{"embeddable":true,"href":"https:\/\/blogdoeloiltoncajuhy.com.br\/site\/wp-json\/wp\/v2\/comments?post=15327"}],"version-history":[{"count":1,"href":"https:\/\/blogdoeloiltoncajuhy.com.br\/site\/wp-json\/wp\/v2\/posts\/15327\/revisions"}],"predecessor-version":[{"id":15330,"href":"https:\/\/blogdoeloiltoncajuhy.com.br\/site\/wp-json\/wp\/v2\/posts\/15327\/revisions\/15330"}],"wp:featuredmedia":[{"embeddable":true,"href":"https:\/\/blogdoeloiltoncajuhy.com.br\/site\/wp-json\/wp\/v2\/media\/15329"}],"wp:attachment":[{"href":"https:\/\/blogdoeloiltoncajuhy.com.br\/site\/wp-json\/wp\/v2\/media?parent=15327"}],"wp:term":[{"taxonomy":"category","embeddable":true,"href":"https:\/\/blogdoeloiltoncajuhy.com.br\/site\/wp-json\/wp\/v2\/categories?post=15327"},{"taxonomy":"post_tag","embeddable":true,"href":"https:\/\/blogdoeloiltoncajuhy.com.br\/site\/wp-json\/wp\/v2\/tags?post=15327"}],"curies":[{"name":"wp","href":"https:\/\/api.w.org\/{rel}","templated":true}]}}