{"id":15217,"date":"2017-02-04T21:45:30","date_gmt":"2017-02-05T00:45:30","guid":{"rendered":"http:\/\/blogdoeloiltoncajuhy.com.br\/site\/?p=15217"},"modified":"2017-02-04T21:45:30","modified_gmt":"2017-02-05T00:45:30","slug":"politica-criticas-de-maia-ao-pmdb-deixam-planalto-contrariado","status":"publish","type":"post","link":"https:\/\/blogdoeloiltoncajuhy.com.br\/site\/politica-criticas-de-maia-ao-pmdb-deixam-planalto-contrariado\/","title":{"rendered":"POL\u00cdTICA: Cr\u00edticas de Maia ao PMDB deixam Planalto contrariado"},"content":{"rendered":"<p><a href=\"https:\/\/i0.wp.com\/blogdoeloiltoncajuhy.com.br\/site\/wp-content\/uploads\/2017\/02\/maia_temer-e1486255509310.jpg\"><img data-recalc-dims=\"1\" fetchpriority=\"high\" decoding=\"async\" class=\"aligncenter size-full wp-image-15218\" src=\"https:\/\/i0.wp.com\/blogdoeloiltoncajuhy.com.br\/site\/wp-content\/uploads\/2017\/02\/maia_temer-e1486255509310.jpg?resize=600%2C169\" alt=\"\" width=\"600\" height=\"169\" \/><\/a>Auxiliares do presidente Michel Temer ficaram contrariados com cr\u00edticas ao PMDB feitas pelo presidente da C\u00e2mara, Rodrigo Maia (DEM-RJ), em declara\u00e7\u00f5es \u00e0 imprensa.<\/p>\n<p>Nas palavras de um interlocutor pr\u00f3ximo de Temer, Maia n\u00e3o poderia ter esse comportamento com o cargo que ocupa. O Pal\u00e1cio do Planalto agora trabalha para tentar esfriar os \u00e2nimos na bancada do PMDB.<\/p>\n<p>Causou um desconforto especial o fato de Maia ter praticamente &#8220;demitido&#8221; o l\u00edder do governo na C\u00e2mara, deputado Andr\u00e9 Moura (PSC-SE). &#8220;Isso agora dificulta a substitui\u00e7\u00e3o. Fica dif\u00edcil o Temer tirar Moura do cargo imediatamente&#8221;, lamentou esse auxiliar do presidente.<\/p>\n<p>De todo jeito, o Planalto entende que ser\u00e1 preciso reverter essa insatisfa\u00e7\u00e3o na bancada, j\u00e1 que o PMDB \u00e9 o partido de Michel Temer. Mas aposta que Rodrigo Maia enfrentar\u00e1 algumas surpresas desagrad\u00e1veis por parte dos peemedebistas.<\/p>\n<p>&#8220;Quem \u00e9 atacado n\u00e3o esquece&#8221;, observou esse interlocutor do presidente, preocupado com a poss\u00edvel rea\u00e7\u00e3o da bancada peemedebista.<\/p>\n<p>Conforme o Blog revelou mais cedo, deputados do PMDB trocaram mensagens desde cedo em rea\u00e7\u00e3o \u00e0s declara\u00e7\u00f5es de Maia de que Temer precisa arbitrar a disputa de cargos dentro do partido.<\/p>\n<p>Ao Blog, o pr\u00f3prio l\u00edder da bancada, Baleia Rossi (SP), disse que a bancada do PMDB n\u00e3o precisa de interfer\u00eancia externa.<\/p>\n<p><em>*Blog do Camarotti<\/em><\/p>\n","protected":false},"excerpt":{"rendered":"<p>Auxiliares do presidente Michel Temer ficaram contrariados com cr\u00edticas ao PMDB feitas pelo presidente da C\u00e2mara, Rodrigo Maia (DEM-RJ), em declara\u00e7\u00f5es \u00e0 imprensa. Nas palavras de um interlocutor pr\u00f3ximo de Temer, Maia n\u00e3o poderia ter esse comportamento com o cargo que ocupa. O Pal\u00e1cio do Planalto agora trabalha para tentar esfriar os \u00e2nimos na bancada [&hellip;]<\/p>\n","protected":false},"author":2,"featured_media":15218,"comment_status":"open","ping_status":"open","sticky":false,"template":"","format":"standard","meta":{"_acf_changed":false,"_monsterinsights_skip_tracking":false,"_monsterinsights_sitenote_active":false,"_monsterinsights_sitenote_note":"","_monsterinsights_sitenote_category":0,"_jetpack_memberships_contains_paid_content":false,"footnotes":"","jetpack_publicize_message":"","jetpack_publicize_feature_enabled":true,"jetpack_social_post_already_shared":true,"jetpack_social_options":{"image_generator_settings":{"template":"highway","default_image_id":0,"font":"","enabled":false},"version":2}},"categories":[1,3],"tags":[],"class_list":["post-15217","post","type-post","status-publish","format-standard","has-post-thumbnail","hentry","category-noticias","category-politica"],"acf":[],"jetpack_publicize_connections":[],"jetpack_featured_media_url":"https:\/\/i0.wp.com\/blogdoeloiltoncajuhy.com.br\/site\/wp-content\/uploads\/2017\/02\/maia_temer-e1486255509310.jpg?fit=600%2C169&ssl=1","jetpack_sharing_enabled":true,"publishpress_future_workflow_manual_trigger":{"enabledWorkflows":[]},"_links":{"self":[{"href":"https:\/\/blogdoeloiltoncajuhy.com.br\/site\/wp-json\/wp\/v2\/posts\/15217","targetHints":{"allow":["GET"]}}],"collection":[{"href":"https:\/\/blogdoeloiltoncajuhy.com.br\/site\/wp-json\/wp\/v2\/posts"}],"about":[{"href":"https:\/\/blogdoeloiltoncajuhy.com.br\/site\/wp-json\/wp\/v2\/types\/post"}],"author":[{"embeddable":true,"href":"https:\/\/blogdoeloiltoncajuhy.com.br\/site\/wp-json\/wp\/v2\/users\/2"}],"replies":[{"embeddable":true,"href":"https:\/\/blogdoeloiltoncajuhy.com.br\/site\/wp-json\/wp\/v2\/comments?post=15217"}],"version-history":[{"count":1,"href":"https:\/\/blogdoeloiltoncajuhy.com.br\/site\/wp-json\/wp\/v2\/posts\/15217\/revisions"}],"predecessor-version":[{"id":15219,"href":"https:\/\/blogdoeloiltoncajuhy.com.br\/site\/wp-json\/wp\/v2\/posts\/15217\/revisions\/15219"}],"wp:featuredmedia":[{"embeddable":true,"href":"https:\/\/blogdoeloiltoncajuhy.com.br\/site\/wp-json\/wp\/v2\/media\/15218"}],"wp:attachment":[{"href":"https:\/\/blogdoeloiltoncajuhy.com.br\/site\/wp-json\/wp\/v2\/media?parent=15217"}],"wp:term":[{"taxonomy":"category","embeddable":true,"href":"https:\/\/blogdoeloiltoncajuhy.com.br\/site\/wp-json\/wp\/v2\/categories?post=15217"},{"taxonomy":"post_tag","embeddable":true,"href":"https:\/\/blogdoeloiltoncajuhy.com.br\/site\/wp-json\/wp\/v2\/tags?post=15217"}],"curies":[{"name":"wp","href":"https:\/\/api.w.org\/{rel}","templated":true}]}}