{"id":15101,"date":"2017-01-30T19:31:25","date_gmt":"2017-01-30T22:31:25","guid":{"rendered":"http:\/\/blogdoeloiltoncajuhy.com.br\/site\/?p=15101"},"modified":"2017-01-30T19:31:25","modified_gmt":"2017-01-30T22:31:25","slug":"saude-brasil-tem-46-mortes-confirmadas-por-febre-amarela-diz-ministerio","status":"publish","type":"post","link":"https:\/\/blogdoeloiltoncajuhy.com.br\/site\/saude-brasil-tem-46-mortes-confirmadas-por-febre-amarela-diz-ministerio\/","title":{"rendered":"SA\u00daDE: Brasil tem 46 mortes confirmadas por febre amarela, diz minist\u00e9rio"},"content":{"rendered":"<p style=\"text-align: center;\"><em><strong>Minas Gerais ainda \u00e9 estado mais afetado e informou 100 mortes suspeitas ao \u00f3rg\u00e3o; destas, 58 ainda est\u00e3o sob investiga\u00e7\u00e3o<\/strong><\/em><\/p>\n<figure id=\"attachment_15102\" aria-describedby=\"caption-attachment-15102\" style=\"width: 600px\" class=\"wp-caption aligncenter\"><a href=\"https:\/\/i0.wp.com\/blogdoeloiltoncajuhy.com.br\/site\/wp-content\/uploads\/2017\/01\/haemagogus3-e1485815447269.jpg\"><img data-recalc-dims=\"1\" fetchpriority=\"high\" decoding=\"async\" class=\"wp-image-15102 size-full\" src=\"https:\/\/i0.wp.com\/blogdoeloiltoncajuhy.com.br\/site\/wp-content\/uploads\/2017\/01\/haemagogus3-e1485815447269.jpg?resize=600%2C450\" width=\"600\" height=\"450\" \/><\/a><figcaption id=\"caption-attachment-15102\" class=\"wp-caption-text\">O mosquito Haemagogus leucocelaneaus, exclusivo de matas e ambientes silvestres, \u00e9 vetor de febre amarela silvestre (Foto: Josu\u00e9 Damacena\/IOC\/Fiocruz )<\/figcaption><\/figure>\n<p style=\"text-align: left;\">O Minist\u00e9rio da Sa\u00fade informou nesta segunda-feira (30) que o Brasil tem 568 casos suspeitos de febre amarela. Deste total, 107 foram confirmados, 430 ainda est\u00e3o sob investiga\u00e7\u00e3o e 31 foram descartados. Minas Gerais ainda \u00e9 o estado com o maior n\u00famero de registros: 509 pessoas com os sintomas.<\/p>\n<p style=\"text-align: left;\">Dentre as notifica\u00e7\u00f5es de suspeitas de febre amarela o minist\u00e9rio recebeu 113 avisos de \u00f3bitos, dos quais 46 foram confirmados, 3 foram descartados e 64 est\u00e3o em investiga\u00e7\u00e3o. A grande maioria das mortes confirmadas ocorreram em Minas: 42.<\/p>\n<p style=\"text-align: left;\">O pa\u00eds tem 80 munic\u00edpios com notifica\u00e7\u00f5es da doen\u00e7a, sendo que 55 est\u00e3o em territ\u00f3rio mineiro. Esp\u00edrito Santo \u00e9 o segundo estado mais afetado, com 37 casos suspeitos e 5 confirma\u00e7\u00f5es. A primeira morte foi confirmada nesta segunda e morava na cidade de Ibatiba.<\/p>\n<p style=\"text-align: left;\">A Bahia tem sete registros, sendo que seis deles ainda est\u00e3o sob an\u00e1lise para uma confirma\u00e7\u00e3o &#8211; um dos casos j\u00e1 foi descartado. O estado n\u00e3o apresentou nenhuma morte pela doen\u00e7a.\u00a0Em S\u00e3o Paulo, de acordo com o Minist\u00e9rio da Sa\u00fade, s\u00e3o tr\u00eas mortes confirmadas &#8211; a Secretaria de Estado da Sa\u00fade j\u00e1 informou tr\u00eas novas v\u00edtimas da doen\u00e7a, al\u00e9m das informadas pelo \u00f3rg\u00e3o federal. J\u00e1 no Distrito Federal e em Goi\u00e1s todos os casos foram descartados.<\/p>\n<p style=\"text-align: left;\"><strong>Vacina\u00e7\u00e3o<\/strong><\/p>\n<p style=\"text-align: left;\">Moradores ou pessoas que pretendem visitar regi\u00f5es silvestres, rurais ou de mata devem se vacinar no Sistema \u00danico de Sa\u00fade (SUS). A transmiss\u00e3o da doen\u00e7a, que ocorre pela picada dos mosquitos Haemagogus e Sabathes nessas regi\u00f5es, \u00e9 poss\u00edvel em grande parte do territ\u00f3rio brasileiro. O Aedes aegypti tamb\u00e9m \u00e9 transmissor da febre amarela, mas apenas em \u00e1rea urbana.<\/p>\n<p style=\"text-align: left;\">Vale lembrar que, em situa\u00e7\u00f5es de emerg\u00eancia, a vacina pode ser administrada j\u00e1 a partir dos 6 meses. O indicado, no entanto, \u00e9 que beb\u00eas de 9 meses sejam vacinados pela primeira vez. Depois, recebam um segundo refor\u00e7o aos 4 anos de idade. A vacina tem 95% de efici\u00eancia e demora cerca de 10 dias para garantir a imuniza\u00e7\u00e3o j\u00e1 ap\u00f3s a primeira aplica\u00e7\u00e3o.<\/p>\n<p style=\"text-align: left;\">Pessoas com mais de 5 anos de idade devem se vacinar e receber a segunda dose ap\u00f3s 10 anos. Idosos precisam ir ao m\u00e9dico para avaliar os riscos de receber a imuniza\u00e7\u00e3o.\u00a0Por causar rea\u00e7\u00f5es, a Ag\u00eancia Nacional de Vigil\u00e2ncia Sanit\u00e1ria (Anvisa) n\u00e3o recomenda a vacina para pessoas com doen\u00e7as como l\u00fapus, c\u00e2ncer e HIV, devido \u00e0 baixa imunidade, nem para quem tem mais de 60 anos, gr\u00e1vidas e al\u00e9rgicos a gelatina e ovo.<\/p>\n<p style=\"text-align: left;\"><em>*Por G1<\/em><\/p>\n","protected":false},"excerpt":{"rendered":"<p>Minas Gerais ainda \u00e9 estado mais afetado e informou 100 mortes suspeitas ao \u00f3rg\u00e3o; destas, 58 ainda est\u00e3o sob investiga\u00e7\u00e3o O Minist\u00e9rio da Sa\u00fade informou nesta segunda-feira (30) que o Brasil tem 568 casos suspeitos de febre amarela. Deste total, 107 foram confirmados, 430 ainda est\u00e3o sob investiga\u00e7\u00e3o e 31 foram descartados. Minas Gerais ainda [&hellip;]<\/p>\n","protected":false},"author":2,"featured_media":15102,"comment_status":"open","ping_status":"open","sticky":false,"template":"","format":"standard","meta":{"_acf_changed":false,"_monsterinsights_skip_tracking":false,"_monsterinsights_sitenote_active":false,"_monsterinsights_sitenote_note":"","_monsterinsights_sitenote_category":0,"_jetpack_memberships_contains_paid_content":false,"footnotes":"","jetpack_publicize_message":"","jetpack_publicize_feature_enabled":true,"jetpack_social_post_already_shared":true,"jetpack_social_options":{"image_generator_settings":{"template":"highway","default_image_id":0,"font":"","enabled":false},"version":2}},"categories":[1,7],"tags":[],"class_list":["post-15101","post","type-post","status-publish","format-standard","has-post-thumbnail","hentry","category-noticias","category-saude"],"acf":[],"jetpack_publicize_connections":[],"jetpack_featured_media_url":"https:\/\/i0.wp.com\/blogdoeloiltoncajuhy.com.br\/site\/wp-content\/uploads\/2017\/01\/haemagogus3-e1485815447269.jpg?fit=600%2C450&ssl=1","jetpack_sharing_enabled":true,"publishpress_future_workflow_manual_trigger":{"enabledWorkflows":[]},"_links":{"self":[{"href":"https:\/\/blogdoeloiltoncajuhy.com.br\/site\/wp-json\/wp\/v2\/posts\/15101","targetHints":{"allow":["GET"]}}],"collection":[{"href":"https:\/\/blogdoeloiltoncajuhy.com.br\/site\/wp-json\/wp\/v2\/posts"}],"about":[{"href":"https:\/\/blogdoeloiltoncajuhy.com.br\/site\/wp-json\/wp\/v2\/types\/post"}],"author":[{"embeddable":true,"href":"https:\/\/blogdoeloiltoncajuhy.com.br\/site\/wp-json\/wp\/v2\/users\/2"}],"replies":[{"embeddable":true,"href":"https:\/\/blogdoeloiltoncajuhy.com.br\/site\/wp-json\/wp\/v2\/comments?post=15101"}],"version-history":[{"count":1,"href":"https:\/\/blogdoeloiltoncajuhy.com.br\/site\/wp-json\/wp\/v2\/posts\/15101\/revisions"}],"predecessor-version":[{"id":15103,"href":"https:\/\/blogdoeloiltoncajuhy.com.br\/site\/wp-json\/wp\/v2\/posts\/15101\/revisions\/15103"}],"wp:featuredmedia":[{"embeddable":true,"href":"https:\/\/blogdoeloiltoncajuhy.com.br\/site\/wp-json\/wp\/v2\/media\/15102"}],"wp:attachment":[{"href":"https:\/\/blogdoeloiltoncajuhy.com.br\/site\/wp-json\/wp\/v2\/media?parent=15101"}],"wp:term":[{"taxonomy":"category","embeddable":true,"href":"https:\/\/blogdoeloiltoncajuhy.com.br\/site\/wp-json\/wp\/v2\/categories?post=15101"},{"taxonomy":"post_tag","embeddable":true,"href":"https:\/\/blogdoeloiltoncajuhy.com.br\/site\/wp-json\/wp\/v2\/tags?post=15101"}],"curies":[{"name":"wp","href":"https:\/\/api.w.org\/{rel}","templated":true}]}}