{"id":15008,"date":"2017-01-26T09:29:09","date_gmt":"2017-01-26T12:29:09","guid":{"rendered":"http:\/\/blogdoeloiltoncajuhy.com.br\/site\/?p=15008"},"modified":"2017-01-26T09:29:09","modified_gmt":"2017-01-26T12:29:09","slug":"sescsenac-podera-ser-implantado-em-senhor-do-bonfim","status":"publish","type":"post","link":"https:\/\/blogdoeloiltoncajuhy.com.br\/site\/sescsenac-podera-ser-implantado-em-senhor-do-bonfim\/","title":{"rendered":"Sesc\/Senac poder\u00e1 ser implantado em Senhor do Bonfim"},"content":{"rendered":"<p><a href=\"https:\/\/i0.wp.com\/blogdoeloiltoncajuhy.com.br\/site\/wp-content\/uploads\/2017\/01\/sesc-senac-e1485433741304.jpg\"><img data-recalc-dims=\"1\" fetchpriority=\"high\" decoding=\"async\" class=\"aligncenter size-full wp-image-15009\" src=\"https:\/\/i0.wp.com\/blogdoeloiltoncajuhy.com.br\/site\/wp-content\/uploads\/2017\/01\/sesc-senac-e1485433741304.jpg?resize=600%2C338\" alt=\"\" width=\"600\" height=\"338\" \/><\/a>O Prefeito de Senhor do Bonfim, Carlos Brasileiro, acompanhado do Deputado Bob\u00f4, do Secret\u00e1rio Municipal de Desenvolvimento Econ\u00f4mico, Turismo e Esporte, Gustavo Miranda, e do presidente do Sindicato do Com\u00e9rcio de Senhor do Bonfim, Jos\u00e9 Felisberto, participou de reuni\u00e3o com Carlos Andrade, presidente da Federa\u00e7\u00e3o do Com\u00e9rcio de Bens, Servi\u00e7os e Turismo do Estado da Bahia (Fecom\u00e9rcio), um dos bra\u00e7os sociais do sistema Sesc\/Senac.<\/p>\n<p>Na reuni\u00e3o, a comitiva bonfinense solicitou a implanta\u00e7\u00e3o do SESC e a\u00e7\u00f5es do SENAC no munic\u00edpio. O presidente da Fecom\u00e9rcio levar\u00e1 as reivindica\u00e7\u00f5es ao Conselho Deliberativo, e foi autorizado a implanta\u00e7\u00e3o de cursos de capacita\u00e7\u00e3o de jovens e adultos e o apoio \u00e0\u00a0primeira Feira de Empreendedores do Com\u00e9rcio de Bonfim, evento que vai acontecer em mar\u00e7o.<\/p>\n<p>\u201cConseguimos viabilizar uma s\u00e9rie de recursos e a\u00e7\u00f5es que v\u00e3o trazer melhorias e desenvolvimento para nossa popula\u00e7\u00e3o. Algumas das conquistas s\u00e3o de imediato, outras para curto prazo, e outras devem acontecer em breve. Mas com certeza todas foram satisfat\u00f3rias\u201c, afirmou Brasileiro.<\/p>\n<p><em>*Ascom Prefeitura de Senhor do Bonfim<\/em><\/p>\n","protected":false},"excerpt":{"rendered":"<p>O Prefeito de Senhor do Bonfim, Carlos Brasileiro, acompanhado do Deputado Bob\u00f4, do Secret\u00e1rio Municipal de Desenvolvimento Econ\u00f4mico, Turismo e Esporte, Gustavo Miranda, e do presidente do Sindicato do Com\u00e9rcio de Senhor do Bonfim, Jos\u00e9 Felisberto, participou de reuni\u00e3o com Carlos Andrade, presidente da Federa\u00e7\u00e3o do Com\u00e9rcio de Bens, Servi\u00e7os e Turismo do Estado da [&hellip;]<\/p>\n","protected":false},"author":2,"featured_media":15009,"comment_status":"open","ping_status":"open","sticky":false,"template":"","format":"standard","meta":{"_acf_changed":false,"_monsterinsights_skip_tracking":false,"_monsterinsights_sitenote_active":false,"_monsterinsights_sitenote_note":"","_monsterinsights_sitenote_category":0,"_jetpack_memberships_contains_paid_content":false,"footnotes":"","jetpack_publicize_message":"","jetpack_publicize_feature_enabled":true,"jetpack_social_post_already_shared":true,"jetpack_social_options":{"image_generator_settings":{"template":"highway","default_image_id":0,"font":"","enabled":false},"version":2}},"categories":[1,3,4],"tags":[],"class_list":["post-15008","post","type-post","status-publish","format-standard","has-post-thumbnail","hentry","category-noticias","category-politica","category-local"],"acf":[],"jetpack_publicize_connections":[],"jetpack_featured_media_url":"https:\/\/i0.wp.com\/blogdoeloiltoncajuhy.com.br\/site\/wp-content\/uploads\/2017\/01\/sesc-senac-e1485433741304.jpg?fit=600%2C338&ssl=1","jetpack_sharing_enabled":true,"publishpress_future_workflow_manual_trigger":{"enabledWorkflows":[]},"_links":{"self":[{"href":"https:\/\/blogdoeloiltoncajuhy.com.br\/site\/wp-json\/wp\/v2\/posts\/15008","targetHints":{"allow":["GET"]}}],"collection":[{"href":"https:\/\/blogdoeloiltoncajuhy.com.br\/site\/wp-json\/wp\/v2\/posts"}],"about":[{"href":"https:\/\/blogdoeloiltoncajuhy.com.br\/site\/wp-json\/wp\/v2\/types\/post"}],"author":[{"embeddable":true,"href":"https:\/\/blogdoeloiltoncajuhy.com.br\/site\/wp-json\/wp\/v2\/users\/2"}],"replies":[{"embeddable":true,"href":"https:\/\/blogdoeloiltoncajuhy.com.br\/site\/wp-json\/wp\/v2\/comments?post=15008"}],"version-history":[{"count":1,"href":"https:\/\/blogdoeloiltoncajuhy.com.br\/site\/wp-json\/wp\/v2\/posts\/15008\/revisions"}],"predecessor-version":[{"id":15010,"href":"https:\/\/blogdoeloiltoncajuhy.com.br\/site\/wp-json\/wp\/v2\/posts\/15008\/revisions\/15010"}],"wp:featuredmedia":[{"embeddable":true,"href":"https:\/\/blogdoeloiltoncajuhy.com.br\/site\/wp-json\/wp\/v2\/media\/15009"}],"wp:attachment":[{"href":"https:\/\/blogdoeloiltoncajuhy.com.br\/site\/wp-json\/wp\/v2\/media?parent=15008"}],"wp:term":[{"taxonomy":"category","embeddable":true,"href":"https:\/\/blogdoeloiltoncajuhy.com.br\/site\/wp-json\/wp\/v2\/categories?post=15008"},{"taxonomy":"post_tag","embeddable":true,"href":"https:\/\/blogdoeloiltoncajuhy.com.br\/site\/wp-json\/wp\/v2\/tags?post=15008"}],"curies":[{"name":"wp","href":"https:\/\/api.w.org\/{rel}","templated":true}]}}