{"id":15005,"date":"2017-01-26T09:23:51","date_gmt":"2017-01-26T12:23:51","guid":{"rendered":"http:\/\/blogdoeloiltoncajuhy.com.br\/site\/?p=15005"},"modified":"2017-01-26T09:23:51","modified_gmt":"2017-01-26T12:23:51","slug":"secretaria-de-acao-social-de-andorinha-vai-iniciar-projeto-colonia-de-ferias-na-vila-peixe","status":"publish","type":"post","link":"https:\/\/blogdoeloiltoncajuhy.com.br\/site\/secretaria-de-acao-social-de-andorinha-vai-iniciar-projeto-colonia-de-ferias-na-vila-peixe\/","title":{"rendered":"Secretaria de A\u00e7\u00e3o Social de Andorinha vai iniciar projeto Col\u00f4nia de F\u00e9rias na Vila Peixe"},"content":{"rendered":"<p><a href=\"https:\/\/i0.wp.com\/blogdoeloiltoncajuhy.com.br\/site\/wp-content\/uploads\/2017\/01\/zumba.jpg\"><img data-recalc-dims=\"1\" fetchpriority=\"high\" decoding=\"async\" class=\"wp-image-15006 size-medium alignright\" src=\"https:\/\/i0.wp.com\/blogdoeloiltoncajuhy.com.br\/site\/wp-content\/uploads\/2017\/01\/zumba.jpg?resize=300%2C169\" width=\"300\" height=\"169\" srcset=\"https:\/\/i0.wp.com\/blogdoeloiltoncajuhy.com.br\/site\/wp-content\/uploads\/2017\/01\/zumba.jpg?resize=300%2C169&amp;ssl=1 300w, https:\/\/i0.wp.com\/blogdoeloiltoncajuhy.com.br\/site\/wp-content\/uploads\/2017\/01\/zumba.jpg?resize=250%2C141&amp;ssl=1 250w, https:\/\/i0.wp.com\/blogdoeloiltoncajuhy.com.br\/site\/wp-content\/uploads\/2017\/01\/zumba.jpg?w=620&amp;ssl=1 620w\" sizes=\"(max-width: 300px) 100vw, 300px\" \/><\/a>A Prefeitura de Andorinha, atrav\u00e9s da Secretaria de Assist\u00eancia Social, estar\u00e1 realizando na comunidade de Vila Peixe, a 1\u00aa Col\u00f4nia de F\u00e9rias do Servi\u00e7o de Conviv\u00eancia e Fortalecimento de V\u00ednculo.<\/p>\n<p>O evento vai acontecer nesta quinta-feira, 26 de janeiro, a partir das 5 da tarde, no Gin\u00e1sio de Esportes.<\/p>\n<p>Na abertura do projeto est\u00e1 programado uma aula de Zumba com o professor Van. O evento \u00e9 aberto ao p\u00fablico e os interessados devem comparecer ao gin\u00e1sio de Vila Peixe com roupas confort\u00e1veis e t\u00eanis.<\/p>\n<p><em>*Ascom Andorinha<\/em><\/p>\n","protected":false},"excerpt":{"rendered":"<p>A Prefeitura de Andorinha, atrav\u00e9s da Secretaria de Assist\u00eancia Social, estar\u00e1 realizando na comunidade de Vila Peixe, a 1\u00aa Col\u00f4nia de F\u00e9rias do Servi\u00e7o de Conviv\u00eancia e Fortalecimento de V\u00ednculo. O evento vai acontecer nesta quinta-feira, 26 de janeiro, a partir das 5 da tarde, no Gin\u00e1sio de Esportes. Na abertura do projeto est\u00e1 programado [&hellip;]<\/p>\n","protected":false},"author":2,"featured_media":15006,"comment_status":"open","ping_status":"open","sticky":false,"template":"","format":"standard","meta":{"_acf_changed":false,"_monsterinsights_skip_tracking":false,"_monsterinsights_sitenote_active":false,"_monsterinsights_sitenote_note":"","_monsterinsights_sitenote_category":0,"_jetpack_memberships_contains_paid_content":false,"footnotes":"","jetpack_publicize_message":"","jetpack_publicize_feature_enabled":true,"jetpack_social_post_already_shared":true,"jetpack_social_options":{"image_generator_settings":{"template":"highway","default_image_id":0,"font":"","enabled":false},"version":2}},"categories":[1,3,11],"tags":[],"class_list":["post-15005","post","type-post","status-publish","format-standard","has-post-thumbnail","hentry","category-noticias","category-politica","category-regional"],"acf":[],"jetpack_publicize_connections":[],"jetpack_featured_media_url":"https:\/\/i0.wp.com\/blogdoeloiltoncajuhy.com.br\/site\/wp-content\/uploads\/2017\/01\/zumba.jpg?fit=620%2C349&ssl=1","jetpack_sharing_enabled":true,"publishpress_future_workflow_manual_trigger":{"enabledWorkflows":[]},"_links":{"self":[{"href":"https:\/\/blogdoeloiltoncajuhy.com.br\/site\/wp-json\/wp\/v2\/posts\/15005","targetHints":{"allow":["GET"]}}],"collection":[{"href":"https:\/\/blogdoeloiltoncajuhy.com.br\/site\/wp-json\/wp\/v2\/posts"}],"about":[{"href":"https:\/\/blogdoeloiltoncajuhy.com.br\/site\/wp-json\/wp\/v2\/types\/post"}],"author":[{"embeddable":true,"href":"https:\/\/blogdoeloiltoncajuhy.com.br\/site\/wp-json\/wp\/v2\/users\/2"}],"replies":[{"embeddable":true,"href":"https:\/\/blogdoeloiltoncajuhy.com.br\/site\/wp-json\/wp\/v2\/comments?post=15005"}],"version-history":[{"count":1,"href":"https:\/\/blogdoeloiltoncajuhy.com.br\/site\/wp-json\/wp\/v2\/posts\/15005\/revisions"}],"predecessor-version":[{"id":15007,"href":"https:\/\/blogdoeloiltoncajuhy.com.br\/site\/wp-json\/wp\/v2\/posts\/15005\/revisions\/15007"}],"wp:featuredmedia":[{"embeddable":true,"href":"https:\/\/blogdoeloiltoncajuhy.com.br\/site\/wp-json\/wp\/v2\/media\/15006"}],"wp:attachment":[{"href":"https:\/\/blogdoeloiltoncajuhy.com.br\/site\/wp-json\/wp\/v2\/media?parent=15005"}],"wp:term":[{"taxonomy":"category","embeddable":true,"href":"https:\/\/blogdoeloiltoncajuhy.com.br\/site\/wp-json\/wp\/v2\/categories?post=15005"},{"taxonomy":"post_tag","embeddable":true,"href":"https:\/\/blogdoeloiltoncajuhy.com.br\/site\/wp-json\/wp\/v2\/tags?post=15005"}],"curies":[{"name":"wp","href":"https:\/\/api.w.org\/{rel}","templated":true}]}}