{"id":14999,"date":"2017-01-25T20:56:21","date_gmt":"2017-01-25T23:56:21","guid":{"rendered":"http:\/\/blogdoeloiltoncajuhy.com.br\/site\/?p=14999"},"modified":"2017-01-25T21:06:26","modified_gmt":"2017-01-26T00:06:26","slug":"bonfim-jovens-inocentados-de-assalto-sao-liberados","status":"publish","type":"post","link":"https:\/\/blogdoeloiltoncajuhy.com.br\/site\/bonfim-jovens-inocentados-de-assalto-sao-liberados\/","title":{"rendered":"BONFIM: Jovens inocentados de assalto s\u00e3o liberados"},"content":{"rendered":"<figure id=\"attachment_15000\" aria-describedby=\"caption-attachment-15000\" style=\"width: 270px\" class=\"wp-caption alignleft\"><a href=\"https:\/\/i0.wp.com\/blogdoeloiltoncajuhy.com.br\/site\/wp-content\/uploads\/2017\/01\/carlos-josivan-e1485388522256.jpeg\"><img data-recalc-dims=\"1\" fetchpriority=\"high\" decoding=\"async\" class=\"wp-image-15000 size-full\" src=\"https:\/\/i0.wp.com\/blogdoeloiltoncajuhy.com.br\/site\/wp-content\/uploads\/2017\/01\/carlos-josivan-e1485388522256.jpeg?resize=270%2C480\" width=\"270\" height=\"480\" \/><\/a><figcaption id=\"caption-attachment-15000\" class=\"wp-caption-text\">Jovens confundidos com assaltantes foram soltos nesta ter\u00e7a-feira, 24<\/figcaption><\/figure>\n<p>Acabou a ang\u00fastia e o sofrimento dos familiares de\u00a0<strong>Carlos Alexandre da Silva Santos<\/strong>, de 22 anos, e <strong>Josivan Souza da Silva<\/strong>, tamb\u00e9m de 22, residentes no Alto do Maravilha, aqui em Senhor do Bonfim. Eles estavam presos no Complexo Policial, acusados de serem os autores de um assalto ocorrido no final da tarde do \u00faltimo dia 14, na Avenida Salvador.<\/p>\n<p>Ap\u00f3s uma intensa investiga\u00e7\u00e3o do Servi\u00e7o de Intelig\u00eancia (SI) da Pol\u00edcia Civil de Bonfim, que contou com o aux\u00edlio de imagens de c\u00e2meras de seguran\u00e7a, existentes nas proximidades do local onde ocorreu o crime, ficou constatado que os dois rapazes foram confundidos com os verdadeiros assaltantes.<\/p>\n<p>O &#8220;calv\u00e1rio&#8221; de Carlos e Josivan come\u00e7ou quando eles sofreram um acidente na BA-131, trecho da Ebal. A moto em que viajavam bateu com um cavalo que estava na pista. Com ferimentos leves, eles foram ao Hospital Dom Antonio Monteiro (HDAM), em busca de atendimento, e foram confundidos pela v\u00edtima do assalto, que j\u00e1 estava naquela casa de sa\u00fade tamb\u00e9m para ser atendida, pois havia sido atingida com um tiro na perna durante o assalto.<\/p>\n<p>A pol\u00edcia foi avisada e os dois rapazes, ap\u00f3s receberam atendimento m\u00e9dico, foram presos e conduzidos para a Delegacia de Pol\u00edcia, onde foram autuados em flagrante. Depois de insistirem que eram inocentes, eles contaram com o apoio de familiares que contrataram advogado para defend\u00ea-los.<\/p>\n<p>Na noite desta ter\u00e7a-feira (24), Carlos Alexandre e Josivan Souza, finalmente, puderam deixar a pris\u00e3o, para al\u00edvio deles e de suas respectivas fam\u00edlias. Nossa reportagem n\u00e3o conseguiu a informa\u00e7\u00e3o se os dois foram soltos mediante relaxamento das pris\u00f5es, ou se foram liberados provisoriamente.<\/p>\n<p><em>*BLOG DO ELOILTON CAJUHY<\/em><\/p>\n<p>&nbsp;<\/p>\n","protected":false},"excerpt":{"rendered":"<p>Acabou a ang\u00fastia e o sofrimento dos familiares de\u00a0Carlos Alexandre da Silva Santos, de 22 anos, e Josivan Souza da Silva, tamb\u00e9m de 22, residentes no Alto do Maravilha, aqui em Senhor do Bonfim. Eles estavam presos no Complexo Policial, acusados de serem os autores de um assalto ocorrido no final da tarde do \u00faltimo [&hellip;]<\/p>\n","protected":false},"author":2,"featured_media":15000,"comment_status":"open","ping_status":"open","sticky":false,"template":"","format":"standard","meta":{"_acf_changed":false,"_monsterinsights_skip_tracking":false,"_monsterinsights_sitenote_active":false,"_monsterinsights_sitenote_note":"","_monsterinsights_sitenote_category":0,"_jetpack_memberships_contains_paid_content":false,"footnotes":"","jetpack_publicize_message":"","jetpack_publicize_feature_enabled":true,"jetpack_social_post_already_shared":true,"jetpack_social_options":{"image_generator_settings":{"template":"highway","default_image_id":0,"font":"","enabled":false},"version":2}},"categories":[5,1,4],"tags":[],"class_list":["post-14999","post","type-post","status-publish","format-standard","has-post-thumbnail","hentry","category-cotidiano","category-noticias","category-local"],"acf":[],"jetpack_publicize_connections":[],"jetpack_featured_media_url":"https:\/\/i0.wp.com\/blogdoeloiltoncajuhy.com.br\/site\/wp-content\/uploads\/2017\/01\/carlos-josivan-e1485388522256.jpeg?fit=270%2C480&ssl=1","jetpack_sharing_enabled":true,"publishpress_future_workflow_manual_trigger":{"enabledWorkflows":[]},"_links":{"self":[{"href":"https:\/\/blogdoeloiltoncajuhy.com.br\/site\/wp-json\/wp\/v2\/posts\/14999","targetHints":{"allow":["GET"]}}],"collection":[{"href":"https:\/\/blogdoeloiltoncajuhy.com.br\/site\/wp-json\/wp\/v2\/posts"}],"about":[{"href":"https:\/\/blogdoeloiltoncajuhy.com.br\/site\/wp-json\/wp\/v2\/types\/post"}],"author":[{"embeddable":true,"href":"https:\/\/blogdoeloiltoncajuhy.com.br\/site\/wp-json\/wp\/v2\/users\/2"}],"replies":[{"embeddable":true,"href":"https:\/\/blogdoeloiltoncajuhy.com.br\/site\/wp-json\/wp\/v2\/comments?post=14999"}],"version-history":[{"count":4,"href":"https:\/\/blogdoeloiltoncajuhy.com.br\/site\/wp-json\/wp\/v2\/posts\/14999\/revisions"}],"predecessor-version":[{"id":15004,"href":"https:\/\/blogdoeloiltoncajuhy.com.br\/site\/wp-json\/wp\/v2\/posts\/14999\/revisions\/15004"}],"wp:featuredmedia":[{"embeddable":true,"href":"https:\/\/blogdoeloiltoncajuhy.com.br\/site\/wp-json\/wp\/v2\/media\/15000"}],"wp:attachment":[{"href":"https:\/\/blogdoeloiltoncajuhy.com.br\/site\/wp-json\/wp\/v2\/media?parent=14999"}],"wp:term":[{"taxonomy":"category","embeddable":true,"href":"https:\/\/blogdoeloiltoncajuhy.com.br\/site\/wp-json\/wp\/v2\/categories?post=14999"},{"taxonomy":"post_tag","embeddable":true,"href":"https:\/\/blogdoeloiltoncajuhy.com.br\/site\/wp-json\/wp\/v2\/tags?post=14999"}],"curies":[{"name":"wp","href":"https:\/\/api.w.org\/{rel}","templated":true}]}}