{"id":14997,"date":"2017-01-25T20:20:13","date_gmt":"2017-01-25T23:20:13","guid":{"rendered":"http:\/\/blogdoeloiltoncajuhy.com.br\/site\/?p=14997"},"modified":"2017-01-25T20:20:13","modified_gmt":"2017-01-25T23:20:13","slug":"comece-a-quinta-feira-meditando-o-reino-de-deus-esta-proximo-de-vos-lc-101-9","status":"publish","type":"post","link":"https:\/\/blogdoeloiltoncajuhy.com.br\/site\/comece-a-quinta-feira-meditando-o-reino-de-deus-esta-proximo-de-vos-lc-101-9\/","title":{"rendered":"COMECE A QUINTA-FEIRA MEDITANDO: &#8220;O Reino de Deus est\u00e1 pr\u00f3ximo de v\u00f3s&#8221; &#8211; Lc 10,1-9"},"content":{"rendered":"<p><a href=\"https:\/\/i0.wp.com\/blogdoeloiltoncajuhy.com.br\/site\/wp-content\/uploads\/2015\/10\/liturgia_diaria.jpg\"><img data-recalc-dims=\"1\" fetchpriority=\"high\" decoding=\"async\" class=\"aligncenter size-full wp-image-4757\" src=\"https:\/\/i0.wp.com\/blogdoeloiltoncajuhy.com.br\/site\/wp-content\/uploads\/2015\/10\/liturgia_diaria.jpg?resize=449%2C340\" alt=\"\" width=\"449\" height=\"340\" srcset=\"https:\/\/i0.wp.com\/blogdoeloiltoncajuhy.com.br\/site\/wp-content\/uploads\/2015\/10\/liturgia_diaria.jpg?w=449&amp;ssl=1 449w, https:\/\/i0.wp.com\/blogdoeloiltoncajuhy.com.br\/site\/wp-content\/uploads\/2015\/10\/liturgia_diaria.jpg?resize=300%2C227&amp;ssl=1 300w, https:\/\/i0.wp.com\/blogdoeloiltoncajuhy.com.br\/site\/wp-content\/uploads\/2015\/10\/liturgia_diaria.jpg?resize=250%2C189&amp;ssl=1 250w\" sizes=\"(max-width: 449px) 100vw, 449px\" \/><\/a>Naquele tempo, o Senhor escolheu outros setenta e dois disc\u00edpulos e os enviou dois a dois, na sua frente, a toda cidade e lugar aonde ele pr\u00f3prio devia ir. E dizia-lhes: \u201cA messe \u00e9 grande, mas os trabalhadores s\u00e3o poucos. Por isso, pedi ao dono da messe que mande trabalhadores para a colheita. Eis que vos envio como cordeiros para o meio de lobos. N\u00e3o leveis bolsa, nem sacola, nem sand\u00e1lias, e n\u00e3o cumprimenteis ningu\u00e9m pelo caminho! Em qualquer casa em que entrardes, dizei primeiro: \u2018A paz esteja nesta casa!\u2019 Se ali morar um amigo da paz, a vossa paz repousar\u00e1 sobre ele; se n\u00e3o, ela voltar\u00e1 para v\u00f3s. Permanecei naquela mesma casa, comei e bebei do que tiverem, porque o trabalhador merece o seu sal\u00e1rio. N\u00e3o passeis de casa em casa. Quando entrardes numa cidade e fordes bem recebidos, comei do que vos servirem, curai os doentes que nela houver e dizei ao povo: \u2018O Reino de Deus est\u00e1 pr\u00f3ximo de v\u00f3s\u2019\u201d.<\/p>\n<p><em>*<a href=\"http:\/\/liturgia.cancaonova.com\/liturgia\/sao-timoteo-e-sao-tito-quinta-feira-26012017\/\"><strong>Can\u00e7\u00e3o Nova<\/strong><\/a><\/em><\/p>\n","protected":false},"excerpt":{"rendered":"<p>Naquele tempo, o Senhor escolheu outros setenta e dois disc\u00edpulos e os enviou dois a dois, na sua frente, a toda cidade e lugar aonde ele pr\u00f3prio devia ir. E dizia-lhes: \u201cA messe \u00e9 grande, mas os trabalhadores s\u00e3o poucos. Por isso, pedi ao dono da messe que mande trabalhadores para a colheita. Eis que [&hellip;]<\/p>\n","protected":false},"author":2,"featured_media":0,"comment_status":"open","ping_status":"open","sticky":false,"template":"","format":"standard","meta":{"_acf_changed":false,"_monsterinsights_skip_tracking":false,"_monsterinsights_sitenote_active":false,"_monsterinsights_sitenote_note":"","_monsterinsights_sitenote_category":0,"_jetpack_memberships_contains_paid_content":false,"footnotes":"","jetpack_publicize_message":"","jetpack_publicize_feature_enabled":true,"jetpack_social_post_already_shared":true,"jetpack_social_options":{"image_generator_settings":{"template":"highway","default_image_id":0,"font":"","enabled":false},"version":2}},"categories":[1,9],"tags":[],"class_list":["post-14997","post","type-post","status-publish","format-standard","hentry","category-noticias","category-reflexao"],"acf":[],"jetpack_publicize_connections":[],"jetpack_featured_media_url":"","jetpack_sharing_enabled":true,"publishpress_future_workflow_manual_trigger":{"enabledWorkflows":[]},"_links":{"self":[{"href":"https:\/\/blogdoeloiltoncajuhy.com.br\/site\/wp-json\/wp\/v2\/posts\/14997","targetHints":{"allow":["GET"]}}],"collection":[{"href":"https:\/\/blogdoeloiltoncajuhy.com.br\/site\/wp-json\/wp\/v2\/posts"}],"about":[{"href":"https:\/\/blogdoeloiltoncajuhy.com.br\/site\/wp-json\/wp\/v2\/types\/post"}],"author":[{"embeddable":true,"href":"https:\/\/blogdoeloiltoncajuhy.com.br\/site\/wp-json\/wp\/v2\/users\/2"}],"replies":[{"embeddable":true,"href":"https:\/\/blogdoeloiltoncajuhy.com.br\/site\/wp-json\/wp\/v2\/comments?post=14997"}],"version-history":[{"count":1,"href":"https:\/\/blogdoeloiltoncajuhy.com.br\/site\/wp-json\/wp\/v2\/posts\/14997\/revisions"}],"predecessor-version":[{"id":14998,"href":"https:\/\/blogdoeloiltoncajuhy.com.br\/site\/wp-json\/wp\/v2\/posts\/14997\/revisions\/14998"}],"wp:attachment":[{"href":"https:\/\/blogdoeloiltoncajuhy.com.br\/site\/wp-json\/wp\/v2\/media?parent=14997"}],"wp:term":[{"taxonomy":"category","embeddable":true,"href":"https:\/\/blogdoeloiltoncajuhy.com.br\/site\/wp-json\/wp\/v2\/categories?post=14997"},{"taxonomy":"post_tag","embeddable":true,"href":"https:\/\/blogdoeloiltoncajuhy.com.br\/site\/wp-json\/wp\/v2\/tags?post=14997"}],"curies":[{"name":"wp","href":"https:\/\/api.w.org\/{rel}","templated":true}]}}