{"id":14975,"date":"2017-01-24T19:57:33","date_gmt":"2017-01-24T22:57:33","guid":{"rendered":"http:\/\/blogdoeloiltoncajuhy.com.br\/site\/?p=14975"},"modified":"2017-01-24T19:57:33","modified_gmt":"2017-01-24T22:57:33","slug":"bonfim-prefeitura-faz-vistoria-na-upa","status":"publish","type":"post","link":"https:\/\/blogdoeloiltoncajuhy.com.br\/site\/bonfim-prefeitura-faz-vistoria-na-upa\/","title":{"rendered":"BONFIM: Prefeitura faz vistoria na UPA"},"content":{"rendered":"<p><a href=\"https:\/\/i0.wp.com\/blogdoeloiltoncajuhy.com.br\/site\/wp-content\/uploads\/2017\/01\/upa-vistoria-2.jpg\"><img data-recalc-dims=\"1\" fetchpriority=\"high\" decoding=\"async\" class=\"aligncenter size-full wp-image-14977\" src=\"https:\/\/i0.wp.com\/blogdoeloiltoncajuhy.com.br\/site\/wp-content\/uploads\/2017\/01\/upa-vistoria-2.jpg?resize=640%2C427\" alt=\"\" width=\"640\" height=\"427\" srcset=\"https:\/\/i0.wp.com\/blogdoeloiltoncajuhy.com.br\/site\/wp-content\/uploads\/2017\/01\/upa-vistoria-2.jpg?w=640&amp;ssl=1 640w, https:\/\/i0.wp.com\/blogdoeloiltoncajuhy.com.br\/site\/wp-content\/uploads\/2017\/01\/upa-vistoria-2.jpg?resize=300%2C200&amp;ssl=1 300w, https:\/\/i0.wp.com\/blogdoeloiltoncajuhy.com.br\/site\/wp-content\/uploads\/2017\/01\/upa-vistoria-2.jpg?resize=250%2C167&amp;ssl=1 250w\" sizes=\"(max-width: 640px) 100vw, 640px\" \/><\/a>Na manh\u00e3 desta ter\u00e7a-feira (24), o Vice-prefeito Z\u00e9 Ant\u00f4nio e os Secret\u00e1rios Ivan Barbosa (Infraestrutura e Meio Ambiente) e Angeli Matos (Sa\u00fade), visitaram a constru\u00e7\u00e3o da Unidade de Pronto Atendimento \u2013 UPA. Com a presen\u00e7a dos engenheiros Henrique Ribeiro e Jo\u00e3o Carlos, foram feitas avalia\u00e7\u00f5es sobre as condi\u00e7\u00f5es da estrutura f\u00edsica, danos causados pela a\u00e7\u00e3o do tempo e falta de manuten\u00e7\u00e3o, al\u00e9m de realizar o levantamento dos tr\u00e2mites necess\u00e1rios para viabilizar a conclus\u00e3o da unidade de sa\u00fade.<\/p>\n<p>O Vice-prefeito, Z\u00e9 Ant\u00f4nio ressaltou a import\u00e2ncia do funcionamento da unidade: \u201cCom a constru\u00e7\u00e3o da UPA, o Hospital Regional vai desafogar e os casos mais graves ser\u00e3o mais bem assistidos. A unidade contar\u00e1 com equipamentos de uma semi-UTI, possibilitando chances bem maiores de recupera\u00e7\u00e3o dos pacientes. Outro fator importante \u00e9 sua localiza\u00e7\u00e3o, ao lado da BR, a remo\u00e7\u00e3o e transporte de pacientes \u00e9 bem mais r\u00e1pida\u201d, falou.<\/p>\n<p>A obra conta com recursos do Governo Federal, intermediado pelo Minist\u00e9rio da Sa\u00fade, e contrapartida do munic\u00edpio.\u00a0O Secret\u00e1rio Ivan Barbosa afirmou que a obra apresenta diversos problemas em sua estrutura que demandar\u00e3o tempo e recursos para sua recupera\u00e7\u00e3o e conclus\u00e3o.<\/p>\n<p>\u201cA obra se encontra abandonada por quase seis anos. Foram encontrados problemas como: Infiltra\u00e7\u00f5es e problemas no aterramento que causam rachaduras nas paredes. A falta de vigil\u00e2ncia proporcionou que v\u00e2ndalos invadissem o local, roubando a fia\u00e7\u00e3o, pias, pedras de m\u00e1rmore e depredasse portas, pisos e azulejos\u201d, lamentou.<\/p>\n<p><a href=\"https:\/\/i0.wp.com\/blogdoeloiltoncajuhy.com.br\/site\/wp-content\/uploads\/2017\/01\/upa-vistoria.jpg\"><img data-recalc-dims=\"1\" decoding=\"async\" class=\"aligncenter size-full wp-image-14976\" src=\"https:\/\/i0.wp.com\/blogdoeloiltoncajuhy.com.br\/site\/wp-content\/uploads\/2017\/01\/upa-vistoria.jpg?resize=640%2C427\" alt=\"\" width=\"640\" height=\"427\" srcset=\"https:\/\/i0.wp.com\/blogdoeloiltoncajuhy.com.br\/site\/wp-content\/uploads\/2017\/01\/upa-vistoria.jpg?w=640&amp;ssl=1 640w, https:\/\/i0.wp.com\/blogdoeloiltoncajuhy.com.br\/site\/wp-content\/uploads\/2017\/01\/upa-vistoria.jpg?resize=300%2C200&amp;ssl=1 300w, https:\/\/i0.wp.com\/blogdoeloiltoncajuhy.com.br\/site\/wp-content\/uploads\/2017\/01\/upa-vistoria.jpg?resize=250%2C167&amp;ssl=1 250w\" sizes=\"(max-width: 640px) 100vw, 640px\" \/><\/a>A conclus\u00e3o da Unidade de Pronto Atendimento (UPA), equipada com 12 leitos de urg\u00eancia\/emerg\u00eancia para atendimento imediato, com funcionamento ininterrupto de 24h\/dia, trar\u00e1 mais avan\u00e7os \u00e0 sa\u00fade bonfinense.<\/p>\n<p>A Secret\u00e1ria de Sa\u00fade, Angeli Matos, informou que essa obra foi or\u00e7ada em R$ 1.029.023,26 (um milh\u00e3o vinte e nove mil, vinte e tr\u00eas reais e vinte e seis centavos) e foi uma solicita\u00e7\u00e3o do prefeito Carlos Brasileiro ainda em 2008, durante sua segunda gest\u00e3o como prefeito.<\/p>\n<p><em>*Ascom Prefeitura de Senhor do Bonfim<\/em><\/p>\n","protected":false},"excerpt":{"rendered":"<p>Na manh\u00e3 desta ter\u00e7a-feira (24), o Vice-prefeito Z\u00e9 Ant\u00f4nio e os Secret\u00e1rios Ivan Barbosa (Infraestrutura e Meio Ambiente) e Angeli Matos (Sa\u00fade), visitaram a constru\u00e7\u00e3o da Unidade de Pronto Atendimento \u2013 UPA. Com a presen\u00e7a dos engenheiros Henrique Ribeiro e Jo\u00e3o Carlos, foram feitas avalia\u00e7\u00f5es sobre as condi\u00e7\u00f5es da estrutura f\u00edsica, danos causados pela a\u00e7\u00e3o [&hellip;]<\/p>\n","protected":false},"author":2,"featured_media":14977,"comment_status":"open","ping_status":"open","sticky":false,"template":"","format":"standard","meta":{"_acf_changed":false,"_monsterinsights_skip_tracking":false,"_monsterinsights_sitenote_active":false,"_monsterinsights_sitenote_note":"","_monsterinsights_sitenote_category":0,"_jetpack_memberships_contains_paid_content":false,"footnotes":"","jetpack_publicize_message":"","jetpack_publicize_feature_enabled":true,"jetpack_social_post_already_shared":true,"jetpack_social_options":{"image_generator_settings":{"template":"highway","default_image_id":0,"font":"","enabled":false},"version":2}},"categories":[1,7,4],"tags":[],"class_list":["post-14975","post","type-post","status-publish","format-standard","has-post-thumbnail","hentry","category-noticias","category-saude","category-local"],"acf":[],"jetpack_publicize_connections":[],"jetpack_featured_media_url":"https:\/\/i0.wp.com\/blogdoeloiltoncajuhy.com.br\/site\/wp-content\/uploads\/2017\/01\/upa-vistoria-2.jpg?fit=640%2C427&ssl=1","jetpack_sharing_enabled":true,"publishpress_future_workflow_manual_trigger":{"enabledWorkflows":[]},"_links":{"self":[{"href":"https:\/\/blogdoeloiltoncajuhy.com.br\/site\/wp-json\/wp\/v2\/posts\/14975","targetHints":{"allow":["GET"]}}],"collection":[{"href":"https:\/\/blogdoeloiltoncajuhy.com.br\/site\/wp-json\/wp\/v2\/posts"}],"about":[{"href":"https:\/\/blogdoeloiltoncajuhy.com.br\/site\/wp-json\/wp\/v2\/types\/post"}],"author":[{"embeddable":true,"href":"https:\/\/blogdoeloiltoncajuhy.com.br\/site\/wp-json\/wp\/v2\/users\/2"}],"replies":[{"embeddable":true,"href":"https:\/\/blogdoeloiltoncajuhy.com.br\/site\/wp-json\/wp\/v2\/comments?post=14975"}],"version-history":[{"count":1,"href":"https:\/\/blogdoeloiltoncajuhy.com.br\/site\/wp-json\/wp\/v2\/posts\/14975\/revisions"}],"predecessor-version":[{"id":14978,"href":"https:\/\/blogdoeloiltoncajuhy.com.br\/site\/wp-json\/wp\/v2\/posts\/14975\/revisions\/14978"}],"wp:featuredmedia":[{"embeddable":true,"href":"https:\/\/blogdoeloiltoncajuhy.com.br\/site\/wp-json\/wp\/v2\/media\/14977"}],"wp:attachment":[{"href":"https:\/\/blogdoeloiltoncajuhy.com.br\/site\/wp-json\/wp\/v2\/media?parent=14975"}],"wp:term":[{"taxonomy":"category","embeddable":true,"href":"https:\/\/blogdoeloiltoncajuhy.com.br\/site\/wp-json\/wp\/v2\/categories?post=14975"},{"taxonomy":"post_tag","embeddable":true,"href":"https:\/\/blogdoeloiltoncajuhy.com.br\/site\/wp-json\/wp\/v2\/tags?post=14975"}],"curies":[{"name":"wp","href":"https:\/\/api.w.org\/{rel}","templated":true}]}}