{"id":14969,"date":"2017-01-24T19:42:47","date_gmt":"2017-01-24T22:42:47","guid":{"rendered":"http:\/\/blogdoeloiltoncajuhy.com.br\/site\/?p=14969"},"modified":"2017-01-24T19:42:47","modified_gmt":"2017-01-24T22:42:47","slug":"mulher-de-lula-marisa-leticia-sofre-avc-e-e-internada-em-sp","status":"publish","type":"post","link":"https:\/\/blogdoeloiltoncajuhy.com.br\/site\/mulher-de-lula-marisa-leticia-sofre-avc-e-e-internada-em-sp\/","title":{"rendered":"Mulher de Lula, Marisa Let\u00edcia sofre AVC e \u00e9 internada em SP"},"content":{"rendered":"<figure id=\"attachment_14970\" aria-describedby=\"caption-attachment-14970\" style=\"width: 500px\" class=\"wp-caption aligncenter\"><a href=\"https:\/\/i0.wp.com\/blogdoeloiltoncajuhy.com.br\/site\/wp-content\/uploads\/2017\/01\/d.marisa-lula_1-e1485297688920.jpg\"><img data-recalc-dims=\"1\" fetchpriority=\"high\" decoding=\"async\" class=\"wp-image-14970 size-full\" src=\"https:\/\/i0.wp.com\/blogdoeloiltoncajuhy.com.br\/site\/wp-content\/uploads\/2017\/01\/d.marisa-lula_1-e1485297688920.jpg?resize=500%2C244\" width=\"500\" height=\"244\" \/><\/a><figcaption id=\"caption-attachment-14970\" class=\"wp-caption-text\">Marisa Leticia e Lula durante vota\u00e7\u00e3o do primeiro turno em 2016 (Foto: Nelson Almeida &#8211; 2.out.2016\/AFP)<\/figcaption><\/figure>\n<p>A mulher do ex-presidente Luiz In\u00e1cio Lula da Silva, dona Marisa Let\u00edcia Lula da Silva, 66 anos, foi internada no Hospital S\u00edrio-Liban\u00eas, em S\u00e3o Paulo, na tarde desta ter\u00e7a-feira (24). Segundo a assessoria de imprensa do hospital, dona Marisa foi transferida para o local depois de sofrer um AVC (Acidente Vascular Cerebral) hemorr\u00e1gico.<\/p>\n<p>De acordo com o S\u00edrio, a entrada de dona Marisa no hospital ocorreu por volta das 15h30 (de Bras\u00edlia). A\u00a0equipe deve avaliar se ser\u00e1 necess\u00e1rio algum tipo de opera\u00e7\u00e3o.<\/p>\n<p>Segundo o m\u00e9dico Roberto Kalil Filho, que atende a fam\u00edlia de Lula, Marisa est\u00e1 sendo submetida a uma arteriografia a fim de estancar um sangramento cerebral. O estado de sa\u00fade da ex-primeira dama, segundo o m\u00e9dico, &#8220;\u00e9 delicado&#8221;.<\/p>\n<p>&#8220;Ela chegou consciente, recebeu o primeiro atendimento em S\u00e3o Bernardo, mas o estado de sa\u00fade \u00e9 delicado&#8221;, afirmou o m\u00e9dico, conforme o qual a paciente sofreu um AVC do tipo hemorr\u00e1gico.<\/p>\n<p>&#8220;N\u00e3o se sabe ainda se haver\u00e1 sequelas&#8221;, disse.\u00a0O ex-presidente Lula est\u00e1 no local.\u00a0Pelo Twitter, o ex-presidente disse que torce para que ela se recupere logo.<\/p>\n<p><a href=\"https:\/\/i0.wp.com\/blogdoeloiltoncajuhy.com.br\/site\/wp-content\/uploads\/2017\/01\/d.marisa-lula_2.jpg\"><img data-recalc-dims=\"1\" decoding=\"async\" class=\"aligncenter size-full wp-image-14971\" src=\"https:\/\/i0.wp.com\/blogdoeloiltoncajuhy.com.br\/site\/wp-content\/uploads\/2017\/01\/d.marisa-lula_2.jpg?resize=499%2C198\" alt=\"\" width=\"499\" height=\"198\" srcset=\"https:\/\/i0.wp.com\/blogdoeloiltoncajuhy.com.br\/site\/wp-content\/uploads\/2017\/01\/d.marisa-lula_2.jpg?w=499&amp;ssl=1 499w, https:\/\/i0.wp.com\/blogdoeloiltoncajuhy.com.br\/site\/wp-content\/uploads\/2017\/01\/d.marisa-lula_2.jpg?resize=300%2C119&amp;ssl=1 300w, https:\/\/i0.wp.com\/blogdoeloiltoncajuhy.com.br\/site\/wp-content\/uploads\/2017\/01\/d.marisa-lula_2.jpg?resize=250%2C99&amp;ssl=1 250w\" sizes=\"(max-width: 499px) 100vw, 499px\" \/><\/a><\/p>\n<p><em>*UOL<\/em><\/p>\n","protected":false},"excerpt":{"rendered":"<p>A mulher do ex-presidente Luiz In\u00e1cio Lula da Silva, dona Marisa Let\u00edcia Lula da Silva, 66 anos, foi internada no Hospital S\u00edrio-Liban\u00eas, em S\u00e3o Paulo, na tarde desta ter\u00e7a-feira (24). Segundo a assessoria de imprensa do hospital, dona Marisa foi transferida para o local depois de sofrer um AVC (Acidente Vascular Cerebral) hemorr\u00e1gico. De acordo [&hellip;]<\/p>\n","protected":false},"author":2,"featured_media":14971,"comment_status":"open","ping_status":"open","sticky":false,"template":"","format":"standard","meta":{"_acf_changed":false,"_monsterinsights_skip_tracking":false,"_monsterinsights_sitenote_active":false,"_monsterinsights_sitenote_note":"","_monsterinsights_sitenote_category":0,"_jetpack_memberships_contains_paid_content":false,"footnotes":"","jetpack_publicize_message":"","jetpack_publicize_feature_enabled":true,"jetpack_social_post_already_shared":true,"jetpack_social_options":{"image_generator_settings":{"template":"highway","default_image_id":0,"font":"","enabled":false},"version":2}},"categories":[1,3],"tags":[],"class_list":["post-14969","post","type-post","status-publish","format-standard","has-post-thumbnail","hentry","category-noticias","category-politica"],"acf":[],"jetpack_publicize_connections":[],"jetpack_featured_media_url":"https:\/\/i0.wp.com\/blogdoeloiltoncajuhy.com.br\/site\/wp-content\/uploads\/2017\/01\/d.marisa-lula_2.jpg?fit=499%2C198&ssl=1","jetpack_sharing_enabled":true,"publishpress_future_workflow_manual_trigger":{"enabledWorkflows":[]},"_links":{"self":[{"href":"https:\/\/blogdoeloiltoncajuhy.com.br\/site\/wp-json\/wp\/v2\/posts\/14969","targetHints":{"allow":["GET"]}}],"collection":[{"href":"https:\/\/blogdoeloiltoncajuhy.com.br\/site\/wp-json\/wp\/v2\/posts"}],"about":[{"href":"https:\/\/blogdoeloiltoncajuhy.com.br\/site\/wp-json\/wp\/v2\/types\/post"}],"author":[{"embeddable":true,"href":"https:\/\/blogdoeloiltoncajuhy.com.br\/site\/wp-json\/wp\/v2\/users\/2"}],"replies":[{"embeddable":true,"href":"https:\/\/blogdoeloiltoncajuhy.com.br\/site\/wp-json\/wp\/v2\/comments?post=14969"}],"version-history":[{"count":1,"href":"https:\/\/blogdoeloiltoncajuhy.com.br\/site\/wp-json\/wp\/v2\/posts\/14969\/revisions"}],"predecessor-version":[{"id":14972,"href":"https:\/\/blogdoeloiltoncajuhy.com.br\/site\/wp-json\/wp\/v2\/posts\/14969\/revisions\/14972"}],"wp:featuredmedia":[{"embeddable":true,"href":"https:\/\/blogdoeloiltoncajuhy.com.br\/site\/wp-json\/wp\/v2\/media\/14971"}],"wp:attachment":[{"href":"https:\/\/blogdoeloiltoncajuhy.com.br\/site\/wp-json\/wp\/v2\/media?parent=14969"}],"wp:term":[{"taxonomy":"category","embeddable":true,"href":"https:\/\/blogdoeloiltoncajuhy.com.br\/site\/wp-json\/wp\/v2\/categories?post=14969"},{"taxonomy":"post_tag","embeddable":true,"href":"https:\/\/blogdoeloiltoncajuhy.com.br\/site\/wp-json\/wp\/v2\/tags?post=14969"}],"curies":[{"name":"wp","href":"https:\/\/api.w.org\/{rel}","templated":true}]}}