{"id":14963,"date":"2017-01-24T19:15:53","date_gmt":"2017-01-24T22:15:53","guid":{"rendered":"http:\/\/blogdoeloiltoncajuhy.com.br\/site\/?p=14963"},"modified":"2017-01-24T19:15:53","modified_gmt":"2017-01-24T22:15:53","slug":"gastos-com-supermercado-e-conta-de-luz-sao-os-mais-sentidos-pelos-brasileiros-na-crise-mostra-spc-brasil-e-cndl","status":"publish","type":"post","link":"https:\/\/blogdoeloiltoncajuhy.com.br\/site\/gastos-com-supermercado-e-conta-de-luz-sao-os-mais-sentidos-pelos-brasileiros-na-crise-mostra-spc-brasil-e-cndl\/","title":{"rendered":"Gastos com supermercado e conta de luz s\u00e3o os mais sentidos pelos brasileiros na crise, mostra SPC Brasil e CNDL"},"content":{"rendered":"<p style=\"text-align: center;\"><em><strong>47% dos brasileiros notaram aumento destes gastos no or\u00e7amento. 53% reduziram as compras de roupas e cal\u00e7ados e 47% diminu\u00edram o n\u00famero de refei\u00e7\u00f5es feitas fora de casa ou por delivery<\/strong><\/em><\/p>\n<p><a href=\"https:\/\/i0.wp.com\/blogdoeloiltoncajuhy.com.br\/site\/wp-content\/uploads\/2017\/01\/consumidor-meio-ambiente.jpg\"><img data-recalc-dims=\"1\" fetchpriority=\"high\" decoding=\"async\" class=\"aligncenter size-full wp-image-14964\" src=\"https:\/\/i0.wp.com\/blogdoeloiltoncajuhy.com.br\/site\/wp-content\/uploads\/2017\/01\/consumidor-meio-ambiente.jpg?resize=501%2C332\" alt=\"\" width=\"501\" height=\"332\" srcset=\"https:\/\/i0.wp.com\/blogdoeloiltoncajuhy.com.br\/site\/wp-content\/uploads\/2017\/01\/consumidor-meio-ambiente.jpg?w=501&amp;ssl=1 501w, https:\/\/i0.wp.com\/blogdoeloiltoncajuhy.com.br\/site\/wp-content\/uploads\/2017\/01\/consumidor-meio-ambiente.jpg?resize=300%2C199&amp;ssl=1 300w, https:\/\/i0.wp.com\/blogdoeloiltoncajuhy.com.br\/site\/wp-content\/uploads\/2017\/01\/consumidor-meio-ambiente.jpg?resize=250%2C166&amp;ssl=1 250w\" sizes=\"(max-width: 501px) 100vw, 501px\" \/><\/a>A recess\u00e3o da economia brasileira ainda n\u00e3o mostra sinais de acabar pelos pr\u00f3ximos meses e o quadro geral deste in\u00edcio de ano \u00e9 bem parecido com o observado ao longo de 2016, com os indicadores refletindo as incertezas da conjuntura econ\u00f4mica. Uma pesquisa do Servi\u00e7o de Prote\u00e7\u00e3o ao Cr\u00e9dito (SPC Brasil) e da Confedera\u00e7\u00e3o Nacional de Dirigentes Lojistas (CNDL) procurou identificar <strong>os impactos da crise financeira no or\u00e7amento das fam\u00edlias e mostra que as despesas com supermercado e contas de luz foram as que mais cresceram<\/strong> nos seis meses anteriores ao levantamento. Em ambos os casos, 47% dos entrevistados notaram aumento das contas.<\/p>\n<p>O levantamento mostra que as despesas com supermercado cresceram apesar de 47% dos entrevistados terem aumentado a compra de produtos de marcas similares, na compara\u00e7\u00e3o com 2015. Tamb\u00e9m na varia\u00e7\u00e3o anual, o estudo indica que houve redu\u00e7\u00e3o do consumo de itens considerados n\u00e3o fundamentais, especialmente no que diz respeito \u00e0s roupas, cal\u00e7ados e acess\u00f3rios (53%) e \u00e0s refei\u00e7\u00f5es feitas fora de casa ou por delivery (47%). J\u00e1 o n\u00edvel de consumo de servi\u00e7os de \u00e1gua, luz e telefone foi mantido o mesmo de 2015 por 42% dos entrevistados.<\/p>\n<p>Para a economista-chefe do SPC Brasil, Marcela Kawauti, seja na hora de ir \u00e0s compras, seja ao lidar com as despesas b\u00e1sicas do m\u00eas, n\u00e3o \u00e9 dif\u00edcil perceber que os pre\u00e7os subiram muito nos \u00faltimos anos e que \u00e9 preciso mais dinheiro para manter o mesmo n\u00edvel de consumo. \u201cAinda que os brasileiros modifiquem alguns h\u00e1bitos de consumo, n\u00e3o h\u00e1 como abrir m\u00e3o de itens considerados b\u00e1sicos, como o arroz, o feij\u00e3o ou a carne, por exemplo. Ent\u00e3o, ele percebe que est\u00e1 gastando mais para encher o carrinho de compras\u201d, afirma Kawauti. \u201cDiante do baixo poder de compra e arrocho do or\u00e7amento do consumidor, ele acaba sendo for\u00e7ado a passar menos tempo ao telefone para controlar o valor da conta e tamb\u00e9m reduzir as compras de roupas e a frequ\u00eancia com que vai a bares ou restaurantes.\u201d<\/p>\n<p>Para a economista, os resultados da pesquisa mostram que os brasileiros est\u00e3o tentando se adaptar a um contexto de recess\u00e3o, em que os rendimentos n\u00e3o acompanham a escalada da infla\u00e7\u00e3o\u201d.<\/p>\n<p><strong>Aumento de pre\u00e7os e diminui\u00e7\u00e3o de renda s\u00e3o justificativas para n\u00e3o sobrar dinheiro no fim do m\u00eas<\/strong><\/p>\n<p>Considerando o m\u00eas anterior \u00e0 pesquisa, cinco em cada dez pessoas ouvidas afirmam que n\u00e3o houve sobra financeira (54%), sendo que 24% ainda ficaram devendo, percentual que aumenta para 27% entre as classes C, D e E. Em contrapartida, 44% garantem que houve sobra e, neste caso, a maior parte guardou na poupan\u00e7a, fez alguma aplica\u00e7\u00e3o ou deixou reservado (21%).<\/p>\n<p>Para os entrevistados que fecharam o m\u00eas anterior com gastos superiores aos rendimentos, as justificativas mais mencionadas s\u00e3o o fato das coisas estarem mais caras, n\u00e3o conseguindo pagar as contas com o sal\u00e1rio (42%), a diminui\u00e7\u00e3o da renda (26%), descontrole nas compras e perda da no\u00e7\u00e3o dos gastos (22%) e a perda do emprego (20%).<\/p>\n<p>A pesquisa mostra ainda que, considerando o contexto de crise econ\u00f4mica e a percep\u00e7\u00e3o de alta dos pre\u00e7os, percebe-se que \u00e9 maior, hoje, a propor\u00e7\u00e3o de pessoas que garantem controlar os gastos pessoais e da fam\u00edlia (34%) embora boa parte da amostra tenha diminu\u00eddo a forma\u00e7\u00e3o de reserva financeira (36%). Cerca de 58% afirmam estarem pesquisando mais os pre\u00e7os antes de fazer compras, enquanto 44% est\u00e3o pechinchando mais.<\/p>\n<p><strong><a href=\"https:\/\/i0.wp.com\/blogdoeloiltoncajuhy.com.br\/site\/wp-content\/uploads\/2017\/01\/consumidor-meio-ambiente-2-e1485296141508.jpg\"><img data-recalc-dims=\"1\" decoding=\"async\" class=\"aligncenter size-full wp-image-14965\" src=\"https:\/\/i0.wp.com\/blogdoeloiltoncajuhy.com.br\/site\/wp-content\/uploads\/2017\/01\/consumidor-meio-ambiente-2-e1485296141508.jpg?resize=500%2C333\" alt=\"\" width=\"500\" height=\"333\" \/><\/a>Pr\u00e1ticas de educa\u00e7\u00e3o financeira em tempos de crise seriam abolidas em caso de melhora na economia<\/strong><\/p>\n<p>O levantamento do SPC Brasil e da CNDL investigou ainda o que os consumidores fariam em 2017 caso o pa\u00eds saia da crise econ\u00f4mica atual e mostra que as atuais pr\u00e1ticas de educa\u00e7\u00e3o financeira para controle e economia no or\u00e7amento n\u00e3o teriam um futuro. Caso a economia brasileira melhore, a atitude adotada para super\u00e1-la que ser\u00e1 mais descartada do cotidiano dos entrevistados \u00e9 a disciplina no controle dos gastos pessoais e familiares (31%), seguida por pesquisas de pre\u00e7o (29%) e redu\u00e7\u00e3o das refei\u00e7\u00f5es fora de casa (26%). Apenas 22% pretendem manter todas as medidas de combate a crise, mesmo com melhora da economia.<\/p>\n<p>De acordo com o educador financeiro do SPC Brasil e do portal Meu Bolso Feliz, Jos\u00e9 Vignoli, os dados sugerem que muitas pessoas ainda veem as medidas de controle financeiro como um sacrif\u00edcio, ao inv\u00e9s de incorpor\u00e1-las como h\u00e1bitos saud\u00e1veis. \u201cParte dos consumidores s\u00f3 adota comportamentos racionais em rela\u00e7\u00e3o ao uso do dinheiro porque n\u00e3o v\u00ea outra sa\u00edda. Para eles, a crise exige atitudes de controle a fim de evitar o colapso financeiro, mas, t\u00e3o logo a situa\u00e7\u00e3o melhore, acabam retomando os mesmos padr\u00f5es, incluindo a falta de disciplina em rela\u00e7\u00e3o ao or\u00e7amento pessoal e o consumo n\u00e3o planejado\u201d, explica.<\/p>\n<p>As principais justificativas para o abandono das atitudes em rela\u00e7\u00e3o ao uso do dinheiro s\u00e3o a vontade de \u201crecuperar o tempo perdido e voltar ao tipo de vida que tinha antes\u201d (44%) e a dificuldade em levar uma vida financeira regrada (35%).<\/p>\n<p>\u201c\u00c9 justamente para poder viver com mais liberdade e menos estresse que a educa\u00e7\u00e3o financeira se torna fundamental. Evitar as compras impulsivas, pesquisar pre\u00e7os, realizar o controle dos gastos e constituir reserva financeira tornam a pessoa mais preparada para enfrentar momentos dif\u00edceis e, ao mesmo tempo, apta a realizar seus objetivos e sonhos de consumo. Organiza\u00e7\u00e3o e controle n\u00e3o devem ser confundidos com priva\u00e7\u00e3o\u201d, indica o educador financeiro.<\/p>\n<p><strong>Metodologia<\/strong><\/p>\n<p>A pesquisa procurou avaliar o grau de educa\u00e7\u00e3o financeira dos brasileiros e entender como o consumidor se relaciona com o dinheiro. Foram entrevistados 606 consumidores com idade entre 18 e 30 anos, de ambos os g\u00eaneros e de todas as classes sociais nas 27 capitais brasileiras. A margem de erro no geral \u00e9 de 4,0 pontos percentuais para um intervalo de confian\u00e7a a 95%.<\/p>\n<p>Baixe a \u00edntegra da pesquisa <span style=\"color: #ff0000;\"><a style=\"color: #ff0000;\" href=\"https:\/\/www.spcbrasil.org.br\/pesquisas?utm_campaign=&amp;utm_content=SPC+Brasil+%281%29&amp;utm_medium=email&amp;utm_source=EmailMarketing&amp;utm_term=Imprensa%3A+Educa%C3%A7%C3%A3o+Financeira+-+Impactos+da+Crise\"><strong>clicando aqui<\/strong><\/a><\/span><\/p>\n<p><em>*SPC Brasil | CNDL<\/em><\/p>\n","protected":false},"excerpt":{"rendered":"<p>47% dos brasileiros notaram aumento destes gastos no or\u00e7amento. 53% reduziram as compras de roupas e cal\u00e7ados e 47% diminu\u00edram o n\u00famero de refei\u00e7\u00f5es feitas fora de casa ou por delivery A recess\u00e3o da economia brasileira ainda n\u00e3o mostra sinais de acabar pelos pr\u00f3ximos meses e o quadro geral deste in\u00edcio de ano \u00e9 bem [&hellip;]<\/p>\n","protected":false},"author":2,"featured_media":14965,"comment_status":"open","ping_status":"open","sticky":false,"template":"","format":"standard","meta":{"_acf_changed":false,"_monsterinsights_skip_tracking":false,"_monsterinsights_sitenote_active":false,"_monsterinsights_sitenote_note":"","_monsterinsights_sitenote_category":0,"_jetpack_memberships_contains_paid_content":false,"footnotes":"","jetpack_publicize_message":"","jetpack_publicize_feature_enabled":true,"jetpack_social_post_already_shared":true,"jetpack_social_options":{"image_generator_settings":{"template":"highway","default_image_id":0,"font":"","enabled":false},"version":2}},"categories":[5,1],"tags":[],"class_list":["post-14963","post","type-post","status-publish","format-standard","has-post-thumbnail","hentry","category-cotidiano","category-noticias"],"acf":[],"jetpack_publicize_connections":[],"jetpack_featured_media_url":"https:\/\/i0.wp.com\/blogdoeloiltoncajuhy.com.br\/site\/wp-content\/uploads\/2017\/01\/consumidor-meio-ambiente-2-e1485296141508.jpg?fit=500%2C333&ssl=1","jetpack_sharing_enabled":true,"publishpress_future_workflow_manual_trigger":{"enabledWorkflows":[]},"_links":{"self":[{"href":"https:\/\/blogdoeloiltoncajuhy.com.br\/site\/wp-json\/wp\/v2\/posts\/14963","targetHints":{"allow":["GET"]}}],"collection":[{"href":"https:\/\/blogdoeloiltoncajuhy.com.br\/site\/wp-json\/wp\/v2\/posts"}],"about":[{"href":"https:\/\/blogdoeloiltoncajuhy.com.br\/site\/wp-json\/wp\/v2\/types\/post"}],"author":[{"embeddable":true,"href":"https:\/\/blogdoeloiltoncajuhy.com.br\/site\/wp-json\/wp\/v2\/users\/2"}],"replies":[{"embeddable":true,"href":"https:\/\/blogdoeloiltoncajuhy.com.br\/site\/wp-json\/wp\/v2\/comments?post=14963"}],"version-history":[{"count":1,"href":"https:\/\/blogdoeloiltoncajuhy.com.br\/site\/wp-json\/wp\/v2\/posts\/14963\/revisions"}],"predecessor-version":[{"id":14966,"href":"https:\/\/blogdoeloiltoncajuhy.com.br\/site\/wp-json\/wp\/v2\/posts\/14963\/revisions\/14966"}],"wp:featuredmedia":[{"embeddable":true,"href":"https:\/\/blogdoeloiltoncajuhy.com.br\/site\/wp-json\/wp\/v2\/media\/14965"}],"wp:attachment":[{"href":"https:\/\/blogdoeloiltoncajuhy.com.br\/site\/wp-json\/wp\/v2\/media?parent=14963"}],"wp:term":[{"taxonomy":"category","embeddable":true,"href":"https:\/\/blogdoeloiltoncajuhy.com.br\/site\/wp-json\/wp\/v2\/categories?post=14963"},{"taxonomy":"post_tag","embeddable":true,"href":"https:\/\/blogdoeloiltoncajuhy.com.br\/site\/wp-json\/wp\/v2\/tags?post=14963"}],"curies":[{"name":"wp","href":"https:\/\/api.w.org\/{rel}","templated":true}]}}