{"id":14960,"date":"2017-01-24T12:29:12","date_gmt":"2017-01-24T15:29:12","guid":{"rendered":"http:\/\/blogdoeloiltoncajuhy.com.br\/site\/?p=14960"},"modified":"2017-01-24T12:29:12","modified_gmt":"2017-01-24T15:29:12","slug":"bonfim-melhorias-do-samu-192-reforcam-o-sistema-de-saude","status":"publish","type":"post","link":"https:\/\/blogdoeloiltoncajuhy.com.br\/site\/bonfim-melhorias-do-samu-192-reforcam-o-sistema-de-saude\/","title":{"rendered":"BONFIM: Melhorias do SAMU 192 refor\u00e7am o sistema de Sa\u00fade"},"content":{"rendered":"<p><a href=\"https:\/\/i0.wp.com\/blogdoeloiltoncajuhy.com.br\/site\/wp-content\/uploads\/2017\/01\/samu-192_bonfim.jpg\"><img data-recalc-dims=\"1\" fetchpriority=\"high\" decoding=\"async\" class=\"aligncenter size-full wp-image-14961\" src=\"https:\/\/i0.wp.com\/blogdoeloiltoncajuhy.com.br\/site\/wp-content\/uploads\/2017\/01\/samu-192_bonfim.jpg?resize=600%2C450\" alt=\"\" width=\"600\" height=\"450\" srcset=\"https:\/\/i0.wp.com\/blogdoeloiltoncajuhy.com.br\/site\/wp-content\/uploads\/2017\/01\/samu-192_bonfim.jpg?w=600&amp;ssl=1 600w, https:\/\/i0.wp.com\/blogdoeloiltoncajuhy.com.br\/site\/wp-content\/uploads\/2017\/01\/samu-192_bonfim.jpg?resize=300%2C225&amp;ssl=1 300w, https:\/\/i0.wp.com\/blogdoeloiltoncajuhy.com.br\/site\/wp-content\/uploads\/2017\/01\/samu-192_bonfim.jpg?resize=250%2C188&amp;ssl=1 250w\" sizes=\"(max-width: 600px) 100vw, 600px\" \/><\/a>A sa\u00fade de Senhor do Bonfim deu um salto de qualidade no atendimento emergencial \u00e0 popula\u00e7\u00e3o. O prefeito Carlos Brasileiro intensificou os servi\u00e7os de atendimento de urg\u00eancia. O SAMU 192 &#8211; Servi\u00e7o de Atendimento M\u00f3vel de Urg\u00eancia, desde o inicio do ano, tem melhorado sua estrutura e equipamentos.<\/p>\n<p>Segundo o Diretor Administrativo do SAMU 192, Ricardo Ferreira, as demandas que apareceram durante o m\u00eas de janeiro foram atendidas. Nos casos de atendimentos mais complexos, os pacientes foram encaminhados ao Hospital Regional; nos casos mais graves, os pacientes foram transferidos para outros centros de sa\u00fade. Uma demonstra\u00e7\u00e3o de efici\u00eancia no atendimento e no servi\u00e7o de regula\u00e7\u00e3o.<\/p>\n<p>O SAMU de Senhor do Bonfim conta com profissionais capacitados e preparados para um pronto atendimento. A estrutura de aux\u00edlio para uma a\u00e7\u00e3o r\u00e1pida e eficaz conta atualmente com:<br \/>\n\u2022 02 ambul\u00e2ncias USB &#8211; Unidade de Suporte B\u00e1sico;<br \/>\n\u2022 02 ambul\u00e2ncias USA \u2013 Unidade de Suporte Avan\u00e7ado;<br \/>\n\u2022 Uma Motol\u00e2ncia;<br \/>\n\u2022 13 Enfermeiros;<br \/>\n\u2022 12 M\u00e9dicos (Cl\u00ednicos Gerais);<br \/>\n\u2022 09 T\u00e9cnicos de enfermagem;<br \/>\n\u2022 11 Condutores Socorristas;<br \/>\n\u2022 07 T\u00e9cnicos auxiliares de regula\u00e7\u00e3o m\u00e9dica (Atendentes);<br \/>\n\u2022 04 Radio Operadores;<br \/>\n\u2022 03 T\u00e9cnicos de Enfermeiros (motol\u00e2ncia).<\/p>\n<p><em>*Ascom Prefeitura de Senhor do Bonfim<\/em><\/p>\n","protected":false},"excerpt":{"rendered":"<p>A sa\u00fade de Senhor do Bonfim deu um salto de qualidade no atendimento emergencial \u00e0 popula\u00e7\u00e3o. O prefeito Carlos Brasileiro intensificou os servi\u00e7os de atendimento de urg\u00eancia. O SAMU 192 &#8211; Servi\u00e7o de Atendimento M\u00f3vel de Urg\u00eancia, desde o inicio do ano, tem melhorado sua estrutura e equipamentos. Segundo o Diretor Administrativo do SAMU 192, [&hellip;]<\/p>\n","protected":false},"author":2,"featured_media":14961,"comment_status":"open","ping_status":"open","sticky":false,"template":"","format":"standard","meta":{"_acf_changed":false,"_monsterinsights_skip_tracking":false,"_monsterinsights_sitenote_active":false,"_monsterinsights_sitenote_note":"","_monsterinsights_sitenote_category":0,"_jetpack_memberships_contains_paid_content":false,"footnotes":"","jetpack_publicize_message":"","jetpack_publicize_feature_enabled":true,"jetpack_social_post_already_shared":true,"jetpack_social_options":{"image_generator_settings":{"template":"highway","default_image_id":0,"font":"","enabled":false},"version":2}},"categories":[1,7,4],"tags":[],"class_list":["post-14960","post","type-post","status-publish","format-standard","has-post-thumbnail","hentry","category-noticias","category-saude","category-local"],"acf":[],"jetpack_publicize_connections":[],"jetpack_featured_media_url":"https:\/\/i0.wp.com\/blogdoeloiltoncajuhy.com.br\/site\/wp-content\/uploads\/2017\/01\/samu-192_bonfim.jpg?fit=600%2C450&ssl=1","jetpack_sharing_enabled":true,"publishpress_future_workflow_manual_trigger":{"enabledWorkflows":[]},"_links":{"self":[{"href":"https:\/\/blogdoeloiltoncajuhy.com.br\/site\/wp-json\/wp\/v2\/posts\/14960","targetHints":{"allow":["GET"]}}],"collection":[{"href":"https:\/\/blogdoeloiltoncajuhy.com.br\/site\/wp-json\/wp\/v2\/posts"}],"about":[{"href":"https:\/\/blogdoeloiltoncajuhy.com.br\/site\/wp-json\/wp\/v2\/types\/post"}],"author":[{"embeddable":true,"href":"https:\/\/blogdoeloiltoncajuhy.com.br\/site\/wp-json\/wp\/v2\/users\/2"}],"replies":[{"embeddable":true,"href":"https:\/\/blogdoeloiltoncajuhy.com.br\/site\/wp-json\/wp\/v2\/comments?post=14960"}],"version-history":[{"count":1,"href":"https:\/\/blogdoeloiltoncajuhy.com.br\/site\/wp-json\/wp\/v2\/posts\/14960\/revisions"}],"predecessor-version":[{"id":14962,"href":"https:\/\/blogdoeloiltoncajuhy.com.br\/site\/wp-json\/wp\/v2\/posts\/14960\/revisions\/14962"}],"wp:featuredmedia":[{"embeddable":true,"href":"https:\/\/blogdoeloiltoncajuhy.com.br\/site\/wp-json\/wp\/v2\/media\/14961"}],"wp:attachment":[{"href":"https:\/\/blogdoeloiltoncajuhy.com.br\/site\/wp-json\/wp\/v2\/media?parent=14960"}],"wp:term":[{"taxonomy":"category","embeddable":true,"href":"https:\/\/blogdoeloiltoncajuhy.com.br\/site\/wp-json\/wp\/v2\/categories?post=14960"},{"taxonomy":"post_tag","embeddable":true,"href":"https:\/\/blogdoeloiltoncajuhy.com.br\/site\/wp-json\/wp\/v2\/tags?post=14960"}],"curies":[{"name":"wp","href":"https:\/\/api.w.org\/{rel}","templated":true}]}}