{"id":14956,"date":"2017-01-24T09:29:05","date_gmt":"2017-01-24T12:29:05","guid":{"rendered":"http:\/\/blogdoeloiltoncajuhy.com.br\/site\/?p=14956"},"modified":"2017-01-24T09:29:05","modified_gmt":"2017-01-24T12:29:05","slug":"governador-lamenta-morte-de-policiais-militares-em-bom-jesus-da-lapa","status":"publish","type":"post","link":"https:\/\/blogdoeloiltoncajuhy.com.br\/site\/governador-lamenta-morte-de-policiais-militares-em-bom-jesus-da-lapa\/","title":{"rendered":"Governador lamenta morte de policiais militares em Bom Jesus da Lapa"},"content":{"rendered":"<figure id=\"attachment_14957\" aria-describedby=\"caption-attachment-14957\" style=\"width: 480px\" class=\"wp-caption aligncenter\"><a href=\"https:\/\/i0.wp.com\/blogdoeloiltoncajuhy.com.br\/site\/wp-content\/uploads\/2017\/01\/rui-jan_2017-e1485260884976.jpeg\"><img data-recalc-dims=\"1\" fetchpriority=\"high\" decoding=\"async\" class=\"wp-image-14957 size-full\" src=\"https:\/\/i0.wp.com\/blogdoeloiltoncajuhy.com.br\/site\/wp-content\/uploads\/2017\/01\/rui-jan_2017-e1485260884976.jpeg?resize=480%2C320\" width=\"480\" height=\"320\" \/><\/a><figcaption id=\"caption-attachment-14957\" class=\"wp-caption-text\">Governador lamenta morte de policiais militares em Bom Jesus da Lapa (Foto: Mateus Pereira\/GOVBA)<\/figcaption><\/figure>\n<p>Em nota publicada em seu perfil no Facebook, o governador Rui Costa lamentou a morte de dois policiais militares nesta segunda-feira (23). \u201cCompartilho a minha solidariedade \u00e0 fam\u00edlia, colegas e amigos dos policiais Everton Oliveira de Santana e Gilberto Lemos Silva J\u00fanior que morreram bravamente na luta contra bandidos na cidade de Bom Jesus da Lapa, na madrugada de hoje\u201d.<\/p>\n<p>O governador ressaltou que o crime n\u00e3o vai ficar impune, acrescentando que as pol\u00edcias de estados vizinhos encontram-se em estado de alerta. \u201cDeterminei a ida do comandante-geral da Pol\u00edcia Militar, coronel Anselmo Brand\u00e3o, para o munic\u00edpio e ordenei \u00e0s pol\u00edcias militar e civil o refor\u00e7o imediato do efetivo policial no oeste da Bahia para realizar buscas visando capturar os respons\u00e1veis pela a\u00e7\u00e3o criminosa\u201d, afirmou.<\/p>\n<p><em>*Secom-Ba<\/em><\/p>\n","protected":false},"excerpt":{"rendered":"<p>Em nota publicada em seu perfil no Facebook, o governador Rui Costa lamentou a morte de dois policiais militares nesta segunda-feira (23). \u201cCompartilho a minha solidariedade \u00e0 fam\u00edlia, colegas e amigos dos policiais Everton Oliveira de Santana e Gilberto Lemos Silva J\u00fanior que morreram bravamente na luta contra bandidos na cidade de Bom Jesus da [&hellip;]<\/p>\n","protected":false},"author":2,"featured_media":14957,"comment_status":"open","ping_status":"open","sticky":false,"template":"","format":"standard","meta":{"_acf_changed":false,"_monsterinsights_skip_tracking":false,"_monsterinsights_sitenote_active":false,"_monsterinsights_sitenote_note":"","_monsterinsights_sitenote_category":0,"_jetpack_memberships_contains_paid_content":false,"footnotes":"","jetpack_publicize_message":"","jetpack_publicize_feature_enabled":true,"jetpack_social_post_already_shared":true,"jetpack_social_options":{"image_generator_settings":{"template":"highway","default_image_id":0,"font":"","enabled":false},"version":2}},"categories":[5,1],"tags":[],"class_list":["post-14956","post","type-post","status-publish","format-standard","has-post-thumbnail","hentry","category-cotidiano","category-noticias"],"acf":[],"jetpack_publicize_connections":[],"jetpack_featured_media_url":"https:\/\/i0.wp.com\/blogdoeloiltoncajuhy.com.br\/site\/wp-content\/uploads\/2017\/01\/rui-jan_2017-e1485260884976.jpeg?fit=480%2C320&ssl=1","jetpack_sharing_enabled":true,"publishpress_future_workflow_manual_trigger":{"enabledWorkflows":[]},"_links":{"self":[{"href":"https:\/\/blogdoeloiltoncajuhy.com.br\/site\/wp-json\/wp\/v2\/posts\/14956","targetHints":{"allow":["GET"]}}],"collection":[{"href":"https:\/\/blogdoeloiltoncajuhy.com.br\/site\/wp-json\/wp\/v2\/posts"}],"about":[{"href":"https:\/\/blogdoeloiltoncajuhy.com.br\/site\/wp-json\/wp\/v2\/types\/post"}],"author":[{"embeddable":true,"href":"https:\/\/blogdoeloiltoncajuhy.com.br\/site\/wp-json\/wp\/v2\/users\/2"}],"replies":[{"embeddable":true,"href":"https:\/\/blogdoeloiltoncajuhy.com.br\/site\/wp-json\/wp\/v2\/comments?post=14956"}],"version-history":[{"count":1,"href":"https:\/\/blogdoeloiltoncajuhy.com.br\/site\/wp-json\/wp\/v2\/posts\/14956\/revisions"}],"predecessor-version":[{"id":14958,"href":"https:\/\/blogdoeloiltoncajuhy.com.br\/site\/wp-json\/wp\/v2\/posts\/14956\/revisions\/14958"}],"wp:featuredmedia":[{"embeddable":true,"href":"https:\/\/blogdoeloiltoncajuhy.com.br\/site\/wp-json\/wp\/v2\/media\/14957"}],"wp:attachment":[{"href":"https:\/\/blogdoeloiltoncajuhy.com.br\/site\/wp-json\/wp\/v2\/media?parent=14956"}],"wp:term":[{"taxonomy":"category","embeddable":true,"href":"https:\/\/blogdoeloiltoncajuhy.com.br\/site\/wp-json\/wp\/v2\/categories?post=14956"},{"taxonomy":"post_tag","embeddable":true,"href":"https:\/\/blogdoeloiltoncajuhy.com.br\/site\/wp-json\/wp\/v2\/tags?post=14956"}],"curies":[{"name":"wp","href":"https:\/\/api.w.org\/{rel}","templated":true}]}}