{"id":14947,"date":"2017-01-23T19:37:01","date_gmt":"2017-01-23T22:37:01","guid":{"rendered":"http:\/\/blogdoeloiltoncajuhy.com.br\/site\/?p=14947"},"modified":"2017-01-23T19:37:01","modified_gmt":"2017-01-23T22:37:01","slug":"comece-a-terca-feira-meditando-aqui-estao-minha-mae-e-meus-irmaos-mc-331-35","status":"publish","type":"post","link":"https:\/\/blogdoeloiltoncajuhy.com.br\/site\/comece-a-terca-feira-meditando-aqui-estao-minha-mae-e-meus-irmaos-mc-331-35\/","title":{"rendered":"COMECE A TER\u00c7A-FEIRA MEDITANDO: &#8220;Aqui est\u00e3o minha m\u00e3e e meus irm\u00e3os&#8221; &#8211; Mc 3,31-35"},"content":{"rendered":"<p><a href=\"https:\/\/i0.wp.com\/blogdoeloiltoncajuhy.com.br\/site\/wp-content\/uploads\/2015\/10\/liturgia_diaria.jpg\"><img data-recalc-dims=\"1\" fetchpriority=\"high\" decoding=\"async\" class=\"aligncenter wp-image-4757 size-medium\" src=\"https:\/\/i0.wp.com\/blogdoeloiltoncajuhy.com.br\/site\/wp-content\/uploads\/2015\/10\/liturgia_diaria.jpg?resize=300%2C227\" width=\"300\" height=\"227\" srcset=\"https:\/\/i0.wp.com\/blogdoeloiltoncajuhy.com.br\/site\/wp-content\/uploads\/2015\/10\/liturgia_diaria.jpg?resize=300%2C227&amp;ssl=1 300w, https:\/\/i0.wp.com\/blogdoeloiltoncajuhy.com.br\/site\/wp-content\/uploads\/2015\/10\/liturgia_diaria.jpg?resize=250%2C189&amp;ssl=1 250w, https:\/\/i0.wp.com\/blogdoeloiltoncajuhy.com.br\/site\/wp-content\/uploads\/2015\/10\/liturgia_diaria.jpg?w=449&amp;ssl=1 449w\" sizes=\"(max-width: 300px) 100vw, 300px\" \/><\/a>Naquele tempo, chegaram a m\u00e3e de Jesus e seus irm\u00e3os. Eles ficaram do lado de fora e mandaram cham\u00e1-lo. Havia uma multid\u00e3o sentada ao redor dele. Ent\u00e3o lhe disseram: \u201cTua m\u00e3e e teus irm\u00e3os est\u00e3o l\u00e1 fora \u00e0 tua procura\u201d.<\/p>\n<p>Ele respondeu: \u201cQuem \u00e9 minha m\u00e3e, e quem s\u00e3o meus irm\u00e3os?\u201d E olhando para os que estavam sentados ao seu redor, disse: \u201cAqui est\u00e3o minha m\u00e3e e meus irm\u00e3os. Quem faz a vontade de Deus, esse \u00e9 meu irm\u00e3o, minha irm\u00e3 e minha m\u00e3e\u201d.<\/p>\n<p><a href=\"http:\/\/liturgia.cancaonova.com\/liturgia\/sao-francisco-de-sales-terca-feira-24012017\/\"><em><strong>*Can\u00e7\u00e3o Nova<\/strong><\/em><\/a><\/p>\n","protected":false},"excerpt":{"rendered":"<p>Naquele tempo, chegaram a m\u00e3e de Jesus e seus irm\u00e3os. Eles ficaram do lado de fora e mandaram cham\u00e1-lo. Havia uma multid\u00e3o sentada ao redor dele. Ent\u00e3o lhe disseram: \u201cTua m\u00e3e e teus irm\u00e3os est\u00e3o l\u00e1 fora \u00e0 tua procura\u201d. Ele respondeu: \u201cQuem \u00e9 minha m\u00e3e, e quem s\u00e3o meus irm\u00e3os?\u201d E olhando para os [&hellip;]<\/p>\n","protected":false},"author":2,"featured_media":0,"comment_status":"open","ping_status":"open","sticky":false,"template":"","format":"standard","meta":{"_acf_changed":false,"_monsterinsights_skip_tracking":false,"_monsterinsights_sitenote_active":false,"_monsterinsights_sitenote_note":"","_monsterinsights_sitenote_category":0,"_jetpack_memberships_contains_paid_content":false,"footnotes":"","jetpack_publicize_message":"","jetpack_publicize_feature_enabled":true,"jetpack_social_post_already_shared":true,"jetpack_social_options":{"image_generator_settings":{"template":"highway","default_image_id":0,"font":"","enabled":false},"version":2}},"categories":[1,9],"tags":[],"class_list":["post-14947","post","type-post","status-publish","format-standard","hentry","category-noticias","category-reflexao"],"acf":[],"jetpack_publicize_connections":[],"jetpack_featured_media_url":"","jetpack_sharing_enabled":true,"publishpress_future_workflow_manual_trigger":{"enabledWorkflows":[]},"_links":{"self":[{"href":"https:\/\/blogdoeloiltoncajuhy.com.br\/site\/wp-json\/wp\/v2\/posts\/14947","targetHints":{"allow":["GET"]}}],"collection":[{"href":"https:\/\/blogdoeloiltoncajuhy.com.br\/site\/wp-json\/wp\/v2\/posts"}],"about":[{"href":"https:\/\/blogdoeloiltoncajuhy.com.br\/site\/wp-json\/wp\/v2\/types\/post"}],"author":[{"embeddable":true,"href":"https:\/\/blogdoeloiltoncajuhy.com.br\/site\/wp-json\/wp\/v2\/users\/2"}],"replies":[{"embeddable":true,"href":"https:\/\/blogdoeloiltoncajuhy.com.br\/site\/wp-json\/wp\/v2\/comments?post=14947"}],"version-history":[{"count":1,"href":"https:\/\/blogdoeloiltoncajuhy.com.br\/site\/wp-json\/wp\/v2\/posts\/14947\/revisions"}],"predecessor-version":[{"id":14948,"href":"https:\/\/blogdoeloiltoncajuhy.com.br\/site\/wp-json\/wp\/v2\/posts\/14947\/revisions\/14948"}],"wp:attachment":[{"href":"https:\/\/blogdoeloiltoncajuhy.com.br\/site\/wp-json\/wp\/v2\/media?parent=14947"}],"wp:term":[{"taxonomy":"category","embeddable":true,"href":"https:\/\/blogdoeloiltoncajuhy.com.br\/site\/wp-json\/wp\/v2\/categories?post=14947"},{"taxonomy":"post_tag","embeddable":true,"href":"https:\/\/blogdoeloiltoncajuhy.com.br\/site\/wp-json\/wp\/v2\/tags?post=14947"}],"curies":[{"name":"wp","href":"https:\/\/api.w.org\/{rel}","templated":true}]}}