{"id":14943,"date":"2017-01-23T19:31:45","date_gmt":"2017-01-23T22:31:45","guid":{"rendered":"http:\/\/blogdoeloiltoncajuhy.com.br\/site\/?p=14943"},"modified":"2017-01-23T19:31:45","modified_gmt":"2017-01-23T22:31:45","slug":"governador-empossa-sete-novos-secretarios-de-estado","status":"publish","type":"post","link":"https:\/\/blogdoeloiltoncajuhy.com.br\/site\/governador-empossa-sete-novos-secretarios-de-estado\/","title":{"rendered":"Governador empossa sete novos secret\u00e1rios de Estado"},"content":{"rendered":"<figure id=\"attachment_14944\" aria-describedby=\"caption-attachment-14944\" style=\"width: 600px\" class=\"wp-caption aligncenter\"><a href=\"https:\/\/i0.wp.com\/blogdoeloiltoncajuhy.com.br\/site\/wp-content\/uploads\/2017\/01\/posse-novos-secret%C3%A1rios1-e1485210595989.jpeg\"><img data-recalc-dims=\"1\" fetchpriority=\"high\" decoding=\"async\" class=\"wp-image-14944 size-full\" src=\"https:\/\/i0.wp.com\/blogdoeloiltoncajuhy.com.br\/site\/wp-content\/uploads\/2017\/01\/posse-novos-secret%C3%A1rios1-e1485210595989.jpeg?resize=600%2C399\" width=\"600\" height=\"399\" \/><\/a><figcaption id=\"caption-attachment-14944\" class=\"wp-caption-text\">Foto: Mateus Pereira\/GOVBA<\/figcaption><\/figure>\n<p>A equipe do Governo do Estado conta com sete novos secret\u00e1rios, empossados pelo governador Rui Costa nesta segunda-feira (23), em solenidade no audit\u00f3rio da Funda\u00e7\u00e3o Lu\u00eds Eduardo Magalh\u00e3es (Flem), no Centro Administrativo da Bahia (CAB), em Salvador. Jos\u00e9 Vivaldo Mendon\u00e7a assume a Secretaria de Ci\u00eancia, Tecnologia e Inova\u00e7\u00e3o (Secti); Jaques Wagner, de Desenvolvimento Econ\u00f4mico (SDE); Fernando Torres, de Desenvolvimento Urbano (Sedur); Ol\u00edvia Santana, do Trabalho, Emprego, Renda e Esporte (Setre); Carlos Martins, de Justi\u00e7a, Direitos Humanos e Desenvolvimento Social (JDHDS); Geraldo Reis, do Meio Ambiente (Sema); e Julieta Palmeira, de Pol\u00edticas para as Mulheres (SPM).<\/p>\n<p>Na ocasi\u00e3o, Rui indicou o crit\u00e9rio para a escolha dos secret\u00e1rios. &#8220;O equil\u00edbrio entre o t\u00e9cnico e alguma sensibilidade pol\u00edtica. \u00c9 isso que n\u00f3s buscamos. N\u00e3o interessa ter algu\u00e9m t\u00e9cnico que n\u00e3o tem sensibilidade do quanto aquilo impacta na melhoria na vida das pessoas. E tamb\u00e9m n\u00e3o adianta a pessoa apenas com perfil pol\u00edtico, que n\u00e3o saber\u00e1 executar aquilo que tem feito. A escolha partiu de quem tem conhecimento t\u00e9cnico, al\u00e9m de saber manter ou mudar uma equipe que j\u00e1 est\u00e1 em andamento. Os projetos s\u00e3o do Governo do Estado e n\u00e3o dos secret\u00e1rios&#8221;, afirmou.<\/p>\n<p>O governador destacou tamb\u00e9m que o planejamento do Estado foi feito para quatro anos. \u201cSem mudan\u00e7as radicais de rumo, os novos secret\u00e1rios t\u00eam duas semanas para definir as poss\u00edveis altera\u00e7\u00f5es de metas e objetivos, ao olhar de cada um. As secretarias est\u00e3o executando um programa de governo que foi registrado na Justi\u00e7a Eleitoral e n\u00f3s estamos cumprindo estes compromissos com a popula\u00e7\u00e3o\u201d.<\/p>\n<figure id=\"attachment_14945\" aria-describedby=\"caption-attachment-14945\" style=\"width: 600px\" class=\"wp-caption aligncenter\"><a href=\"https:\/\/i0.wp.com\/blogdoeloiltoncajuhy.com.br\/site\/wp-content\/uploads\/2017\/01\/posse-novos-secret%C3%A1rios2-e1485210668670.jpeg\"><img data-recalc-dims=\"1\" decoding=\"async\" class=\"wp-image-14945 size-full\" src=\"https:\/\/i0.wp.com\/blogdoeloiltoncajuhy.com.br\/site\/wp-content\/uploads\/2017\/01\/posse-novos-secret%C3%A1rios2-e1485210668670.jpeg?resize=600%2C399\" width=\"600\" height=\"399\" \/><\/a><figcaption id=\"caption-attachment-14945\" class=\"wp-caption-text\">Foto: Mateus Pereira\/GOVBA<\/figcaption><\/figure>\n<p><strong>Desenvolvimento econ\u00f4mico<\/strong><\/p>\n<p>O novo time gerou expectativas positivas, especialmente na \u00e1rea econ\u00f4mica. Presente na solenidade, o presidente da Federa\u00e7\u00e3o das Ind\u00fastrias da Bahia (Fieb), Ricardo Alban, comentou a ida de Jorge Hereda para a Bahiainvest e de Wagner para a SDE. &#8220;Temos agora dois amigos na linha direta, compromissados com aumento da produtividade, com o desenvolvimento econ\u00f4mico e social do estado. Vamos trabalhar juntos. As estrat\u00e9gias de governo t\u00eam sido um facilitador para vencer a crise. Sabemos das dificuldades fiscais que os estados enfrentam, as dificuldades que as empresas enfrentam, e o nosso trabalho \u00e9 tentar convergir para encontrar as solu\u00e7\u00f5es&#8221;.<\/p>\n<p>Neste momento de crise econ\u00f4mica, ressalta Jaques Wagner, o di\u00e1logo \u00e9 fundamental. &#8220;Precisamos ter intelig\u00eancia e criar as condi\u00e7\u00f5es para que novas empresas possam se instalar, para que as que j\u00e1 est\u00e3o aqui possam se desenvolver. Eu acho que \u00e9 importante estar aberto ao di\u00e1logo e o governador Rui Costa est\u00e1 muito determinado nessa gera\u00e7\u00e3o de emprego. Eu vou humildemente ajud\u00e1-lo a terminar este seu primeiro mandato\u201d.<\/p>\n<p><strong>Desenvolvimento social<\/strong><\/p>\n<p>De acordo com o coordenador do Movimento Social dos Povos Brasileiros, Vasco Aguzzoli, a Secretaria de Justi\u00e7a, Direitos Humanos e Desenvolvimento Social \u00e9 a chave para que as pol\u00edticas p\u00fablicas sejam efetivadas. \u201c\u00c9 preciso ter um di\u00e1logo direto com o n\u00facleo do governo, e o secret\u00e1rio Carlos Martins, com a percep\u00e7\u00e3o que ele tem da gest\u00e3o financeira, e a sensibilidade que tem para as quest\u00f5es sociais, vai dar uma levantada na secretaria. O secret\u00e1rio Geraldo Reis fez a parte dele, mas como o pr\u00f3prio governador falou, \u00e9 hora da oxigena\u00e7\u00e3o\u201d.<\/p>\n<p>Para Martins, a SJDHDS \u00e9 um novo desafio. \u201c\u00c9 uma secretaria complexa, que cuida n\u00e3o apenas da Justi\u00e7a, mas tamb\u00e9m dos Direitos Humanos. A nossa pauta \u00e9 continuar o trabalho j\u00e1 desenvolvido pelo secret\u00e1rio Geraldo Reis e tentar imprimir a nossa forma de ver as coisas. O di\u00e1logo com os movimentos sociais e o foco nas prioridades continuam sendo os mesmos\u201d.<\/p>\n<p><em>*Rep\u00f3rter: Raul Rodrigues \/ Secom-Ba<\/em><\/p>\n","protected":false},"excerpt":{"rendered":"<p>A equipe do Governo do Estado conta com sete novos secret\u00e1rios, empossados pelo governador Rui Costa nesta segunda-feira (23), em solenidade no audit\u00f3rio da Funda\u00e7\u00e3o Lu\u00eds Eduardo Magalh\u00e3es (Flem), no Centro Administrativo da Bahia (CAB), em Salvador. Jos\u00e9 Vivaldo Mendon\u00e7a assume a Secretaria de Ci\u00eancia, Tecnologia e Inova\u00e7\u00e3o (Secti); Jaques Wagner, de Desenvolvimento Econ\u00f4mico (SDE); [&hellip;]<\/p>\n","protected":false},"author":2,"featured_media":14945,"comment_status":"open","ping_status":"open","sticky":false,"template":"","format":"standard","meta":{"_acf_changed":false,"_monsterinsights_skip_tracking":false,"_monsterinsights_sitenote_active":false,"_monsterinsights_sitenote_note":"","_monsterinsights_sitenote_category":0,"_jetpack_memberships_contains_paid_content":false,"footnotes":"","jetpack_publicize_message":"","jetpack_publicize_feature_enabled":true,"jetpack_social_post_already_shared":true,"jetpack_social_options":{"image_generator_settings":{"template":"highway","default_image_id":0,"font":"","enabled":false},"version":2}},"categories":[1,3],"tags":[],"class_list":["post-14943","post","type-post","status-publish","format-standard","has-post-thumbnail","hentry","category-noticias","category-politica"],"acf":[],"jetpack_publicize_connections":[],"jetpack_featured_media_url":"https:\/\/i0.wp.com\/blogdoeloiltoncajuhy.com.br\/site\/wp-content\/uploads\/2017\/01\/posse-novos-secret%C3%A1rios2-e1485210668670.jpeg?fit=600%2C399&ssl=1","jetpack_sharing_enabled":true,"publishpress_future_workflow_manual_trigger":{"enabledWorkflows":[]},"_links":{"self":[{"href":"https:\/\/blogdoeloiltoncajuhy.com.br\/site\/wp-json\/wp\/v2\/posts\/14943","targetHints":{"allow":["GET"]}}],"collection":[{"href":"https:\/\/blogdoeloiltoncajuhy.com.br\/site\/wp-json\/wp\/v2\/posts"}],"about":[{"href":"https:\/\/blogdoeloiltoncajuhy.com.br\/site\/wp-json\/wp\/v2\/types\/post"}],"author":[{"embeddable":true,"href":"https:\/\/blogdoeloiltoncajuhy.com.br\/site\/wp-json\/wp\/v2\/users\/2"}],"replies":[{"embeddable":true,"href":"https:\/\/blogdoeloiltoncajuhy.com.br\/site\/wp-json\/wp\/v2\/comments?post=14943"}],"version-history":[{"count":1,"href":"https:\/\/blogdoeloiltoncajuhy.com.br\/site\/wp-json\/wp\/v2\/posts\/14943\/revisions"}],"predecessor-version":[{"id":14946,"href":"https:\/\/blogdoeloiltoncajuhy.com.br\/site\/wp-json\/wp\/v2\/posts\/14943\/revisions\/14946"}],"wp:featuredmedia":[{"embeddable":true,"href":"https:\/\/blogdoeloiltoncajuhy.com.br\/site\/wp-json\/wp\/v2\/media\/14945"}],"wp:attachment":[{"href":"https:\/\/blogdoeloiltoncajuhy.com.br\/site\/wp-json\/wp\/v2\/media?parent=14943"}],"wp:term":[{"taxonomy":"category","embeddable":true,"href":"https:\/\/blogdoeloiltoncajuhy.com.br\/site\/wp-json\/wp\/v2\/categories?post=14943"},{"taxonomy":"post_tag","embeddable":true,"href":"https:\/\/blogdoeloiltoncajuhy.com.br\/site\/wp-json\/wp\/v2\/tags?post=14943"}],"curies":[{"name":"wp","href":"https:\/\/api.w.org\/{rel}","templated":true}]}}