{"id":14936,"date":"2017-01-23T19:07:38","date_gmt":"2017-01-23T22:07:38","guid":{"rendered":"http:\/\/blogdoeloiltoncajuhy.com.br\/site\/?p=14936"},"modified":"2017-01-23T19:07:38","modified_gmt":"2017-01-23T22:07:38","slug":"homem-preso-por-homicidio-e-menor-apreendido-por-porte-de-drogas-sao-algumas-das-ocorrencias-do-fim-de-semana","status":"publish","type":"post","link":"https:\/\/blogdoeloiltoncajuhy.com.br\/site\/homem-preso-por-homicidio-e-menor-apreendido-por-porte-de-drogas-sao-algumas-das-ocorrencias-do-fim-de-semana\/","title":{"rendered":"Homem preso por homic\u00eddio e menor apreendido por porte de drogas s\u00e3o algumas das ocorr\u00eancias do fim de semana"},"content":{"rendered":"<p><strong><a href=\"https:\/\/i0.wp.com\/blogdoeloiltoncajuhy.com.br\/site\/wp-content\/uploads\/2017\/01\/6-BPM.jpg\"><img data-recalc-dims=\"1\" fetchpriority=\"high\" decoding=\"async\" class=\"aligncenter size-full wp-image-14937\" src=\"https:\/\/i0.wp.com\/blogdoeloiltoncajuhy.com.br\/site\/wp-content\/uploads\/2017\/01\/6-BPM.jpg?resize=400%2C237\" alt=\"\" width=\"400\" height=\"237\" srcset=\"https:\/\/i0.wp.com\/blogdoeloiltoncajuhy.com.br\/site\/wp-content\/uploads\/2017\/01\/6-BPM.jpg?w=400&amp;ssl=1 400w, https:\/\/i0.wp.com\/blogdoeloiltoncajuhy.com.br\/site\/wp-content\/uploads\/2017\/01\/6-BPM.jpg?resize=300%2C178&amp;ssl=1 300w, https:\/\/i0.wp.com\/blogdoeloiltoncajuhy.com.br\/site\/wp-content\/uploads\/2017\/01\/6-BPM.jpg?resize=250%2C148&amp;ssl=1 250w\" sizes=\"(max-width: 400px) 100vw, 400px\" \/><\/a>6\u00ba BPM APRESENTA HOMEM \u00c0 DELEGACIA POR HOMIC\u00cdDIO<\/strong><\/p>\n<p>Policiais do Pelot\u00e3o de Queimadas apresentaram \u00e0 Delegacia, um homem por homic\u00eddio. Foi por volta das 16 horas da \u00faltima sexta-feira (20), que a pol\u00edcia foi informada por populares que na Avenida Paulista, em um Curtume abandonado, havia um homem pendurado em uma corda, com sinais de enforcamento.<\/p>\n<p>Ao chegarem ao local, os policiais encontraram o corpo pendurado, j\u00e1 sem vida, de um adolescente, de 17 anos, os policiais. Ainda no local, populares informaram\u00a0que o autor do crime teria sido um homem, de 19 anos, o qual foi localizado, ap\u00f3s realiza\u00e7\u00e3o de diligencias.<\/p>\n<p>Os policiais apresentaram o acusado na Delegacia de Policia Civil onde foi lavrado um Termo de Pris\u00e3o em Flagrante Delito.<\/p>\n<p><strong>6\u00ba BPM APRESENTA MENOR \u00c0 DELEGACIA POR POSSE DE ENTORPECENTE<\/strong><\/p>\n<p>Por volta das 16h50, ainda de sexta-feira, policiais da 1\u00aa Companhia, quando faziam ronda pelo bairro do Derba, encontraram, em atitude suspeita, dois menores, um de 14 anos e outro de 17 anos. Ao abordar os adolescentes, a pol\u00edcia encontrou, na mochila do menor de 14 anos, uma pequena quantidade (cerca de 50 gramas) de maconha.<\/p>\n<p>Os policiais apresentaram o menor e o material apreendido na Delegacia de Policia Civil para a ado\u00e7\u00e3o das medidas cab\u00edveis.<\/p>\n<p><strong>6\u00ba BPM CONDUZ TRIO \u00c0 DELEGACIA POR AGRESS\u00c3O F\u00cdSICA<\/strong><\/p>\n<p>Policiais das Rondas Ostensivas com Apoio de Motocicletas &#8211; ROCAM, apoiados por policiais da 1\u00aa Companhia\/Sr. do Bonfim, na noite de sexta-feira, apresentaram \u00e0 Delegacia, dois homens e uma mulher por agress\u00e3o f\u00edsica.<\/p>\n<p>Por volta das 19h30, policiais da ROCAM e 1\u00aa Companhia, conduziram \u00e0 Delegacia dois homens, um de 40 anos e outro de 20 anos, e uma mulher, de 49 anos, por terem agredido fisicamente, uma mulher, de 38 anos, o fato aconteceu no bairro Barbosa Santos, ap\u00f3s desentendimento do trio com a v\u00edtima.<\/p>\n<p>Os policiais apresentaram os acusados e a v\u00edtima na Delegacia de Policia Civil onde foi lavrado um Termo Circunstanciado de Ocorr\u00eancia.<\/p>\n<p><strong>6\u00ba BPM APRESENTA HOMENS \u00c0 DELEGACIA POR POSSE DE ENTORPECENTE<\/strong><\/p>\n<p>Policiais da 5\u00aa Companhia\/Filad\u00e9lfia, na tarde de s\u00e1bado (21), apresentaram \u00e0 Delegacia, dois homens por posse de entorpecente.<\/p>\n<p>Por volta das 12h05, policiais da 5\u00aa Companhia, durante a realiza\u00e7\u00e3o de ronda pelo centro da cidade, encontraram dois homens em atitude suspeita, sendo um de 28 anos e outro de 24 anos. Ao abordarem os suspeitos, encontraram com os eles\u00a0uma pequena quantidade de maconha.<\/p>\n<p>Os policiais apresentaram os homens e o material apreendido na Delegacia de Policia Civil para a ado\u00e7\u00e3o das medidas pertinentes.<\/p>\n<p><strong>6\u00ba BPM APRESENTA MULHER \u00c0 DELEGACIA POR LES\u00c3O CORPORAL<\/strong><\/p>\n<p>Policiais da Companhia de Emprego T\u00e1tico Operacional &#8211; CETO, na manh\u00e3 deste domingo (22), apresentaram \u00e0 Delegacia, uma mulher por les\u00e3o corporal.<\/p>\n<p>Por volta das 7 horas, policiais da CETO, foram acionados pelo CICOM, a fim de averiguarem uma ocorr\u00eancia de agress\u00e3o f\u00edsica, no bairro Santa Helena. Ao chegarem no local, os policiais encontraram um homem, de 28 anos, com ferimentos no bra\u00e7o esquerdo, provocados por arma branca. Segunda a v\u00edtima, a autora das les\u00f5es foi sua esposa, uma mulher de 38 anos que, al\u00e9m de lhe ferir fisicamente, tamb\u00e9m danificou o seu ve\u00edculo.<\/p>\n<p>Os policiais apresentaram a acusada e a v\u00edtima na Delegacia de Policia Civil para a ado\u00e7\u00e3o das medidas cab\u00edveis.<\/p>\n<p><strong>6\u00ba BPM PRENDE HOMEM POR TR\u00c1FICO DE ENTORPECENTE<\/strong><\/p>\n<p>Por volta das 11 horas, policiais da 5\u00aa Companhia, faziam ronda pelo bairro Novo, em Filad\u00e9lfia, quando avistaram dois homens, um de 19 anos e outro de 18 anos, em atitude suspeita. Ao abordarem a dupla, encontraram com o homem de 19 anos, trouxinhas de maconha e R$ 106,00.<\/p>\n<p>Os policiais apresentaram os acusados e o material apreendido na Delegacia de Policia Civil onde foi lavrado um Termo de Pris\u00e3o em Flagrante Delito.<\/p>\n<p><strong>6\u00ba BPM CONDUZ HOMEM POR PERTURBA\u00c7\u00c3O DO SOSSEGO ALHEIO E AMEA\u00c7A<\/strong><\/p>\n<p>Por volta de 0h05 desta segunda-feira (23), policiais da 1\u00aa Companhia, ap\u00f3s serem acionados pelo CICOM, a fim de verificarem uma ocorr\u00eancia de perturba\u00e7\u00e3o do sossego alheio, no bairro Santos Dumont, conduziram \u00e0 Delegacia um homem, de 34 anos, que, al\u00e9m de estar perturbando o sossego da vizinhan\u00e7a, ouvindo som a toda altura, amea\u00e7ou com uma faca uma das vizinhas que reclamou do som muito alto.<\/p>\n<p>Os policiais conduziram o acusado e a v\u00edtima para a Delegacia de Policia Civil para a ado\u00e7\u00e3o das medidas cab\u00edveis.<\/p>\n<p><em>*BLOG DO ELOILTON CAJUHY &#8211; Com informa\u00e7\u00f5es do 6\u00ba BPM\/Senhor do Bonfim<\/em><\/p>\n","protected":false},"excerpt":{"rendered":"<p>6\u00ba BPM APRESENTA HOMEM \u00c0 DELEGACIA POR HOMIC\u00cdDIO Policiais do Pelot\u00e3o de Queimadas apresentaram \u00e0 Delegacia, um homem por homic\u00eddio. Foi por volta das 16 horas da \u00faltima sexta-feira (20), que a pol\u00edcia foi informada por populares que na Avenida Paulista, em um Curtume abandonado, havia um homem pendurado em uma corda, com sinais de [&hellip;]<\/p>\n","protected":false},"author":2,"featured_media":14937,"comment_status":"open","ping_status":"open","sticky":false,"template":"","format":"standard","meta":{"_acf_changed":false,"_monsterinsights_skip_tracking":false,"_monsterinsights_sitenote_active":false,"_monsterinsights_sitenote_note":"","_monsterinsights_sitenote_category":0,"_jetpack_memberships_contains_paid_content":false,"footnotes":"","jetpack_publicize_message":"","jetpack_publicize_feature_enabled":true,"jetpack_social_post_already_shared":true,"jetpack_social_options":{"image_generator_settings":{"template":"highway","default_image_id":0,"font":"","enabled":false},"version":2}},"categories":[5,1,4],"tags":[],"class_list":["post-14936","post","type-post","status-publish","format-standard","has-post-thumbnail","hentry","category-cotidiano","category-noticias","category-local"],"acf":[],"jetpack_publicize_connections":[],"jetpack_featured_media_url":"https:\/\/i0.wp.com\/blogdoeloiltoncajuhy.com.br\/site\/wp-content\/uploads\/2017\/01\/6-BPM.jpg?fit=400%2C237&ssl=1","jetpack_sharing_enabled":true,"publishpress_future_workflow_manual_trigger":{"enabledWorkflows":[]},"_links":{"self":[{"href":"https:\/\/blogdoeloiltoncajuhy.com.br\/site\/wp-json\/wp\/v2\/posts\/14936","targetHints":{"allow":["GET"]}}],"collection":[{"href":"https:\/\/blogdoeloiltoncajuhy.com.br\/site\/wp-json\/wp\/v2\/posts"}],"about":[{"href":"https:\/\/blogdoeloiltoncajuhy.com.br\/site\/wp-json\/wp\/v2\/types\/post"}],"author":[{"embeddable":true,"href":"https:\/\/blogdoeloiltoncajuhy.com.br\/site\/wp-json\/wp\/v2\/users\/2"}],"replies":[{"embeddable":true,"href":"https:\/\/blogdoeloiltoncajuhy.com.br\/site\/wp-json\/wp\/v2\/comments?post=14936"}],"version-history":[{"count":1,"href":"https:\/\/blogdoeloiltoncajuhy.com.br\/site\/wp-json\/wp\/v2\/posts\/14936\/revisions"}],"predecessor-version":[{"id":14938,"href":"https:\/\/blogdoeloiltoncajuhy.com.br\/site\/wp-json\/wp\/v2\/posts\/14936\/revisions\/14938"}],"wp:featuredmedia":[{"embeddable":true,"href":"https:\/\/blogdoeloiltoncajuhy.com.br\/site\/wp-json\/wp\/v2\/media\/14937"}],"wp:attachment":[{"href":"https:\/\/blogdoeloiltoncajuhy.com.br\/site\/wp-json\/wp\/v2\/media?parent=14936"}],"wp:term":[{"taxonomy":"category","embeddable":true,"href":"https:\/\/blogdoeloiltoncajuhy.com.br\/site\/wp-json\/wp\/v2\/categories?post=14936"},{"taxonomy":"post_tag","embeddable":true,"href":"https:\/\/blogdoeloiltoncajuhy.com.br\/site\/wp-json\/wp\/v2\/tags?post=14936"}],"curies":[{"name":"wp","href":"https:\/\/api.w.org\/{rel}","templated":true}]}}