{"id":14927,"date":"2017-01-23T09:17:58","date_gmt":"2017-01-23T12:17:58","guid":{"rendered":"http:\/\/blogdoeloiltoncajuhy.com.br\/site\/?p=14927"},"modified":"2017-01-23T09:17:58","modified_gmt":"2017-01-23T12:17:58","slug":"secretaria-de-educacao-de-senhor-do-bonfim-realiza-campanha-de-matriculas-2017-no-distrito-de-igara","status":"publish","type":"post","link":"https:\/\/blogdoeloiltoncajuhy.com.br\/site\/secretaria-de-educacao-de-senhor-do-bonfim-realiza-campanha-de-matriculas-2017-no-distrito-de-igara\/","title":{"rendered":"Secretaria de Educa\u00e7\u00e3o de Senhor do Bonfim realiza campanha de Matriculas 2017 no distrito de Igara"},"content":{"rendered":"<p><a href=\"https:\/\/i0.wp.com\/blogdoeloiltoncajuhy.com.br\/site\/wp-content\/uploads\/2017\/01\/edu-site-02-e1485173829846.jpg\"><img data-recalc-dims=\"1\" fetchpriority=\"high\" decoding=\"async\" class=\"aligncenter size-full wp-image-14929\" src=\"https:\/\/i0.wp.com\/blogdoeloiltoncajuhy.com.br\/site\/wp-content\/uploads\/2017\/01\/edu-site-02-e1485173829846.jpg?resize=560%2C420\" alt=\"\" width=\"560\" height=\"420\" \/><\/a>Aconteceu neste domingo (22), no distrito de Igara, mais uma a\u00e7\u00e3o de divulga\u00e7\u00e3o da campanha de matricula 2017 da rede municipal de ensino. Com o slogan \u201cVem, traz mais um! A escola municipal est\u00e1 mudando pra melhor\u201d, membros da Secretaria de Educa\u00e7\u00e3o &#8211; SEMED, montaram um stand na feira livre onde disponibilizaram jogos educativos e distribu\u00edram panfletos informativos. A a\u00e7\u00e3o realizada em todo o munic\u00edpio tem como objetivo informar sobre os procedimentos de matr\u00edcula e resgatar a participa\u00e7\u00e3o do alunado nas escolas municipais.<\/p>\n<p>A Secretaria de Educa\u00e7\u00e3o informa a popula\u00e7\u00e3o bonfinense que as matr\u00edculas da Educa\u00e7\u00e3o Infantil ao Ensino Fundamental II e programa de ensino Educa\u00e7\u00e3o de Jovens e Adultos &#8211; EJA, encontram-se abertas. No ato da matricula s\u00e3o necess\u00e1rios os seguintes documentos: certid\u00e3o de nascimento ou carteira de identidade do aluno, documento do respons\u00e1vel (CPF ou identidade), comprovante de resid\u00eancia, 02 fotos 3&#215;4, xerox do cart\u00e3o do Bolsa Fam\u00edlia, cart\u00e3o de vacina e transfer\u00eancia ou declara\u00e7\u00e3o.<\/p>\n<p><a href=\"https:\/\/i0.wp.com\/blogdoeloiltoncajuhy.com.br\/site\/wp-content\/uploads\/2017\/01\/edu-site-01-e1485173866120.jpg\"><img data-recalc-dims=\"1\" decoding=\"async\" class=\"aligncenter size-full wp-image-14928\" src=\"https:\/\/i0.wp.com\/blogdoeloiltoncajuhy.com.br\/site\/wp-content\/uploads\/2017\/01\/edu-site-01-e1485173866120.jpg?resize=560%2C420\" alt=\"\" width=\"560\" height=\"420\" \/><\/a>As matr\u00edculas devem ser realizadas preferencialmente nas escolas mais pr\u00f3ximas das resid\u00eancias dos alunos, nos turnos matutino, vespertino e noturno (no caso do EJA).\u00a0A Educa\u00e7\u00e3o de Jovens e Adultos &#8211; EJA, \u00e9 uma modalidade de ensino, que perpassa todos os n\u00edveis da Educa\u00e7\u00e3o B\u00e1sica do pa\u00eds. Essa modalidade \u00e9 destinada a jovens e adultos que n\u00e3o deram continuidade em seus estudos e para aqueles que n\u00e3o tiveram o acesso ao Ensino Fundamental e\/ou M\u00e9dio na idade apropriada.<\/p>\n<p>O EJA \u00e9 o novo nome do antigo supletivo, que quer garantir que os rec\u00e9m-alfabetizados n\u00e3o voltem a ser analfabetos. S\u00e3o pessoas que, geralmente, fracassaram no sistema escolar, j\u00e1 com hist\u00f3rias de vida, com conhecimentos pr\u00f3prios e que t\u00eam pressa para aprender.<\/p>\n<p>Estiveram presentes a Secret\u00e1ria de Educa\u00e7\u00e3o, Cristiane Maia, o Secret\u00e1rio de Infraestrutura e Meio Ambiente, Ivan Barbosa, o Vereador Mimo de Igara, al\u00e9m de coordenadores, diretores e professores.<\/p>\n<p><em>*Ascom Prefeitura Municipal de Senhor do Bonfim<\/em><\/p>\n","protected":false},"excerpt":{"rendered":"<p>Aconteceu neste domingo (22), no distrito de Igara, mais uma a\u00e7\u00e3o de divulga\u00e7\u00e3o da campanha de matricula 2017 da rede municipal de ensino. Com o slogan \u201cVem, traz mais um! A escola municipal est\u00e1 mudando pra melhor\u201d, membros da Secretaria de Educa\u00e7\u00e3o &#8211; SEMED, montaram um stand na feira livre onde disponibilizaram jogos educativos e [&hellip;]<\/p>\n","protected":false},"author":2,"featured_media":14929,"comment_status":"open","ping_status":"open","sticky":false,"template":"","format":"standard","meta":{"_acf_changed":false,"_monsterinsights_skip_tracking":false,"_monsterinsights_sitenote_active":false,"_monsterinsights_sitenote_note":"","_monsterinsights_sitenote_category":0,"_jetpack_memberships_contains_paid_content":false,"footnotes":"","jetpack_publicize_message":"","jetpack_publicize_feature_enabled":true,"jetpack_social_post_already_shared":true,"jetpack_social_options":{"image_generator_settings":{"template":"highway","default_image_id":0,"font":"","enabled":false},"version":2}},"categories":[14,1,4],"tags":[],"class_list":["post-14927","post","type-post","status-publish","format-standard","has-post-thumbnail","hentry","category-educacao","category-noticias","category-local"],"acf":[],"jetpack_publicize_connections":[],"jetpack_featured_media_url":"https:\/\/i0.wp.com\/blogdoeloiltoncajuhy.com.br\/site\/wp-content\/uploads\/2017\/01\/edu-site-02-e1485173829846.jpg?fit=560%2C420&ssl=1","jetpack_sharing_enabled":true,"publishpress_future_workflow_manual_trigger":{"enabledWorkflows":[]},"_links":{"self":[{"href":"https:\/\/blogdoeloiltoncajuhy.com.br\/site\/wp-json\/wp\/v2\/posts\/14927","targetHints":{"allow":["GET"]}}],"collection":[{"href":"https:\/\/blogdoeloiltoncajuhy.com.br\/site\/wp-json\/wp\/v2\/posts"}],"about":[{"href":"https:\/\/blogdoeloiltoncajuhy.com.br\/site\/wp-json\/wp\/v2\/types\/post"}],"author":[{"embeddable":true,"href":"https:\/\/blogdoeloiltoncajuhy.com.br\/site\/wp-json\/wp\/v2\/users\/2"}],"replies":[{"embeddable":true,"href":"https:\/\/blogdoeloiltoncajuhy.com.br\/site\/wp-json\/wp\/v2\/comments?post=14927"}],"version-history":[{"count":1,"href":"https:\/\/blogdoeloiltoncajuhy.com.br\/site\/wp-json\/wp\/v2\/posts\/14927\/revisions"}],"predecessor-version":[{"id":14930,"href":"https:\/\/blogdoeloiltoncajuhy.com.br\/site\/wp-json\/wp\/v2\/posts\/14927\/revisions\/14930"}],"wp:featuredmedia":[{"embeddable":true,"href":"https:\/\/blogdoeloiltoncajuhy.com.br\/site\/wp-json\/wp\/v2\/media\/14929"}],"wp:attachment":[{"href":"https:\/\/blogdoeloiltoncajuhy.com.br\/site\/wp-json\/wp\/v2\/media?parent=14927"}],"wp:term":[{"taxonomy":"category","embeddable":true,"href":"https:\/\/blogdoeloiltoncajuhy.com.br\/site\/wp-json\/wp\/v2\/categories?post=14927"},{"taxonomy":"post_tag","embeddable":true,"href":"https:\/\/blogdoeloiltoncajuhy.com.br\/site\/wp-json\/wp\/v2\/tags?post=14927"}],"curies":[{"name":"wp","href":"https:\/\/api.w.org\/{rel}","templated":true}]}}