{"id":14924,"date":"2017-01-23T09:10:25","date_gmt":"2017-01-23T12:10:25","guid":{"rendered":"http:\/\/blogdoeloiltoncajuhy.com.br\/site\/?p=14924"},"modified":"2017-01-23T09:10:25","modified_gmt":"2017-01-23T12:10:25","slug":"gente-que-fez-historia-ha-76-anos-nascia-joao-ubaldo-ribeiro","status":"publish","type":"post","link":"https:\/\/blogdoeloiltoncajuhy.com.br\/site\/gente-que-fez-historia-ha-76-anos-nascia-joao-ubaldo-ribeiro\/","title":{"rendered":"GENTE QUE FEZ HIST\u00d3RIA: H\u00e1 76 anos nascia Jo\u00e3o Ubaldo Ribeiro"},"content":{"rendered":"<p><strong>Jo\u00e3o Ubaldo Os\u00f3rio Pimentel Ribeiro<\/strong>\u00a0nasceu em Itaparica, BA, em 23 de janeiro de 1941. Foi escritor, jornalista, cronista, roteirista e professor, formado em direito e membro da Academia Brasileira de Letras.<\/p>\n<figure id=\"attachment_14925\" aria-describedby=\"caption-attachment-14925\" style=\"width: 550px\" class=\"wp-caption aligncenter\"><a href=\"https:\/\/i0.wp.com\/blogdoeloiltoncajuhy.com.br\/site\/wp-content\/uploads\/2017\/01\/jo%C3%A3o-ubaldo_2017-e1485173383395.jpg\"><img data-recalc-dims=\"1\" fetchpriority=\"high\" decoding=\"async\" class=\"wp-image-14925 size-full\" src=\"https:\/\/i0.wp.com\/blogdoeloiltoncajuhy.com.br\/site\/wp-content\/uploads\/2017\/01\/jo%C3%A3o-ubaldo_2017-e1485173383395.jpg?resize=550%2C239\" width=\"550\" height=\"239\" \/><\/a><figcaption id=\"caption-attachment-14925\" class=\"wp-caption-text\">Foto: M\u00f4nica Imbuzeiro (Ag\u00eancia O Globo)<\/figcaption><\/figure>\n<p>Foi ganhador do Pr\u00eamio Cam\u00f5es de 2008, maior premia\u00e7\u00e3o para autores de l\u00edngua portuguesa. Ubaldo Ribeiro teve algumas obras adaptadas para a televis\u00e3o e para o cinema, al\u00e9m de ter sido distinguido em outros pa\u00edses, como a Alemanha.<\/p>\n<p>\u00c9 autor de romances como <em>Sargento Get\u00falio<\/em>, <em>O Sorriso do Lagarto<\/em>, <em>A Casa dos Budas Ditosos<\/em>, que causou pol\u00eamica e ficou proibido em alguns estabelecimentos, e <em>Viva o Povo Brasileiro<\/em>, tendo sido, esse \u00faltimo, destacado como samba-enredo pela escola de samba Imp\u00e9rio da Tijuca, no Carnaval de 1987.<\/p>\n<p>Jo\u00e3o teve v\u00e1rias de suas obras adaptadas para o cinema e para a televis\u00e3o, tendo, inclusive, participado no processo de cria\u00e7\u00e3o delas:<\/p>\n<p>-Seu livro Sargento Get\u00falio tornou-se um filme premiado em 1983, dirigido por Hermano Penna e protagonizado por Lima Duarte (Sargento Get\u00falio &#8211; filme;<\/p>\n<p>-Quando voltou a residir no Rio de Janeiro em 1991, voltando do exterior, seu romance O sorriso do lagarto foi adaptado para uma miniss\u00e9rie na Rede Globo, tendo como protagonistas os atores Tony Ramos, Mait\u00ea Proen\u00e7a e Jos\u00e9 Lewgoy;<\/p>\n<p>-Em 1993 adaptou O santo que n\u00e3o acreditava em Deus para a s\u00e9rie Caso Especial, da Rede Globo, que teve Lima Duarte no papel principal;<\/p>\n<p>-Em 1997, ano em que foi internado devido \u00e0s dores de cabe\u00e7a, o cineasta Cac\u00e1 Diegues comprou os direitos de filmagem do livro J\u00e1 podeis da p\u00e1tria filhos, embora o filme n\u00e3o tenha sido produzido;<\/p>\n<p>-Em 1998, vendeu os direitos autorais de Viva o povo brasileiro para o cineasta Andr\u00e9 Luis Oliveira;<br \/>\nNo ano seguinte, juntamente com Cac\u00e1 Diegues, escreveu o roteiro de Deus \u00e9 Brasileiro, em cima de seu conto O santo que n\u00e3o acreditava em Deus.<\/p>\n<p>Jo\u00e3o Ubaldo Ribeiro morreu na madrugada do dia 18 de julho de 2014 em sua casa, no bairro do Leblon, na cidade do Rio de Janeiro. Ubaldo sofreu uma embolia pulmonar.<\/p>\n<p><em>*Wikip\u00e9dia<\/em><\/p>\n","protected":false},"excerpt":{"rendered":"<p>Jo\u00e3o Ubaldo Os\u00f3rio Pimentel Ribeiro\u00a0nasceu em Itaparica, BA, em 23 de janeiro de 1941. Foi escritor, jornalista, cronista, roteirista e professor, formado em direito e membro da Academia Brasileira de Letras. Foi ganhador do Pr\u00eamio Cam\u00f5es de 2008, maior premia\u00e7\u00e3o para autores de l\u00edngua portuguesa. Ubaldo Ribeiro teve algumas obras adaptadas para a televis\u00e3o e [&hellip;]<\/p>\n","protected":false},"author":2,"featured_media":14925,"comment_status":"open","ping_status":"open","sticky":false,"template":"","format":"standard","meta":{"_acf_changed":false,"_monsterinsights_skip_tracking":false,"_monsterinsights_sitenote_active":false,"_monsterinsights_sitenote_note":"","_monsterinsights_sitenote_category":0,"_jetpack_memberships_contains_paid_content":false,"footnotes":"","jetpack_publicize_message":"","jetpack_publicize_feature_enabled":true,"jetpack_social_post_already_shared":true,"jetpack_social_options":{"image_generator_settings":{"template":"highway","default_image_id":0,"font":"","enabled":false},"version":2}},"categories":[8,12,1],"tags":[],"class_list":["post-14924","post","type-post","status-publish","format-standard","has-post-thumbnail","hentry","category-cultura","category-gente-que-faz-a-nossa-historia","category-noticias"],"acf":[],"jetpack_publicize_connections":[],"jetpack_featured_media_url":"https:\/\/i0.wp.com\/blogdoeloiltoncajuhy.com.br\/site\/wp-content\/uploads\/2017\/01\/jo%C3%A3o-ubaldo_2017-e1485173383395.jpg?fit=550%2C239&ssl=1","jetpack_sharing_enabled":true,"publishpress_future_workflow_manual_trigger":{"enabledWorkflows":[]},"_links":{"self":[{"href":"https:\/\/blogdoeloiltoncajuhy.com.br\/site\/wp-json\/wp\/v2\/posts\/14924","targetHints":{"allow":["GET"]}}],"collection":[{"href":"https:\/\/blogdoeloiltoncajuhy.com.br\/site\/wp-json\/wp\/v2\/posts"}],"about":[{"href":"https:\/\/blogdoeloiltoncajuhy.com.br\/site\/wp-json\/wp\/v2\/types\/post"}],"author":[{"embeddable":true,"href":"https:\/\/blogdoeloiltoncajuhy.com.br\/site\/wp-json\/wp\/v2\/users\/2"}],"replies":[{"embeddable":true,"href":"https:\/\/blogdoeloiltoncajuhy.com.br\/site\/wp-json\/wp\/v2\/comments?post=14924"}],"version-history":[{"count":1,"href":"https:\/\/blogdoeloiltoncajuhy.com.br\/site\/wp-json\/wp\/v2\/posts\/14924\/revisions"}],"predecessor-version":[{"id":14926,"href":"https:\/\/blogdoeloiltoncajuhy.com.br\/site\/wp-json\/wp\/v2\/posts\/14924\/revisions\/14926"}],"wp:featuredmedia":[{"embeddable":true,"href":"https:\/\/blogdoeloiltoncajuhy.com.br\/site\/wp-json\/wp\/v2\/media\/14925"}],"wp:attachment":[{"href":"https:\/\/blogdoeloiltoncajuhy.com.br\/site\/wp-json\/wp\/v2\/media?parent=14924"}],"wp:term":[{"taxonomy":"category","embeddable":true,"href":"https:\/\/blogdoeloiltoncajuhy.com.br\/site\/wp-json\/wp\/v2\/categories?post=14924"},{"taxonomy":"post_tag","embeddable":true,"href":"https:\/\/blogdoeloiltoncajuhy.com.br\/site\/wp-json\/wp\/v2\/tags?post=14924"}],"curies":[{"name":"wp","href":"https:\/\/api.w.org\/{rel}","templated":true}]}}