{"id":14914,"date":"2017-01-22T10:54:53","date_gmt":"2017-01-22T13:54:53","guid":{"rendered":"http:\/\/blogdoeloiltoncajuhy.com.br\/site\/?p=14914"},"modified":"2017-01-22T10:56:16","modified_gmt":"2017-01-22T13:56:16","slug":"educacao-inscricoes-para-o-sisu-comecam-na-terca-feira-consulta-ja-pode-ser-feita-no-site","status":"publish","type":"post","link":"https:\/\/blogdoeloiltoncajuhy.com.br\/site\/educacao-inscricoes-para-o-sisu-comecam-na-terca-feira-consulta-ja-pode-ser-feita-no-site\/","title":{"rendered":"EDUCA\u00c7\u00c3O: Inscri\u00e7\u00f5es para o Sisu come\u00e7am na ter\u00e7a-feira; consulta j\u00e1 pode ser feita no site"},"content":{"rendered":"<p style=\"text-align: center;\"><em><strong>A consulta pode ser feita no site do Sisu por curso, institui\u00e7\u00e3o e munic\u00edpio<\/strong><\/em><\/p>\n<figure id=\"attachment_14915\" aria-describedby=\"caption-attachment-14915\" style=\"width: 580px\" class=\"wp-caption aligncenter\"><a href=\"https:\/\/i0.wp.com\/blogdoeloiltoncajuhy.com.br\/site\/wp-content\/uploads\/2017\/01\/arquivoalunos1.jpg\"><img data-recalc-dims=\"1\" fetchpriority=\"high\" decoding=\"async\" class=\"wp-image-14915 size-full\" src=\"https:\/\/i0.wp.com\/blogdoeloiltoncajuhy.com.br\/site\/wp-content\/uploads\/2017\/01\/arquivoalunos1.jpg?resize=580%2C388\" width=\"580\" height=\"388\" srcset=\"https:\/\/i0.wp.com\/blogdoeloiltoncajuhy.com.br\/site\/wp-content\/uploads\/2017\/01\/arquivoalunos1.jpg?w=580&amp;ssl=1 580w, https:\/\/i0.wp.com\/blogdoeloiltoncajuhy.com.br\/site\/wp-content\/uploads\/2017\/01\/arquivoalunos1.jpg?resize=300%2C201&amp;ssl=1 300w, https:\/\/i0.wp.com\/blogdoeloiltoncajuhy.com.br\/site\/wp-content\/uploads\/2017\/01\/arquivoalunos1.jpg?resize=250%2C167&amp;ssl=1 250w\" sizes=\"(max-width: 580px) 100vw, 580px\" \/><\/a><figcaption id=\"caption-attachment-14915\" class=\"wp-caption-text\">O Sisu seleciona os estudantes com base na nota no Exame Nacional do Ensino M\u00e9dio (Enem) (Foto: Arquivo\/Ag\u00eancia Brasil)<\/figcaption><\/figure>\n<p style=\"text-align: left;\">As inscri\u00e7\u00f5es para o Sistema de Sele\u00e7\u00e3o Unificada (Sisu) come\u00e7am esta semana, do dia 24 ao dia 27 de janeiro. As <span style=\"color: #ff0000;\"><strong><a style=\"color: #ff0000;\" href=\"http:\/\/sisu.mec.gov.br\/\" target=\"_blank\">vagas j\u00e1 est\u00e3o dispon\u00edveis<\/a><\/strong><\/span> e os estudantes podem aproveitar o final de semana para pesquisar as melhores op\u00e7\u00f5es.<\/p>\n<p>A consulta pode ser feita no site do Sisu por curso, institui\u00e7\u00e3o e munic\u00edpio. Ao todo, s\u00e3o 238.397 vagas e 131 institui\u00e7\u00f5es p\u00fablicas.\u00a0O Sisu seleciona os estudantes com base na nota no Exame Nacional do Ensino M\u00e9dio (Enem). Cabe a cada institui\u00e7\u00e3o definir o c\u00e1lculo que utilizar\u00e1 para a sele\u00e7\u00e3o dos novos alunos. Para participar do processo, o estudante n\u00e3o pode ter tirado nota zero na reda\u00e7\u00e3o do exame. Ao todo, mais de 6,1 milh\u00f5es fizeram o Enem em 2016.<\/p>\n<p><strong>Nota de corte<\/strong><\/p>\n<p>Ap\u00f3s a abertura das inscri\u00e7\u00f5es, uma vez por dia, s\u00e3o divulgadas ao notas de corte de cada um dos cursos, tanto pelo sistema universal quanto pelo sistema de cotas.<\/p>\n<p>O candidato tamb\u00e9m pode consultar, em seu boletim, a sua classifica\u00e7\u00e3o parcial na op\u00e7\u00e3o de curso escolhido. Ao final do per\u00edodo de inscri\u00e7\u00e3o, \u00e9 divulgada a lista de selecionados. No boletim de acompanhamento, o candidato pode consultar sua classifica\u00e7\u00e3o e o resultado final. Ao longo do per\u00edodo de inscri\u00e7\u00e3o, o candidato pode mudar as op\u00e7\u00f5es de curso.<\/p>\n<p>O Minist\u00e9rio da Educa\u00e7\u00e3o (MEC) ressalta que tanto a classifica\u00e7\u00e3o parcial quanto a nota de corte s\u00e3o calculadas a partir das notas dos candidatos inscritos na mesma op\u00e7\u00e3o. Portanto, s\u00e3o apenas uma refer\u00eancia, n\u00e3o sendo garantia de sele\u00e7\u00e3o para a vaga ofertada.<\/p>\n<p>O resultado ser\u00e1 divulgado no dia 30. O per\u00edodo de matr\u00edcula ser\u00e1 de 3 a 7 de fevereiro. Os candidatos que n\u00e3o forem selecionados na chamada regular para as vagas poder\u00e3o participar da lista de espera, entre 30 de janeiro e 10 de fevereiro. Esses candidatos ser\u00e3o convocados a partir do dia 16 de fevereiro, caso haja vagas remanescentes.<\/p>\n<p><em>*Ag\u00eancia Brasil<\/em><\/p>\n","protected":false},"excerpt":{"rendered":"<p>A consulta pode ser feita no site do Sisu por curso, institui\u00e7\u00e3o e munic\u00edpio As inscri\u00e7\u00f5es para o Sistema de Sele\u00e7\u00e3o Unificada (Sisu) come\u00e7am esta semana, do dia 24 ao dia 27 de janeiro. As vagas j\u00e1 est\u00e3o dispon\u00edveis e os estudantes podem aproveitar o final de semana para pesquisar as melhores op\u00e7\u00f5es. A consulta [&hellip;]<\/p>\n","protected":false},"author":2,"featured_media":14915,"comment_status":"open","ping_status":"open","sticky":false,"template":"","format":"standard","meta":{"_acf_changed":false,"_monsterinsights_skip_tracking":false,"_monsterinsights_sitenote_active":false,"_monsterinsights_sitenote_note":"","_monsterinsights_sitenote_category":0,"_jetpack_memberships_contains_paid_content":false,"footnotes":"","jetpack_publicize_message":"","jetpack_publicize_feature_enabled":true,"jetpack_social_post_already_shared":true,"jetpack_social_options":{"image_generator_settings":{"template":"highway","default_image_id":0,"font":"","enabled":false},"version":2}},"categories":[14,1],"tags":[],"class_list":["post-14914","post","type-post","status-publish","format-standard","has-post-thumbnail","hentry","category-educacao","category-noticias"],"acf":[],"jetpack_publicize_connections":[],"jetpack_featured_media_url":"https:\/\/i0.wp.com\/blogdoeloiltoncajuhy.com.br\/site\/wp-content\/uploads\/2017\/01\/arquivoalunos1.jpg?fit=580%2C388&ssl=1","jetpack_sharing_enabled":true,"publishpress_future_workflow_manual_trigger":{"enabledWorkflows":[]},"_links":{"self":[{"href":"https:\/\/blogdoeloiltoncajuhy.com.br\/site\/wp-json\/wp\/v2\/posts\/14914","targetHints":{"allow":["GET"]}}],"collection":[{"href":"https:\/\/blogdoeloiltoncajuhy.com.br\/site\/wp-json\/wp\/v2\/posts"}],"about":[{"href":"https:\/\/blogdoeloiltoncajuhy.com.br\/site\/wp-json\/wp\/v2\/types\/post"}],"author":[{"embeddable":true,"href":"https:\/\/blogdoeloiltoncajuhy.com.br\/site\/wp-json\/wp\/v2\/users\/2"}],"replies":[{"embeddable":true,"href":"https:\/\/blogdoeloiltoncajuhy.com.br\/site\/wp-json\/wp\/v2\/comments?post=14914"}],"version-history":[{"count":2,"href":"https:\/\/blogdoeloiltoncajuhy.com.br\/site\/wp-json\/wp\/v2\/posts\/14914\/revisions"}],"predecessor-version":[{"id":14918,"href":"https:\/\/blogdoeloiltoncajuhy.com.br\/site\/wp-json\/wp\/v2\/posts\/14914\/revisions\/14918"}],"wp:featuredmedia":[{"embeddable":true,"href":"https:\/\/blogdoeloiltoncajuhy.com.br\/site\/wp-json\/wp\/v2\/media\/14915"}],"wp:attachment":[{"href":"https:\/\/blogdoeloiltoncajuhy.com.br\/site\/wp-json\/wp\/v2\/media?parent=14914"}],"wp:term":[{"taxonomy":"category","embeddable":true,"href":"https:\/\/blogdoeloiltoncajuhy.com.br\/site\/wp-json\/wp\/v2\/categories?post=14914"},{"taxonomy":"post_tag","embeddable":true,"href":"https:\/\/blogdoeloiltoncajuhy.com.br\/site\/wp-json\/wp\/v2\/tags?post=14914"}],"curies":[{"name":"wp","href":"https:\/\/api.w.org\/{rel}","templated":true}]}}