{"id":14911,"date":"2017-01-22T10:44:06","date_gmt":"2017-01-22T13:44:06","guid":{"rendered":"http:\/\/blogdoeloiltoncajuhy.com.br\/site\/?p=14911"},"modified":"2017-01-22T10:44:06","modified_gmt":"2017-01-22T13:44:06","slug":"morre-estudante-de-medicina-vitima-de-acidente-dias-antes-da-formatura","status":"publish","type":"post","link":"https:\/\/blogdoeloiltoncajuhy.com.br\/site\/morre-estudante-de-medicina-vitima-de-acidente-dias-antes-da-formatura\/","title":{"rendered":"Morre estudante de medicina v\u00edtima de acidente dias antes da formatura"},"content":{"rendered":"<p style=\"text-align: center;\"><em><strong>Fabiana estava no carro com os pais quando o ve\u00edculo bateu de frente com outro carro<\/strong><\/em><\/p>\n<figure id=\"attachment_14912\" aria-describedby=\"caption-attachment-14912\" style=\"width: 300px\" class=\"wp-caption aligncenter\"><a href=\"https:\/\/i0.wp.com\/blogdoeloiltoncajuhy.com.br\/site\/wp-content\/uploads\/2017\/01\/fabiana101.jpg\"><img data-recalc-dims=\"1\" fetchpriority=\"high\" decoding=\"async\" class=\"wp-image-14912 size-full\" src=\"https:\/\/i0.wp.com\/blogdoeloiltoncajuhy.com.br\/site\/wp-content\/uploads\/2017\/01\/fabiana101.jpg?resize=300%2C300\" width=\"300\" height=\"300\" srcset=\"https:\/\/i0.wp.com\/blogdoeloiltoncajuhy.com.br\/site\/wp-content\/uploads\/2017\/01\/fabiana101.jpg?w=300&amp;ssl=1 300w, https:\/\/i0.wp.com\/blogdoeloiltoncajuhy.com.br\/site\/wp-content\/uploads\/2017\/01\/fabiana101.jpg?resize=150%2C150&amp;ssl=1 150w, https:\/\/i0.wp.com\/blogdoeloiltoncajuhy.com.br\/site\/wp-content\/uploads\/2017\/01\/fabiana101.jpg?resize=250%2C250&amp;ssl=1 250w, https:\/\/i0.wp.com\/blogdoeloiltoncajuhy.com.br\/site\/wp-content\/uploads\/2017\/01\/fabiana101.jpg?resize=48%2C48&amp;ssl=1 48w\" sizes=\"(max-width: 300px) 100vw, 300px\" \/><\/a><figcaption id=\"caption-attachment-14912\" class=\"wp-caption-text\">Fabiana n\u00e3o resistiu e morreu na noite deste s\u00e1bado (Foto: Reprodu\u00e7\u00e3o\/Facebook)<\/figcaption><\/figure>\n<p>Morreu na noite deste s\u00e1bado (21) a estudante do curso de Medicina da Universidade Federal do Vale do S\u00e3o Francisco (Univasf) Fabiana Ara\u00fajo Miranda.<\/p>\n<p>Ela estava internada em estado grave no Hospital Universit\u00e1rio Professor Edgard Santos (Hospital das Cl\u00ednicas), em Salvador, mas n\u00e3o resistiu aos ferimentos e morreu por volta das 21h. Ainda n\u00e3o h\u00e1 informa\u00e7\u00f5es sobre seu sepultamento.<\/p>\n<p>Fabiana e sua fam\u00edlia sofreram um grave acidente quando se dirigiam para o local onde seria realizada sua formatura, em Petrolina (PE). Segundo informa\u00e7\u00f5es da Pol\u00edcia Rodovi\u00e1ria Federal (PRF), a batida ocorreu no Km-742 da BR-324, no munic\u00edpio de Tanquinho, no Centro Norte baiano, por volta das 7h de domingo (8). A cerim\u00f4nia estava marcada para quinta-feira (12).<\/p>\n<p>Fabiana estava no carro com os pais quando o ve\u00edculo bateu de frente com outro carro. A m\u00e3e de Fabiana, Helo\u00edsa Miranda de Ara\u00fajo, n\u00e3o resistiu aos ferimentos e morreu no local do acidente.<\/p>\n<p>Na \u00e9poca, a estudante e o pai dela tinham sido internados no Hospital Cl\u00e9riston Andrade, em Feira de Santana, mas no dia 12 Fabiana precisou ser transferida para o Hospital das Cl\u00ednicas, onde n\u00e3o resistiu. O estado de sa\u00fade do pai da estudante n\u00e3o foi divulgado. Pelas redes sociais, familiares e amigos da estudante chegaram a fazer uma campanha de doa\u00e7\u00e3o de sangue.<\/p>\n<p>A Univasf informou que manteve a cerim\u00f4nia, com inclus\u00e3o\u00a0do ato ecum\u00eanico, aula da saudade, baile e cola\u00e7\u00e3o da formatura. No entanto, em respeito ao momento, o &#8216;bailinho tem\u00e1tico&#8217; foi cancelado.<\/p>\n<p><em>*Correio da Bahia<\/em><\/p>\n","protected":false},"excerpt":{"rendered":"<p>Fabiana estava no carro com os pais quando o ve\u00edculo bateu de frente com outro carro Morreu na noite deste s\u00e1bado (21) a estudante do curso de Medicina da Universidade Federal do Vale do S\u00e3o Francisco (Univasf) Fabiana Ara\u00fajo Miranda. Ela estava internada em estado grave no Hospital Universit\u00e1rio Professor Edgard Santos (Hospital das Cl\u00ednicas), [&hellip;]<\/p>\n","protected":false},"author":2,"featured_media":14912,"comment_status":"open","ping_status":"open","sticky":false,"template":"","format":"standard","meta":{"_acf_changed":false,"_monsterinsights_skip_tracking":false,"_monsterinsights_sitenote_active":false,"_monsterinsights_sitenote_note":"","_monsterinsights_sitenote_category":0,"_jetpack_memberships_contains_paid_content":false,"footnotes":"","jetpack_publicize_message":"","jetpack_publicize_feature_enabled":true,"jetpack_social_post_already_shared":true,"jetpack_social_options":{"image_generator_settings":{"template":"highway","default_image_id":0,"font":"","enabled":false},"version":2}},"categories":[5,1],"tags":[],"class_list":["post-14911","post","type-post","status-publish","format-standard","has-post-thumbnail","hentry","category-cotidiano","category-noticias"],"acf":[],"jetpack_publicize_connections":[],"jetpack_featured_media_url":"https:\/\/i0.wp.com\/blogdoeloiltoncajuhy.com.br\/site\/wp-content\/uploads\/2017\/01\/fabiana101.jpg?fit=300%2C300&ssl=1","jetpack_sharing_enabled":true,"publishpress_future_workflow_manual_trigger":{"enabledWorkflows":[]},"_links":{"self":[{"href":"https:\/\/blogdoeloiltoncajuhy.com.br\/site\/wp-json\/wp\/v2\/posts\/14911","targetHints":{"allow":["GET"]}}],"collection":[{"href":"https:\/\/blogdoeloiltoncajuhy.com.br\/site\/wp-json\/wp\/v2\/posts"}],"about":[{"href":"https:\/\/blogdoeloiltoncajuhy.com.br\/site\/wp-json\/wp\/v2\/types\/post"}],"author":[{"embeddable":true,"href":"https:\/\/blogdoeloiltoncajuhy.com.br\/site\/wp-json\/wp\/v2\/users\/2"}],"replies":[{"embeddable":true,"href":"https:\/\/blogdoeloiltoncajuhy.com.br\/site\/wp-json\/wp\/v2\/comments?post=14911"}],"version-history":[{"count":1,"href":"https:\/\/blogdoeloiltoncajuhy.com.br\/site\/wp-json\/wp\/v2\/posts\/14911\/revisions"}],"predecessor-version":[{"id":14913,"href":"https:\/\/blogdoeloiltoncajuhy.com.br\/site\/wp-json\/wp\/v2\/posts\/14911\/revisions\/14913"}],"wp:featuredmedia":[{"embeddable":true,"href":"https:\/\/blogdoeloiltoncajuhy.com.br\/site\/wp-json\/wp\/v2\/media\/14912"}],"wp:attachment":[{"href":"https:\/\/blogdoeloiltoncajuhy.com.br\/site\/wp-json\/wp\/v2\/media?parent=14911"}],"wp:term":[{"taxonomy":"category","embeddable":true,"href":"https:\/\/blogdoeloiltoncajuhy.com.br\/site\/wp-json\/wp\/v2\/categories?post=14911"},{"taxonomy":"post_tag","embeddable":true,"href":"https:\/\/blogdoeloiltoncajuhy.com.br\/site\/wp-json\/wp\/v2\/tags?post=14911"}],"curies":[{"name":"wp","href":"https:\/\/api.w.org\/{rel}","templated":true}]}}