{"id":14905,"date":"2017-01-21T18:58:33","date_gmt":"2017-01-21T21:58:33","guid":{"rendered":"http:\/\/blogdoeloiltoncajuhy.com.br\/site\/?p=14905"},"modified":"2017-01-21T19:00:58","modified_gmt":"2017-01-21T22:00:58","slug":"bonfim-suposto-caso-de-pedofilia-podera-ser-apurado-pela-policia","status":"publish","type":"post","link":"https:\/\/blogdoeloiltoncajuhy.com.br\/site\/bonfim-suposto-caso-de-pedofilia-podera-ser-apurado-pela-policia\/","title":{"rendered":"BONFIM: Suposto caso de pedofilia poder\u00e1 ser apurado pela pol\u00edcia"},"content":{"rendered":"<p><a href=\"https:\/\/i0.wp.com\/blogdoeloiltoncajuhy.com.br\/site\/wp-content\/uploads\/2015\/12\/pol%C3%ADcia.jpg\"><img data-recalc-dims=\"1\" fetchpriority=\"high\" decoding=\"async\" class=\"aligncenter size-full wp-image-6606\" src=\"https:\/\/i0.wp.com\/blogdoeloiltoncajuhy.com.br\/site\/wp-content\/uploads\/2015\/12\/pol%C3%ADcia.jpg?resize=385%2C270\" alt=\"\" width=\"385\" height=\"270\" srcset=\"https:\/\/i0.wp.com\/blogdoeloiltoncajuhy.com.br\/site\/wp-content\/uploads\/2015\/12\/pol%C3%ADcia.jpg?w=385&amp;ssl=1 385w, https:\/\/i0.wp.com\/blogdoeloiltoncajuhy.com.br\/site\/wp-content\/uploads\/2015\/12\/pol%C3%ADcia.jpg?resize=300%2C210&amp;ssl=1 300w, https:\/\/i0.wp.com\/blogdoeloiltoncajuhy.com.br\/site\/wp-content\/uploads\/2015\/12\/pol%C3%ADcia.jpg?resize=250%2C175&amp;ssl=1 250w\" sizes=\"(max-width: 385px) 100vw, 385px\" \/><\/a>A pol\u00edcia de Bonfim dever\u00e1 apurar um suposto caso de pedofilia que envolve <strong>Paulo Herbert de Souza<\/strong>, mais conhecido por <strong>Paulinho<\/strong>.\u00a0Nesta sexta-feira (20), o caso ganhou as redes sociais depois que um membro da fam\u00edlia da suposta v\u00edtima, uma crian\u00e7a de 11 anos, compartilhou imagens do di\u00e1logo entre Paulinho e a menor, atrav\u00e9s do Facebook e do WhatsApp.<\/p>\n<p>Paulinho teria assediado a menor atrav\u00e9s do WhatsApp. Depois de ser bloqueado nesta rede social, ele teria tentado prosseguir com a conversa atrav\u00e9s do Facebook. Uma pessoa da fam\u00edlia da menor, teria observado o di\u00e1logo e amea\u00e7ado o rapaz.<\/p>\n<p>Depois, &#8220;prints&#8221; de parte da conversa se espalhou pelo WhatsApp, se transformando no principal assunto em toda a cidade, nesta sexta-feira. Fotos de Paulo Herbert se dirigindo ao Terminal Rodovi\u00e1rio de Senhor do Bonfim tamb\u00e9m foram compartilhadas afirmando que ele estaria fugindo da cidade. Surgiu at\u00e9 um \u00e1udio informando que ele teria se jogado da Ponte Presidente Dutra entre Juazeiro (BA) e Petrolina (PE), fato desmentido posteriormente.<\/p>\n<p>Neste s\u00e1bado (21), a reportagem do <strong>BLOG DO ELOILTON CAJUHY<\/strong> fez uma s\u00e9rie de contatos em busca de informa\u00e7\u00f5es que possam esclarecer o caso. Fomos informados que a fam\u00edlia da menor prestou queixa no Complexo Policial de Bonfim, nesta sexta-feira (20). O hor\u00e1rio do registro n\u00e3o foi informado. Tamb\u00e9m soubemos que a fam\u00edlia de Paulinho teria contratado um advogado para defend\u00ea-lo.<\/p>\n<figure id=\"attachment_14906\" aria-describedby=\"caption-attachment-14906\" style=\"width: 550px\" class=\"wp-caption aligncenter\"><a href=\"https:\/\/i0.wp.com\/blogdoeloiltoncajuhy.com.br\/site\/wp-content\/uploads\/2017\/01\/paulinho.jpg\"><img data-recalc-dims=\"1\" decoding=\"async\" class=\"wp-image-14906 size-full\" src=\"https:\/\/i0.wp.com\/blogdoeloiltoncajuhy.com.br\/site\/wp-content\/uploads\/2017\/01\/paulinho.jpg?resize=550%2C412\" width=\"550\" height=\"412\" srcset=\"https:\/\/i0.wp.com\/blogdoeloiltoncajuhy.com.br\/site\/wp-content\/uploads\/2017\/01\/paulinho.jpg?w=550&amp;ssl=1 550w, https:\/\/i0.wp.com\/blogdoeloiltoncajuhy.com.br\/site\/wp-content\/uploads\/2017\/01\/paulinho.jpg?resize=300%2C225&amp;ssl=1 300w, https:\/\/i0.wp.com\/blogdoeloiltoncajuhy.com.br\/site\/wp-content\/uploads\/2017\/01\/paulinho.jpg?resize=250%2C187&amp;ssl=1 250w\" sizes=\"(max-width: 550px) 100vw, 550px\" \/><\/a><figcaption id=\"caption-attachment-14906\" class=\"wp-caption-text\">Paulinho est\u00e1 sendo acusado de pedofilia (Reprodu\u00e7\u00e3o Facebook)<\/figcaption><\/figure>\n<p>Paulo Herbert de Souza, o Paulinho, 26 anos, \u00e9 filho de um empres\u00e1rio comercial de Senhor do Bonfim. Sempre sonhou em ser locutor. Nos \u00faltimos meses vinha apresentando os eventos da JS Produ\u00e7\u00f5es e fez est\u00e1gio na R\u00e1dio Rainha FM. Tamb\u00e9m fazia locu\u00e7\u00e3o na R\u00e1dio Comunit\u00e1ria Princesa FM.<\/p>\n<p>Neste s\u00e1bado, ele chegou a publicar um texto em seu perfil no Facebook, agradecendo o apoio da fam\u00edlia e dos amigos e se comprometendo a se apresentar \u00e0s autoridades para esclarecer os fatos. A postagem foi retirada.<\/p>\n<p>Nossa reportagem tentou, mas n\u00e3o conseguiu nenhuma informa\u00e7\u00e3o a respeito da menor que teria sido assediada por Paulinho. O caso ser\u00e1 investigado pela pol\u00edcia de Bonfim.<\/p>\n<p><em><strong>*BLOG DO ELOILTON CAJUHY<\/strong><\/em><\/p>\n","protected":false},"excerpt":{"rendered":"<p>A pol\u00edcia de Bonfim dever\u00e1 apurar um suposto caso de pedofilia que envolve Paulo Herbert de Souza, mais conhecido por Paulinho.\u00a0Nesta sexta-feira (20), o caso ganhou as redes sociais depois que um membro da fam\u00edlia da suposta v\u00edtima, uma crian\u00e7a de 11 anos, compartilhou imagens do di\u00e1logo entre Paulinho e a menor, atrav\u00e9s do Facebook [&hellip;]<\/p>\n","protected":false},"author":2,"featured_media":14906,"comment_status":"open","ping_status":"open","sticky":false,"template":"","format":"standard","meta":{"_acf_changed":false,"_monsterinsights_skip_tracking":false,"_monsterinsights_sitenote_active":false,"_monsterinsights_sitenote_note":"","_monsterinsights_sitenote_category":0,"_jetpack_memberships_contains_paid_content":false,"footnotes":"","jetpack_publicize_message":"","jetpack_publicize_feature_enabled":true,"jetpack_social_post_already_shared":true,"jetpack_social_options":{"image_generator_settings":{"template":"highway","default_image_id":0,"font":"","enabled":false},"version":2}},"categories":[5,1,4],"tags":[],"class_list":["post-14905","post","type-post","status-publish","format-standard","has-post-thumbnail","hentry","category-cotidiano","category-noticias","category-local"],"acf":[],"jetpack_publicize_connections":[],"jetpack_featured_media_url":"https:\/\/i0.wp.com\/blogdoeloiltoncajuhy.com.br\/site\/wp-content\/uploads\/2017\/01\/paulinho.jpg?fit=550%2C412&ssl=1","jetpack_sharing_enabled":true,"publishpress_future_workflow_manual_trigger":{"enabledWorkflows":[]},"_links":{"self":[{"href":"https:\/\/blogdoeloiltoncajuhy.com.br\/site\/wp-json\/wp\/v2\/posts\/14905","targetHints":{"allow":["GET"]}}],"collection":[{"href":"https:\/\/blogdoeloiltoncajuhy.com.br\/site\/wp-json\/wp\/v2\/posts"}],"about":[{"href":"https:\/\/blogdoeloiltoncajuhy.com.br\/site\/wp-json\/wp\/v2\/types\/post"}],"author":[{"embeddable":true,"href":"https:\/\/blogdoeloiltoncajuhy.com.br\/site\/wp-json\/wp\/v2\/users\/2"}],"replies":[{"embeddable":true,"href":"https:\/\/blogdoeloiltoncajuhy.com.br\/site\/wp-json\/wp\/v2\/comments?post=14905"}],"version-history":[{"count":2,"href":"https:\/\/blogdoeloiltoncajuhy.com.br\/site\/wp-json\/wp\/v2\/posts\/14905\/revisions"}],"predecessor-version":[{"id":14908,"href":"https:\/\/blogdoeloiltoncajuhy.com.br\/site\/wp-json\/wp\/v2\/posts\/14905\/revisions\/14908"}],"wp:featuredmedia":[{"embeddable":true,"href":"https:\/\/blogdoeloiltoncajuhy.com.br\/site\/wp-json\/wp\/v2\/media\/14906"}],"wp:attachment":[{"href":"https:\/\/blogdoeloiltoncajuhy.com.br\/site\/wp-json\/wp\/v2\/media?parent=14905"}],"wp:term":[{"taxonomy":"category","embeddable":true,"href":"https:\/\/blogdoeloiltoncajuhy.com.br\/site\/wp-json\/wp\/v2\/categories?post=14905"},{"taxonomy":"post_tag","embeddable":true,"href":"https:\/\/blogdoeloiltoncajuhy.com.br\/site\/wp-json\/wp\/v2\/tags?post=14905"}],"curies":[{"name":"wp","href":"https:\/\/api.w.org\/{rel}","templated":true}]}}