{"id":14896,"date":"2017-01-21T06:37:17","date_gmt":"2017-01-21T09:37:17","guid":{"rendered":"http:\/\/blogdoeloiltoncajuhy.com.br\/site\/?p=14896"},"modified":"2017-01-21T06:37:17","modified_gmt":"2017-01-21T09:37:17","slug":"educacao-matricula-na-rede-estadual-comeca-na-terca-feira-24","status":"publish","type":"post","link":"https:\/\/blogdoeloiltoncajuhy.com.br\/site\/educacao-matricula-na-rede-estadual-comeca-na-terca-feira-24\/","title":{"rendered":"EDUCA\u00c7\u00c3O: Matr\u00edcula na rede estadual come\u00e7a na ter\u00e7a-feira (24)"},"content":{"rendered":"<p><a href=\"https:\/\/i0.wp.com\/blogdoeloiltoncajuhy.com.br\/site\/wp-content\/uploads\/2017\/01\/matriculas-abertas.png\"><img data-recalc-dims=\"1\" fetchpriority=\"high\" decoding=\"async\" class=\"aligncenter size-full wp-image-14897\" src=\"https:\/\/i0.wp.com\/blogdoeloiltoncajuhy.com.br\/site\/wp-content\/uploads\/2017\/01\/matriculas-abertas.png?resize=544%2C372\" alt=\"\" width=\"544\" height=\"372\" srcset=\"https:\/\/i0.wp.com\/blogdoeloiltoncajuhy.com.br\/site\/wp-content\/uploads\/2017\/01\/matriculas-abertas.png?w=544&amp;ssl=1 544w, https:\/\/i0.wp.com\/blogdoeloiltoncajuhy.com.br\/site\/wp-content\/uploads\/2017\/01\/matriculas-abertas.png?resize=300%2C205&amp;ssl=1 300w, https:\/\/i0.wp.com\/blogdoeloiltoncajuhy.com.br\/site\/wp-content\/uploads\/2017\/01\/matriculas-abertas.png?resize=250%2C171&amp;ssl=1 250w\" sizes=\"(max-width: 544px) 100vw, 544px\" \/><\/a>A matr\u00edcula na rede estadual de ensino come\u00e7a na pr\u00f3xima ter\u00e7a-feira (24) e segue at\u00e9 o dia 31 de janeiro. Os estudantes da rede estadual que v\u00e3o mudar de escola e os alunos oriundos das redes municipais de Salvador e de mais 27 cidades poder\u00e3o fazer a matr\u00edcula pela Internet. Para isso, \u00e9 preciso utilizar o c\u00f3digo de matr\u00edcula que receberam nas suas escolas de origem e acessar o <strong><a href=\"http:\/\/www.educacao.ba.gov.br\/\">Portal da Educa\u00e7\u00e3o<\/a><\/strong>.<\/p>\n<p>\u201cEste \u00e9 um momento muito importante para as fam\u00edlias. Por isso estamos fazendo uma convoca\u00e7\u00e3o que todos se dirijam, a partir do dia 24, \u00e0 escola mais pr\u00f3xima para efetuar sua matr\u00edcula. \u00c9 o primeiro momento para que possamos trabalhar ainda mais a rela\u00e7\u00e3o da escola com a comunidade e da escola com a fam\u00edlia. Ent\u00e3o, todos t\u00eam que ter a responsabilidade com o ensino, comparecendo neste per\u00edodo para o processo de matr\u00edcula\u201d, destacou o secret\u00e1rio da Educa\u00e7\u00e3o do Estado, Walter Pinheiro.<\/p>\n<p>De acordo com o cronograma da Secretaria da Educa\u00e7\u00e3o do Estado, o primeiro dia de matr\u00edcula \u00e9 direcionado ao estudante da rede estadual de ensino nas seguintes situa\u00e7\u00f5es: deve mudar de escola porque a atual n\u00e3o oferece a s\u00e9rie subseq\u00fcente; n\u00e3o renovou a matr\u00edcula no per\u00edodo determinado ou mudan\u00e7a de domic\u00edlio. Entre os dias 25 e 26, a matr\u00edcula \u00e9 para os concluintes das s\u00e9ries iniciais e finais do Ensino Fundamental, regularmente matriculados na rede p\u00fablica municipal no ano letivo de 2016, em raz\u00e3o das escolas n\u00e3o oferecerem a s\u00e9rie subsequente.<\/p>\n<p>A matr\u00edcula de novos estudantes que forem cursar qualquer s\u00e9rie do Ensino Fundamental acontece no dia 27 e do Ensino M\u00e9dio e suas modalidades, nos dias 30 e 31 de janeiro, devendo ser realizada presencialmente em qualquer unidade da rede estadual de ensino.<\/p>\n<p><em>*Fonte: Ascom \/ Secretaria da Educa\u00e7\u00e3o do Estado<\/em><\/p>\n","protected":false},"excerpt":{"rendered":"<p>A matr\u00edcula na rede estadual de ensino come\u00e7a na pr\u00f3xima ter\u00e7a-feira (24) e segue at\u00e9 o dia 31 de janeiro. Os estudantes da rede estadual que v\u00e3o mudar de escola e os alunos oriundos das redes municipais de Salvador e de mais 27 cidades poder\u00e3o fazer a matr\u00edcula pela Internet. Para isso, \u00e9 preciso utilizar [&hellip;]<\/p>\n","protected":false},"author":2,"featured_media":14897,"comment_status":"open","ping_status":"open","sticky":false,"template":"","format":"standard","meta":{"_acf_changed":false,"_monsterinsights_skip_tracking":false,"_monsterinsights_sitenote_active":false,"_monsterinsights_sitenote_note":"","_monsterinsights_sitenote_category":0,"_jetpack_memberships_contains_paid_content":false,"footnotes":"","jetpack_publicize_message":"","jetpack_publicize_feature_enabled":true,"jetpack_social_post_already_shared":true,"jetpack_social_options":{"image_generator_settings":{"template":"highway","default_image_id":0,"font":"","enabled":false},"version":2}},"categories":[14,1],"tags":[],"class_list":["post-14896","post","type-post","status-publish","format-standard","has-post-thumbnail","hentry","category-educacao","category-noticias"],"acf":[],"jetpack_publicize_connections":[],"jetpack_featured_media_url":"https:\/\/i0.wp.com\/blogdoeloiltoncajuhy.com.br\/site\/wp-content\/uploads\/2017\/01\/matriculas-abertas.png?fit=544%2C372&ssl=1","jetpack_sharing_enabled":true,"publishpress_future_workflow_manual_trigger":{"enabledWorkflows":[]},"_links":{"self":[{"href":"https:\/\/blogdoeloiltoncajuhy.com.br\/site\/wp-json\/wp\/v2\/posts\/14896","targetHints":{"allow":["GET"]}}],"collection":[{"href":"https:\/\/blogdoeloiltoncajuhy.com.br\/site\/wp-json\/wp\/v2\/posts"}],"about":[{"href":"https:\/\/blogdoeloiltoncajuhy.com.br\/site\/wp-json\/wp\/v2\/types\/post"}],"author":[{"embeddable":true,"href":"https:\/\/blogdoeloiltoncajuhy.com.br\/site\/wp-json\/wp\/v2\/users\/2"}],"replies":[{"embeddable":true,"href":"https:\/\/blogdoeloiltoncajuhy.com.br\/site\/wp-json\/wp\/v2\/comments?post=14896"}],"version-history":[{"count":1,"href":"https:\/\/blogdoeloiltoncajuhy.com.br\/site\/wp-json\/wp\/v2\/posts\/14896\/revisions"}],"predecessor-version":[{"id":14898,"href":"https:\/\/blogdoeloiltoncajuhy.com.br\/site\/wp-json\/wp\/v2\/posts\/14896\/revisions\/14898"}],"wp:featuredmedia":[{"embeddable":true,"href":"https:\/\/blogdoeloiltoncajuhy.com.br\/site\/wp-json\/wp\/v2\/media\/14897"}],"wp:attachment":[{"href":"https:\/\/blogdoeloiltoncajuhy.com.br\/site\/wp-json\/wp\/v2\/media?parent=14896"}],"wp:term":[{"taxonomy":"category","embeddable":true,"href":"https:\/\/blogdoeloiltoncajuhy.com.br\/site\/wp-json\/wp\/v2\/categories?post=14896"},{"taxonomy":"post_tag","embeddable":true,"href":"https:\/\/blogdoeloiltoncajuhy.com.br\/site\/wp-json\/wp\/v2\/tags?post=14896"}],"curies":[{"name":"wp","href":"https:\/\/api.w.org\/{rel}","templated":true}]}}