{"id":14893,"date":"2017-01-21T06:31:55","date_gmt":"2017-01-21T09:31:55","guid":{"rendered":"http:\/\/blogdoeloiltoncajuhy.com.br\/site\/?p=14893"},"modified":"2017-01-21T06:31:55","modified_gmt":"2017-01-21T09:31:55","slug":"politica-reforma-dinamiza-e-motiva-ainda-mais-o-governo-afirma-rui","status":"publish","type":"post","link":"https:\/\/blogdoeloiltoncajuhy.com.br\/site\/politica-reforma-dinamiza-e-motiva-ainda-mais-o-governo-afirma-rui\/","title":{"rendered":"POL\u00cdTICA: Reforma dinamiza e motiva ainda mais o Governo, afirma Rui"},"content":{"rendered":"<p><a href=\"https:\/\/i0.wp.com\/blogdoeloiltoncajuhy.com.br\/site\/wp-content\/uploads\/2016\/10\/rui-3133-e1475842349509.jpeg\"><img data-recalc-dims=\"1\" fetchpriority=\"high\" decoding=\"async\" class=\"aligncenter wp-image-12677 size-full\" src=\"https:\/\/i0.wp.com\/blogdoeloiltoncajuhy.com.br\/site\/wp-content\/uploads\/2016\/10\/rui-3133-e1475842349509.jpeg?resize=500%2C333\" width=\"500\" height=\"333\" \/><\/a>&#8220;Fiz quest\u00e3o de conversar pessoalmente com cada um, falando olho no olho, antes de anunciar as mudan\u00e7as no secretariado. N\u00e3o podia deixar de agradecer a todos\u201d. A afirma\u00e7\u00e3o do governador Rui Costa, feita nos seus perfis oficiais no Facebook e Twitter, justifica o atraso na divulga\u00e7\u00e3o da reforma administrativa, prevista para acontecer na tarde desta sexta-feira (20). &#8220;As mudan\u00e7as v\u00e3o acontecendo de forma muito natural. O objetivo principal \u00e9 dinamizar e melhorar ainda mais a gest\u00e3o p\u00fablica oferecendo \u00e0 popula\u00e7\u00e3o dinamismo nos servi\u00e7os prestados pelo Estado&#8221;, disse Rui, que deixou a Governadoria ap\u00f3s \u00e0s 22h, conforme publica\u00e7\u00e3o nas redes.<\/p>\n<p>\u201cMontamos um grande time, mas \u00e0s vezes as trocas s\u00e3o necess\u00e1rias pois servem como instrumento de motiva\u00e7\u00e3o para todos. Com esta nova equipe vamos continuar trabalhando duro, dia a dia, visando cumprir com os compromissos que assumimos com a Bahia. Avan\u00e7amos muito nestes primeiros dois anos e vamos avan\u00e7ar ainda mais at\u00e9 2018&#8243;, finalizou. Rui disse que para fazer esta reforma, ouviu e conversou muito visando n\u00e3o se precipitar na tomada de decis\u00f5es.<\/p>\n<p>Na Secretaria do Desenvolvimento Econ\u00f4mico (SDE), deixa o cargo Jorge Hereda e assume Jaques Wagner; na Secretaria de Desenvolvimento Urbano (Sedur), deixa o cargo Carlos Martins e assume Fernando Torres; na Secretaria de Ci\u00eancia, Tecnologia e Inova\u00e7\u00e3o (Secti) deixa Manoel Mendon\u00e7a e assume Vivaldo Mendon\u00e7a; na Secretaria do Trabalho, Emprego, Renda e Esporte (Setre), deixa o cargo \u00c1lvaro Gomes e entra Ol\u00edvia Santana, que ser\u00e1 substitu\u00edda na Secretaria de Pol\u00edticas para as Mulheres (SPM) por Julieta Palmeira.<\/p>\n<p>A Secretaria do Meio Ambiente (Sema) tamb\u00e9m ter\u00e1 um novo gestor, que substituir\u00e1 o atual, Eug\u00eanio Spengler, e ter\u00e1 o nome anunciado nos pr\u00f3ximos dias. A Conder, empresa vinculada \u00e0 Sedur, ter\u00e1 um novo presidente: Abal Magalh\u00e3es, que assume o cargo no lugar de Jos\u00e9 L\u00facio Machado. Jorge Hereda, que foi substitu\u00eddo por Jaques Wagner na SDE, assume a BahiaInvest. Todas as altera\u00e7\u00f5es ser\u00e3o publicadas no Di\u00e1rio Oficial do Estado deste s\u00e1bado (21).<\/p>\n<p><em><a href=\"https:\/\/i0.wp.com\/blogdoeloiltoncajuhy.com.br\/site\/wp-content\/uploads\/2017\/01\/novos-secret%C3%A1rios-rui-costa.png\"><img data-recalc-dims=\"1\" decoding=\"async\" class=\"aligncenter size-full wp-image-14894\" src=\"https:\/\/i0.wp.com\/blogdoeloiltoncajuhy.com.br\/site\/wp-content\/uploads\/2017\/01\/novos-secret%C3%A1rios-rui-costa.png?resize=732%2C732\" alt=\"\" width=\"732\" height=\"732\" srcset=\"https:\/\/i0.wp.com\/blogdoeloiltoncajuhy.com.br\/site\/wp-content\/uploads\/2017\/01\/novos-secret%C3%A1rios-rui-costa.png?w=732&amp;ssl=1 732w, https:\/\/i0.wp.com\/blogdoeloiltoncajuhy.com.br\/site\/wp-content\/uploads\/2017\/01\/novos-secret%C3%A1rios-rui-costa.png?resize=150%2C150&amp;ssl=1 150w, https:\/\/i0.wp.com\/blogdoeloiltoncajuhy.com.br\/site\/wp-content\/uploads\/2017\/01\/novos-secret%C3%A1rios-rui-costa.png?resize=300%2C300&amp;ssl=1 300w, https:\/\/i0.wp.com\/blogdoeloiltoncajuhy.com.br\/site\/wp-content\/uploads\/2017\/01\/novos-secret%C3%A1rios-rui-costa.png?resize=250%2C250&amp;ssl=1 250w, https:\/\/i0.wp.com\/blogdoeloiltoncajuhy.com.br\/site\/wp-content\/uploads\/2017\/01\/novos-secret%C3%A1rios-rui-costa.png?resize=48%2C48&amp;ssl=1 48w\" sizes=\"(max-width: 732px) 100vw, 732px\" \/><\/a>*Secom-Ba<\/em><\/p>\n","protected":false},"excerpt":{"rendered":"<p>&#8220;Fiz quest\u00e3o de conversar pessoalmente com cada um, falando olho no olho, antes de anunciar as mudan\u00e7as no secretariado. N\u00e3o podia deixar de agradecer a todos\u201d. A afirma\u00e7\u00e3o do governador Rui Costa, feita nos seus perfis oficiais no Facebook e Twitter, justifica o atraso na divulga\u00e7\u00e3o da reforma administrativa, prevista para acontecer na tarde desta [&hellip;]<\/p>\n","protected":false},"author":2,"featured_media":14894,"comment_status":"open","ping_status":"open","sticky":false,"template":"","format":"standard","meta":{"_acf_changed":false,"_monsterinsights_skip_tracking":false,"_monsterinsights_sitenote_active":false,"_monsterinsights_sitenote_note":"","_monsterinsights_sitenote_category":0,"_jetpack_memberships_contains_paid_content":false,"footnotes":"","jetpack_publicize_message":"","jetpack_publicize_feature_enabled":true,"jetpack_social_post_already_shared":true,"jetpack_social_options":{"image_generator_settings":{"template":"highway","default_image_id":0,"font":"","enabled":false},"version":2}},"categories":[1,3],"tags":[],"class_list":["post-14893","post","type-post","status-publish","format-standard","has-post-thumbnail","hentry","category-noticias","category-politica"],"acf":[],"jetpack_publicize_connections":[],"jetpack_featured_media_url":"https:\/\/i0.wp.com\/blogdoeloiltoncajuhy.com.br\/site\/wp-content\/uploads\/2017\/01\/novos-secret%C3%A1rios-rui-costa.png?fit=732%2C732&ssl=1","jetpack_sharing_enabled":true,"publishpress_future_workflow_manual_trigger":{"enabledWorkflows":[]},"_links":{"self":[{"href":"https:\/\/blogdoeloiltoncajuhy.com.br\/site\/wp-json\/wp\/v2\/posts\/14893","targetHints":{"allow":["GET"]}}],"collection":[{"href":"https:\/\/blogdoeloiltoncajuhy.com.br\/site\/wp-json\/wp\/v2\/posts"}],"about":[{"href":"https:\/\/blogdoeloiltoncajuhy.com.br\/site\/wp-json\/wp\/v2\/types\/post"}],"author":[{"embeddable":true,"href":"https:\/\/blogdoeloiltoncajuhy.com.br\/site\/wp-json\/wp\/v2\/users\/2"}],"replies":[{"embeddable":true,"href":"https:\/\/blogdoeloiltoncajuhy.com.br\/site\/wp-json\/wp\/v2\/comments?post=14893"}],"version-history":[{"count":1,"href":"https:\/\/blogdoeloiltoncajuhy.com.br\/site\/wp-json\/wp\/v2\/posts\/14893\/revisions"}],"predecessor-version":[{"id":14895,"href":"https:\/\/blogdoeloiltoncajuhy.com.br\/site\/wp-json\/wp\/v2\/posts\/14893\/revisions\/14895"}],"wp:featuredmedia":[{"embeddable":true,"href":"https:\/\/blogdoeloiltoncajuhy.com.br\/site\/wp-json\/wp\/v2\/media\/14894"}],"wp:attachment":[{"href":"https:\/\/blogdoeloiltoncajuhy.com.br\/site\/wp-json\/wp\/v2\/media?parent=14893"}],"wp:term":[{"taxonomy":"category","embeddable":true,"href":"https:\/\/blogdoeloiltoncajuhy.com.br\/site\/wp-json\/wp\/v2\/categories?post=14893"},{"taxonomy":"post_tag","embeddable":true,"href":"https:\/\/blogdoeloiltoncajuhy.com.br\/site\/wp-json\/wp\/v2\/tags?post=14893"}],"curies":[{"name":"wp","href":"https:\/\/api.w.org\/{rel}","templated":true}]}}