{"id":14889,"date":"2017-01-20T23:22:04","date_gmt":"2017-01-21T02:22:04","guid":{"rendered":"http:\/\/blogdoeloiltoncajuhy.com.br\/site\/?p=14889"},"modified":"2017-01-20T23:22:04","modified_gmt":"2017-01-21T02:22:04","slug":"bonfim-brasileiro-assina-ordem-de-servico-para-recuperacao-de-pavimentacao-nas-ruas-da-sede-povoados-e-distritos","status":"publish","type":"post","link":"https:\/\/blogdoeloiltoncajuhy.com.br\/site\/bonfim-brasileiro-assina-ordem-de-servico-para-recuperacao-de-pavimentacao-nas-ruas-da-sede-povoados-e-distritos\/","title":{"rendered":"BONFIM: Brasileiro assina ordem de servi\u00e7o para recupera\u00e7\u00e3o de pavimenta\u00e7\u00e3o nas ruas da Sede, Povoados e Distritos"},"content":{"rendered":"<p><a href=\"https:\/\/i0.wp.com\/blogdoeloiltoncajuhy.com.br\/site\/wp-content\/uploads\/2017\/01\/OS-Prefs.jpg\"><img data-recalc-dims=\"1\" fetchpriority=\"high\" decoding=\"async\" class=\"alignleft wp-image-14890 size-medium\" src=\"https:\/\/i0.wp.com\/blogdoeloiltoncajuhy.com.br\/site\/wp-content\/uploads\/2017\/01\/OS-Prefs.jpg?resize=300%2C200\" width=\"300\" height=\"200\" srcset=\"https:\/\/i0.wp.com\/blogdoeloiltoncajuhy.com.br\/site\/wp-content\/uploads\/2017\/01\/OS-Prefs.jpg?resize=300%2C200&amp;ssl=1 300w, https:\/\/i0.wp.com\/blogdoeloiltoncajuhy.com.br\/site\/wp-content\/uploads\/2017\/01\/OS-Prefs.jpg?resize=250%2C167&amp;ssl=1 250w, https:\/\/i0.wp.com\/blogdoeloiltoncajuhy.com.br\/site\/wp-content\/uploads\/2017\/01\/OS-Prefs.jpg?w=640&amp;ssl=1 640w\" sizes=\"(max-width: 300px) 100vw, 300px\" \/><\/a>Seguindo o cronograma de a\u00e7\u00f5es da Prefeitura de Senhor do Bonfim, na manh\u00e3 desta sexta-feira (20), o prefeito Carlos Brasileiro assinou a ordem de servi\u00e7o de 3.250m\u00b2 de pavimenta\u00e7\u00e3o para recupera\u00e7\u00e3o em v\u00e1rias ruas da sede, distritos e povoados do munic\u00edpio. Essa \u00e9 mais uma etapa do Programa \u201cCidade Arrumada, Cidade Feliz\u201d, que est\u00e1 levando servi\u00e7os de podagem, ilumina\u00e7\u00e3o, limpeza e reparos por toda cidade.<\/p>\n<p>\u201cOs Bonfinenses j\u00e1 percebem as mudan\u00e7as realizadas por todo munic\u00edpio. Hoje, aqui nas Ruas Bom Jardim e Engenheiro Buriti, estamos lan\u00e7ando a terceira etapa do Programa Cidade Arrumada, Cidade Feliz. Come\u00e7amos com a limpeza, depois ilumina\u00e7\u00e3o, e agora vamos para a recupera\u00e7\u00e3o de pavimenta\u00e7\u00e3o\u201d, falou o prefeito.<\/p>\n<p>A empresa bonfinense MTN &#8211; Engenharia LTDA de propriedade do engenheiro Manuel Tudela Neto, vencedora da licita\u00e7\u00e3o, ser\u00e1 respons\u00e1vel pela recomposi\u00e7\u00e3o de pavimenta\u00e7\u00e3o em paralelep\u00edpedo gran\u00edtico, com adi\u00e7\u00e3o de pedras, rejuntamento em argamassa, cimento e areia. Inclusive desmonte, preparo de caixa e compacta\u00e7\u00e3o de sub-leito.<\/p>\n<p>O valor licitado foi de R$149.955,00 (cento e quarenta e nove mil novecentos e cinquenta e cinco reais), mas a obra ser\u00e1 realizada por R$ 125.840,00 (cento e vinte cinco mil oitocentos e quarenta reais).<\/p>\n<p>No bairro da Grande Gamboa, onde as obras iniciaram, ser\u00e3o recuperadas as seguintes ruas: Benjamin Constant, Santos Pereira, Oper\u00e1rios da Leste, 7 de Abril, Manoel Novaes, Jos\u00e9 Pacheco, Juvenal Felix, S\u00e3o Jo\u00e3o, Cant\u00eddio Duarte, Coronel Eliodoro, Orlando Prado, Engenheiro Silva Lima, Travessa Vila Nova, Bom Jardim, Vilebaldo Viana, Fernando Jatob\u00e1, Vila Nova e Engenheiro Buriti.<\/p>\n<p>\u200b<a href=\"https:\/\/i0.wp.com\/blogdoeloiltoncajuhy.com.br\/site\/wp-content\/uploads\/2017\/01\/OS-Prefs-2.jpg\"><img data-recalc-dims=\"1\" decoding=\"async\" class=\"alignright wp-image-14891 size-medium\" src=\"https:\/\/i0.wp.com\/blogdoeloiltoncajuhy.com.br\/site\/wp-content\/uploads\/2017\/01\/OS-Prefs-2.jpg?resize=300%2C200\" width=\"300\" height=\"200\" srcset=\"https:\/\/i0.wp.com\/blogdoeloiltoncajuhy.com.br\/site\/wp-content\/uploads\/2017\/01\/OS-Prefs-2.jpg?resize=300%2C200&amp;ssl=1 300w, https:\/\/i0.wp.com\/blogdoeloiltoncajuhy.com.br\/site\/wp-content\/uploads\/2017\/01\/OS-Prefs-2.jpg?resize=250%2C167&amp;ssl=1 250w, https:\/\/i0.wp.com\/blogdoeloiltoncajuhy.com.br\/site\/wp-content\/uploads\/2017\/01\/OS-Prefs-2.jpg?w=640&amp;ssl=1 640w\" sizes=\"(max-width: 300px) 100vw, 300px\" \/><\/a>O Secret\u00e1rio de Infraestrutura e Meio Ambiente, Ivan Barbosa, falou sobre o objetivo do programa Cidade Arrumada, Cidade Feliz: &#8220;A prefeitura, com essa opera\u00e7\u00e3o especial, durante os pr\u00f3ximos anos, tem como objetivo atender todos os bairros da sede, distritos e povoados com a\u00e7\u00f5es de varri\u00e7\u00e3o, troca de l\u00e2mpadas, limpeza de ruas, capina\u00e7\u00e3o, poda de \u00e1rvores e recupera\u00e7\u00e3o de cal\u00e7amentos e cal\u00e7adas&#8221;.<\/p>\n<p>&#8220;\u200bIniciamos aqui, mas j\u00e1 estamos analisando cada local da cidade, observando suas demandas e verificando a intensidade dos problemas\u201d, disse. O cronograma de reparos ser\u00e1 disponibilizado em breve, com os locais espec\u00edficos onde acontecer\u00e3o as pr\u00f3ximas a\u00e7\u00f5es.<\/p>\n<p><em>*Ascom Prefeitura Municipal de Senhor do Bonfim<\/em><\/p>\n","protected":false},"excerpt":{"rendered":"<p>Seguindo o cronograma de a\u00e7\u00f5es da Prefeitura de Senhor do Bonfim, na manh\u00e3 desta sexta-feira (20), o prefeito Carlos Brasileiro assinou a ordem de servi\u00e7o de 3.250m\u00b2 de pavimenta\u00e7\u00e3o para recupera\u00e7\u00e3o em v\u00e1rias ruas da sede, distritos e povoados do munic\u00edpio. Essa \u00e9 mais uma etapa do Programa \u201cCidade Arrumada, Cidade Feliz\u201d, que est\u00e1 levando [&hellip;]<\/p>\n","protected":false},"author":2,"featured_media":14891,"comment_status":"open","ping_status":"open","sticky":false,"template":"","format":"standard","meta":{"_acf_changed":false,"_monsterinsights_skip_tracking":false,"_monsterinsights_sitenote_active":false,"_monsterinsights_sitenote_note":"","_monsterinsights_sitenote_category":0,"_jetpack_memberships_contains_paid_content":false,"footnotes":"","jetpack_publicize_message":"","jetpack_publicize_feature_enabled":true,"jetpack_social_post_already_shared":true,"jetpack_social_options":{"image_generator_settings":{"template":"highway","default_image_id":0,"font":"","enabled":false},"version":2}},"categories":[1,3,4],"tags":[],"class_list":["post-14889","post","type-post","status-publish","format-standard","has-post-thumbnail","hentry","category-noticias","category-politica","category-local"],"acf":[],"jetpack_publicize_connections":[],"jetpack_featured_media_url":"https:\/\/i0.wp.com\/blogdoeloiltoncajuhy.com.br\/site\/wp-content\/uploads\/2017\/01\/OS-Prefs-2.jpg?fit=640%2C427&ssl=1","jetpack_sharing_enabled":true,"publishpress_future_workflow_manual_trigger":{"enabledWorkflows":[]},"_links":{"self":[{"href":"https:\/\/blogdoeloiltoncajuhy.com.br\/site\/wp-json\/wp\/v2\/posts\/14889","targetHints":{"allow":["GET"]}}],"collection":[{"href":"https:\/\/blogdoeloiltoncajuhy.com.br\/site\/wp-json\/wp\/v2\/posts"}],"about":[{"href":"https:\/\/blogdoeloiltoncajuhy.com.br\/site\/wp-json\/wp\/v2\/types\/post"}],"author":[{"embeddable":true,"href":"https:\/\/blogdoeloiltoncajuhy.com.br\/site\/wp-json\/wp\/v2\/users\/2"}],"replies":[{"embeddable":true,"href":"https:\/\/blogdoeloiltoncajuhy.com.br\/site\/wp-json\/wp\/v2\/comments?post=14889"}],"version-history":[{"count":1,"href":"https:\/\/blogdoeloiltoncajuhy.com.br\/site\/wp-json\/wp\/v2\/posts\/14889\/revisions"}],"predecessor-version":[{"id":14892,"href":"https:\/\/blogdoeloiltoncajuhy.com.br\/site\/wp-json\/wp\/v2\/posts\/14889\/revisions\/14892"}],"wp:featuredmedia":[{"embeddable":true,"href":"https:\/\/blogdoeloiltoncajuhy.com.br\/site\/wp-json\/wp\/v2\/media\/14891"}],"wp:attachment":[{"href":"https:\/\/blogdoeloiltoncajuhy.com.br\/site\/wp-json\/wp\/v2\/media?parent=14889"}],"wp:term":[{"taxonomy":"category","embeddable":true,"href":"https:\/\/blogdoeloiltoncajuhy.com.br\/site\/wp-json\/wp\/v2\/categories?post=14889"},{"taxonomy":"post_tag","embeddable":true,"href":"https:\/\/blogdoeloiltoncajuhy.com.br\/site\/wp-json\/wp\/v2\/tags?post=14889"}],"curies":[{"name":"wp","href":"https:\/\/api.w.org\/{rel}","templated":true}]}}