{"id":14883,"date":"2017-01-20T12:30:40","date_gmt":"2017-01-20T15:30:40","guid":{"rendered":"http:\/\/blogdoeloiltoncajuhy.com.br\/site\/?p=14883"},"modified":"2017-01-20T12:30:40","modified_gmt":"2017-01-20T15:30:40","slug":"apos-5-anos-afastado-por-problema-de-saude-netinho-volta-ao-carnaval","status":"publish","type":"post","link":"https:\/\/blogdoeloiltoncajuhy.com.br\/site\/apos-5-anos-afastado-por-problema-de-saude-netinho-volta-ao-carnaval\/","title":{"rendered":"Ap\u00f3s 5 anos afastado por problema de sa\u00fade, Netinho volta ao carnaval"},"content":{"rendered":"<p style=\"text-align: center;\"><em><strong>Retorno ir\u00e1 ocorrer no dia 25 de fevereiro em camarote de Salvador.\u00a0Em 2013, Netinho foi internado com problemas vasculares no abd\u00f4men<\/strong><\/em><\/p>\n<figure id=\"attachment_14885\" aria-describedby=\"caption-attachment-14885\" style=\"width: 480px\" class=\"wp-caption aligncenter\"><a href=\"https:\/\/i0.wp.com\/blogdoeloiltoncajuhy.com.br\/site\/wp-content\/uploads\/2017\/01\/netinho_ipanema_02-e1484926154936.jpg\"><img data-recalc-dims=\"1\" fetchpriority=\"high\" decoding=\"async\" class=\"wp-image-14885 size-full\" src=\"https:\/\/i0.wp.com\/blogdoeloiltoncajuhy.com.br\/site\/wp-content\/uploads\/2017\/01\/netinho_ipanema_02-e1484926154936.jpg?resize=480%2C360\" width=\"480\" height=\"360\" \/><\/a><figcaption id=\"caption-attachment-14885\" class=\"wp-caption-text\">\u00daltimo carnaval que Netinho participou na Bahia foi no ano de 2012 (Foto: Divulga\u00e7\u00e3o)<\/figcaption><\/figure>\n<p style=\"text-align: left;\">Ap\u00f3s cinco anos afastado do carnaval de Salvador, per\u00edodo em que enfrentou uma s\u00e9rie de internamentos para tratar problemas vasculares no abd\u00f4men, o cantor Netinho anunciou que est\u00e1 de volta \u00e0 festa em 2017. O retorno foi anunciado ao G1 nesta sexta-feira (20).<\/p>\n<p style=\"text-align: left;\">O artista ser\u00e1 uma das atra\u00e7\u00f5es do Camarote do Nana e ir\u00e1 apresentar um show completo no s\u00e1bado de carnaval, dia 25 de fevereiro. Por meio de nota, ele falou sobre a felicidade de poder voltar a cantar em Salvador. &#8220;Vai ser massa, vai ser maravilhoso&#8221;, atestou. No mesmo dia, tamb\u00e9m se apresenta no espa\u00e7o a banda &#8220;\u00c9 o Tchan&#8221;.<\/p>\n<p style=\"text-align: left;\">O \u00faltimo show completo de Netinho ocorreu em uma festa de r\u00e9veillon, no clube Monte L\u00edbano, na zona sul do Rio de Janeiro. Em Salvador, ele promete uma apresenta\u00e7\u00e3o com m\u00fasicas cl\u00e1ssicas do ax\u00e9 dos anos 90.<\/p>\n<figure id=\"attachment_14884\" aria-describedby=\"caption-attachment-14884\" style=\"width: 300px\" class=\"wp-caption alignleft\"><a href=\"https:\/\/i0.wp.com\/blogdoeloiltoncajuhy.com.br\/site\/wp-content\/uploads\/2017\/01\/netinho_entrevista.jpg\"><img data-recalc-dims=\"1\" decoding=\"async\" class=\"wp-image-14884 size-full\" src=\"https:\/\/i0.wp.com\/blogdoeloiltoncajuhy.com.br\/site\/wp-content\/uploads\/2017\/01\/netinho_entrevista.jpg?resize=300%2C225\" width=\"300\" height=\"225\" srcset=\"https:\/\/i0.wp.com\/blogdoeloiltoncajuhy.com.br\/site\/wp-content\/uploads\/2017\/01\/netinho_entrevista.jpg?w=300&amp;ssl=1 300w, https:\/\/i0.wp.com\/blogdoeloiltoncajuhy.com.br\/site\/wp-content\/uploads\/2017\/01\/netinho_entrevista.jpg?resize=250%2C188&amp;ssl=1 250w\" sizes=\"(max-width: 300px) 100vw, 300px\" \/><\/a><figcaption id=\"caption-attachment-14884\" class=\"wp-caption-text\">Netinho passou dois anos internado (Foto: Reprodu\u00e7\u00e3o\/TV Bahia)<\/figcaption><\/figure>\n<p style=\"text-align: left;\"><strong>Internamentos<\/strong><\/p>\n<p style=\"text-align: left;\">Netinho foi internado em um hospital de Salvador no dia 24 de abril de 2013. Na ocasi\u00e3o, os m\u00e9dicos que o acompanhavam constataram altera\u00e7\u00f5es no f\u00edgado do cantor. Numa bi\u00f3psia para descobrir as causas, o artista teve uma hemorragia. Ele chegou a enfrentar derrame cerebral.<\/p>\n<p style=\"text-align: left;\">No dia 10 de maio de 2015, ele deu entrada no Hospital S\u00edrio-Liban\u00eas, em S\u00e3o Paulo. O m\u00fasico deixou a unidade de sa\u00fade no dia 21 de agosto do mesmo ano. Ele deixou a capital paulista e chegou a Salvador no dia 8 de outubro, onde continuou com o trabalho de fisioterapia e fonoaudiologia em casa. Ele voltou a ser internado ap\u00f3s epis\u00f3dios de tontura.<\/p>\n<p style=\"text-align: left;\">Durante entrevista em 2015, j\u00e1 na capital baiana, ele disse que estava em processo intenso de recupera\u00e7\u00e3o e disse que suas cordas vocais estavam como as de um beb\u00ea.<\/p>\n<p style=\"text-align: left;\"><em>*G1 BA<\/em><\/p>\n","protected":false},"excerpt":{"rendered":"<p>Retorno ir\u00e1 ocorrer no dia 25 de fevereiro em camarote de Salvador.\u00a0Em 2013, Netinho foi internado com problemas vasculares no abd\u00f4men Ap\u00f3s cinco anos afastado do carnaval de Salvador, per\u00edodo em que enfrentou uma s\u00e9rie de internamentos para tratar problemas vasculares no abd\u00f4men, o cantor Netinho anunciou que est\u00e1 de volta \u00e0 festa em 2017. [&hellip;]<\/p>\n","protected":false},"author":2,"featured_media":14885,"comment_status":"open","ping_status":"open","sticky":false,"template":"","format":"standard","meta":{"_acf_changed":false,"_monsterinsights_skip_tracking":false,"_monsterinsights_sitenote_active":false,"_monsterinsights_sitenote_note":"","_monsterinsights_sitenote_category":0,"_jetpack_memberships_contains_paid_content":false,"footnotes":"","jetpack_publicize_message":"","jetpack_publicize_feature_enabled":true,"jetpack_social_post_already_shared":true,"jetpack_social_options":{"image_generator_settings":{"template":"highway","default_image_id":0,"font":"","enabled":false},"version":2}},"categories":[8,1],"tags":[],"class_list":["post-14883","post","type-post","status-publish","format-standard","has-post-thumbnail","hentry","category-cultura","category-noticias"],"acf":[],"jetpack_publicize_connections":[],"jetpack_featured_media_url":"https:\/\/i0.wp.com\/blogdoeloiltoncajuhy.com.br\/site\/wp-content\/uploads\/2017\/01\/netinho_ipanema_02-e1484926154936.jpg?fit=480%2C360&ssl=1","jetpack_sharing_enabled":true,"publishpress_future_workflow_manual_trigger":{"enabledWorkflows":[]},"_links":{"self":[{"href":"https:\/\/blogdoeloiltoncajuhy.com.br\/site\/wp-json\/wp\/v2\/posts\/14883","targetHints":{"allow":["GET"]}}],"collection":[{"href":"https:\/\/blogdoeloiltoncajuhy.com.br\/site\/wp-json\/wp\/v2\/posts"}],"about":[{"href":"https:\/\/blogdoeloiltoncajuhy.com.br\/site\/wp-json\/wp\/v2\/types\/post"}],"author":[{"embeddable":true,"href":"https:\/\/blogdoeloiltoncajuhy.com.br\/site\/wp-json\/wp\/v2\/users\/2"}],"replies":[{"embeddable":true,"href":"https:\/\/blogdoeloiltoncajuhy.com.br\/site\/wp-json\/wp\/v2\/comments?post=14883"}],"version-history":[{"count":1,"href":"https:\/\/blogdoeloiltoncajuhy.com.br\/site\/wp-json\/wp\/v2\/posts\/14883\/revisions"}],"predecessor-version":[{"id":14886,"href":"https:\/\/blogdoeloiltoncajuhy.com.br\/site\/wp-json\/wp\/v2\/posts\/14883\/revisions\/14886"}],"wp:featuredmedia":[{"embeddable":true,"href":"https:\/\/blogdoeloiltoncajuhy.com.br\/site\/wp-json\/wp\/v2\/media\/14885"}],"wp:attachment":[{"href":"https:\/\/blogdoeloiltoncajuhy.com.br\/site\/wp-json\/wp\/v2\/media?parent=14883"}],"wp:term":[{"taxonomy":"category","embeddable":true,"href":"https:\/\/blogdoeloiltoncajuhy.com.br\/site\/wp-json\/wp\/v2\/categories?post=14883"},{"taxonomy":"post_tag","embeddable":true,"href":"https:\/\/blogdoeloiltoncajuhy.com.br\/site\/wp-json\/wp\/v2\/tags?post=14883"}],"curies":[{"name":"wp","href":"https:\/\/api.w.org\/{rel}","templated":true}]}}